{"id":173377,"date":"2025-06-13T12:43:16","date_gmt":"2025-06-13T12:43:16","guid":{"rendered":"https:\/\/www.europesays.com\/fr\/173377\/"},"modified":"2025-06-13T12:43:16","modified_gmt":"2025-06-13T12:43:16","slug":"cest-termine-pour-le-shop-hardware-fr-ldlc-met-brutalement-fin-a-laventure","status":"publish","type":"post","link":"https:\/\/www.europesays.com\/fr\/173377\/","title":{"rendered":"C&rsquo;est termin\u00e9 pour le shop hardware.fr, LDLC met brutalement fin \u00e0 l&rsquo;aventure"},"content":{"rendered":"<p class=\"ed__a-p ed__bdy__l\">Les temps sont durs pour les distributeurs informatiques en France. C&rsquo;est aussi le cas pour l&rsquo;ogre LDLC, qui a d\u00e9voil\u00e9 ses derniers r\u00e9sultats ce 11 juin. La teneur de ces derniers incite le groupe lyonnais \u00e0 mettre un terme \u00e0 l&rsquo;un de ses pans, \u00e0 savoir la boutique hardware.fr, qui annonce sa fin impr\u00e9vue sur son site web et par email aupr\u00e8s de ses clients.<\/p>\n<p>        Publicit\u00e9, votre contenu continue ci-dessous<\/p>\n<p>Une aventure de presque neuf ans qui se termine<\/p>\n<p class=\"ed__a-p ed__bdy__l\">Lanc\u00e9 en 2016 pour tenter de profiter de l&rsquo;aura du site d&rsquo;information (qui s&rsquo;arr\u00eatera d&rsquo;ailleurs en 2018) et forum hardware.fr, le shop hardware.fr profitait d&rsquo;une mutualisation des moyens avec sa maison m\u00e8re LDLC pour vendre des composants informatiques. Rappelons que cette derni\u00e8re est propri\u00e9taire depuis l&rsquo;\u00e9t\u00e9 2024 de Rue du Commerce.<\/p>\n<p class=\"ed__a-p ed__bdy__l\">Pour les clients r\u00e9cents de hardware.fr, le message d&rsquo;adieu pr\u00e9cise : \u00ab\u00a0Si vous avez d\u00e9j\u00e0 pass\u00e9 commande, pas d\u2019inqui\u00e9tudes ! Les commandes en cours seront trait\u00e9es et votre espace personnel est accessible jusqu\u2019\u00e0 fin juillet afin de vous permettre de voir l\u2019\u00e9volution de votre commande et de r\u00e9cup\u00e9rer vos factures.\u00a0\u00bb<\/p>\n<p class=\"ed__a-p ed__bdy__l\">De plus, le service client restera accessible par t\u00e9l\u00e9phone et par email. Pour de futurs achats, il faudra donc d\u00e9sormais passer par le site de LDLC.<\/p>\n<p>De mauvais r\u00e9sultats pour LDLC<\/p>\n<p class=\"ed__a-p ed__bdy__l\">Comme relay\u00e9 par nos confr\u00e8res de <a href=\"https:\/\/next.ink\/188121\/ldlc-publie-des-resultats-en-baisse-et-ferme-la-boutique-hardware-fr\/\" target=\"_blank\" rel=\"nofollow noopener\">Next<\/a>, cette d\u00e9cision intervient apr\u00e8s l&rsquo;annonce de mauvais r\u00e9sultats pour LDLC. Son chiffre d&rsquo;affaires est en baisse de 6,5% sur son exercice 2024-2025 clos au 31 mars 2025.<\/p>\n<p class=\"ed__a-p ed__bdy__l\">\u00ab\u00a0Durant cette p\u00e9riode, nous avons mis en \u0153uvre des actions portant notamment sur des mesures organisationnelles et de rationalisation afin de faire face au repli significatif des activit\u00e9s du Groupe et ainsi renforcer notre r\u00e9silience face \u00e0 l\u2019\u00e9tat du march\u00e9\u00a0\u00bb, d\u00e9clare Olivier de la Clergerie, directeur g\u00e9n\u00e9ral du Groupe LDLC. Cette fameuse \u00ab\u00a0rationalisation\u00a0\u00bb doit donc notamment concerner hardware.fr, dont les r\u00e9sultats n&rsquo;ont pas \u00e9t\u00e9 pr\u00e9cis\u00e9s.<\/p>\n<p class=\"ed__a-p ed__bdy__l\">Le rachat de Rue du Commerce a sans aucun doute jou\u00e9 dans la balance, tandis que la vente de mat\u00e9riel aux particuliers, y compris via ses autres enseignes que sont TopAchat et Materiel.net, est en recul de 3,6 %, \u00e0 378,3 millions d&rsquo;euros. La vente aux professionnelles elle recule encore davantage, de 13 %, pour atteindre 144,3 millions d&rsquo;euros. L&rsquo;inflation et la hausse des prix n&rsquo;est pas \u00e9trang\u00e8re \u00e0 ces r\u00e9sultats, tandis que LDLC lan\u00e7ait en mars dernier deux plans de sauvegarde de l&#8217;emploi qui pr\u00e9voyaient 88 suppressions de postes. Le groupe demeure cependant optimiste pour le \u00ab\u00a0prochain cycle de croissance\u00a0\u00bb et esp\u00e8re un \u00ab\u00a0retour \u00e0 des niveaux de rentabilit\u00e9 normatifs.\u00a0\u00bb<\/p>\n","protected":false},"excerpt":{"rendered":"Les temps sont durs pour les distributeurs informatiques en France. C&rsquo;est aussi le cas pour l&rsquo;ogre LDLC, qui&hellip;\n","protected":false},"author":2,"featured_media":173378,"comment_status":"","ping_status":"","sticky":false,"template":"","format":"standard","meta":{"footnotes":""},"categories":[7],"tags":[1011,27,43,40,41,39,42,44],"class_list":{"0":"post-173377","1":"post","2":"type-post","3":"status-publish","4":"format-standard","5":"has-post-thumbnail","7":"category-sciences-et-technologies","8":"tag-fr","9":"tag-france","10":"tag-science","11":"tag-science-and-technology","12":"tag-sciences","13":"tag-sciences-et-technologies","14":"tag-technologies","15":"tag-technology"},"share_on_mastodon":{"url":"https:\/\/pubeurope.com\/@fr\/114676118553344892","error":""},"_links":{"self":[{"href":"https:\/\/www.europesays.com\/fr\/wp-json\/wp\/v2\/posts\/173377","targetHints":{"allow":["GET"]}}],"collection":[{"href":"https:\/\/www.europesays.com\/fr\/wp-json\/wp\/v2\/posts"}],"about":[{"href":"https:\/\/www.europesays.com\/fr\/wp-json\/wp\/v2\/types\/post"}],"author":[{"embeddable":true,"href":"https:\/\/www.europesays.com\/fr\/wp-json\/wp\/v2\/users\/2"}],"replies":[{"embeddable":true,"href":"https:\/\/www.europesays.com\/fr\/wp-json\/wp\/v2\/comments?post=173377"}],"version-history":[{"count":0,"href":"https:\/\/www.europesays.com\/fr\/wp-json\/wp\/v2\/posts\/173377\/revisions"}],"wp:featuredmedia":[{"embeddable":true,"href":"https:\/\/www.europesays.com\/fr\/wp-json\/wp\/v2\/media\/173378"}],"wp:attachment":[{"href":"https:\/\/www.europesays.com\/fr\/wp-json\/wp\/v2\/media?parent=173377"}],"wp:term":[{"taxonomy":"category","embeddable":true,"href":"https:\/\/www.europesays.com\/fr\/wp-json\/wp\/v2\/categories?post=173377"},{"taxonomy":"post_tag","embeddable":true,"href":"https:\/\/www.europesays.com\/fr\/wp-json\/wp\/v2\/tags?post=173377"}],"curies":[{"name":"wp","href":"https:\/\/api.w.org\/{rel}","templated":true}]}}