{"id":173379,"date":"2025-06-13T12:44:09","date_gmt":"2025-06-13T12:44:09","guid":{"rendered":"https:\/\/www.europesays.com\/fr\/173379\/"},"modified":"2025-06-13T12:44:09","modified_gmt":"2025-06-13T12:44:09","slug":"nora-preziosi-limogee-de-la-presidence-de-13-habitat","status":"publish","type":"post","link":"https:\/\/www.europesays.com\/fr\/173379\/","title":{"rendered":"Nora Preziosi, limog\u00e9e de la pr\u00e9sidence de 13 Habitat"},"content":{"rendered":"<p>Les mots sont choisis. Apr\u00e8s <a href=\"https:\/\/www.laprovence.com\/article\/region\/43518060542452\/info-la-provence-conflits-dinterets-marches-publics-confies-a-des-proches-le-rapport-qui-accable-13-habitat-premier-bailleur-social-des-bouches-du-rhone\" target=\"_blank\" rel=\"nofollow noopener\">les r\u00e9v\u00e9lations de La Provence sur le rapport explosif<\/a> du gendarme du logement social sur la gestion de 13 Habitat, le D\u00e9partement fait savoir, ce vendredi 13 juin, dans un communiqu\u00e9 que la gouvernance du premier bailleur social des Bouches-du-Rh\u00f4ne sera renouvel\u00e9e \u00e0 la prochaine commission permanente. Comprendre, <a href=\"https:\/\/www.laprovence.com\/article\/politique\/1904852792560614\/rapport-accablant-sur-13-habitat-sa-presidente-nora-preziosi-a-assume-octroyer-des-faveurs-a-sa-famille\" target=\"_blank\" rel=\"nofollow noopener\">sa pr\u00e9sidente Nora Preziosi<\/a>, point\u00e9e par les inspecteurs de l&rsquo;Ancols (Agence nationale de contr\u00f4le du logement social) pour de lourds conflits d&rsquo;int\u00e9r\u00eats, est \u00e9cart\u00e9e de l&rsquo;office.<\/p>\n<p>Selon des sources concordantes, la conseill\u00e8re d\u00e9partementale a \u00e9t\u00e9 convoqu\u00e9e ce vendredi matin au si\u00e8ge du Conseil d\u00e9partemental pour s&rsquo;expliquer sur les faits \u00e9tablis par les auteurs du rapport.\u00a0\u00a0<\/p>\n<p>Prochaine commission permanente, le 27 juin prochain<\/p>\n<p>\u00ab\u00a0Suite aux recommandations et observations soulev\u00e9es par le rapport de l&rsquo;Agence Nationale de contr\u00f4le du logement social, le D\u00e9partement des Bouches-du-Rh\u00f4ne r\u00e9affirme sa volont\u00e9 de donner \u00e0 13 Habitat une trajectoire plus sereine, dit le communiqu\u00e9.\u00a0Deux mesures imm\u00e9diates ont \u00e9t\u00e9 prises : la transmission des faits relat\u00e9s au service de justice au travers d&rsquo;Article 40 et le renouvellement de la gouvernance de l&rsquo;Office\u00a0\u00bb. Le renouvellement du conseil d&rsquo;administration sera propos\u00e9 au vote de la prochaine commission permanente, le 27 juin prochain.\u00a0<\/p>\n<p>\u00ab\u00a0Il appartiendra \u00e0 cet organe renouvel\u00e9 d&rsquo;\u00e9lire un nouvel ex\u00e9cutif et de nommer une nouvelle direction g\u00e9n\u00e9rale.\u00a0Le D\u00e9partement des Bouches-du-Rh\u00f4ne est particuli\u00e8rement vigilant au respect des objectifs fix\u00e9s et accompagnera 13 Habitat dans cette nouvelle dynamique.\u00a0La confiance des locataires et des partenaires institutionnels est la condition sine qua non pour que le bailleur social redevienne un acteur majeur et respect\u00e9 des politiques de l&rsquo;habitat dans les Bouches-du-Rh\u00f4ne et au niveau des politiques nationales telles que l&rsquo;ANRU\u00a0\u00bb, conclut le communiqu\u00e9.<\/p>\n","protected":false},"excerpt":{"rendered":"Les mots sont choisis. Apr\u00e8s les r\u00e9v\u00e9lations de La Provence sur le rapport explosif du gendarme du logement&hellip;\n","protected":false},"author":2,"featured_media":173380,"comment_status":"","ping_status":"","sticky":false,"template":"","format":"standard","meta":{"footnotes":""},"categories":[6],"tags":[17,35,30852,33,34,1011,27,4250,16264,316,3227,16265],"class_list":{"0":"post-173379","1":"post","2":"type-post","3":"status-publish","4":"format-standard","5":"has-post-thumbnail","7":"category-economie","8":"tag-17","9":"tag-business","10":"tag-ecartee","11":"tag-economie","12":"tag-economy","13":"tag-fr","14":"tag-france","15":"tag-habitat","16":"tag-nora","17":"tag-politique","18":"tag-presidence","19":"tag-preziosi"},"share_on_mastodon":{"url":"https:\/\/pubeurope.com\/@fr\/114676122695369881","error":""},"_links":{"self":[{"href":"https:\/\/www.europesays.com\/fr\/wp-json\/wp\/v2\/posts\/173379","targetHints":{"allow":["GET"]}}],"collection":[{"href":"https:\/\/www.europesays.com\/fr\/wp-json\/wp\/v2\/posts"}],"about":[{"href":"https:\/\/www.europesays.com\/fr\/wp-json\/wp\/v2\/types\/post"}],"author":[{"embeddable":true,"href":"https:\/\/www.europesays.com\/fr\/wp-json\/wp\/v2\/users\/2"}],"replies":[{"embeddable":true,"href":"https:\/\/www.europesays.com\/fr\/wp-json\/wp\/v2\/comments?post=173379"}],"version-history":[{"count":0,"href":"https:\/\/www.europesays.com\/fr\/wp-json\/wp\/v2\/posts\/173379\/revisions"}],"wp:featuredmedia":[{"embeddable":true,"href":"https:\/\/www.europesays.com\/fr\/wp-json\/wp\/v2\/media\/173380"}],"wp:attachment":[{"href":"https:\/\/www.europesays.com\/fr\/wp-json\/wp\/v2\/media?parent=173379"}],"wp:term":[{"taxonomy":"category","embeddable":true,"href":"https:\/\/www.europesays.com\/fr\/wp-json\/wp\/v2\/categories?post=173379"},{"taxonomy":"post_tag","embeddable":true,"href":"https:\/\/www.europesays.com\/fr\/wp-json\/wp\/v2\/tags?post=173379"}],"curies":[{"name":"wp","href":"https:\/\/api.w.org\/{rel}","templated":true}]}}