{"id":173381,"date":"2025-06-13T12:45:09","date_gmt":"2025-06-13T12:45:09","guid":{"rendered":"https:\/\/www.europesays.com\/fr\/173381\/"},"modified":"2025-06-13T12:45:09","modified_gmt":"2025-06-13T12:45:09","slug":"ce-couple-de-britanniques-a-poste-une-video-juste-avant-dembarquer","status":"publish","type":"post","link":"https:\/\/www.europesays.com\/fr\/173381\/","title":{"rendered":"Ce couple de Britanniques a post\u00e9 une vid\u00e9o juste avant d\u2019embarquer"},"content":{"rendered":"<p>Une vid\u00e9o qui fait froid dans le dos quand on conna\u00eet la suite de l\u2019histoire.\u00a0Selon plusieurs m\u00e9dias britanniques, comme <a href=\"https:\/\/www.independent.co.uk\/news\/uk\/home-news\/british-couple-fiongal-greenlaw-wellness-foundry-air-india-b2769331.html\" target=\"_blank\" class=\"color-ultramarine c-link\" rel=\"noopener\">The Independent<\/a>, un couple de <a href=\"https:\/\/www.20minutes.fr\/dossier\/angleterre\" class=\"color-ultramarine c-link\" target=\"_blank\" rel=\"noopener\">Britanniques<\/a> a post\u00e9 une vid\u00e9o sur les r\u00e9seaux sociaux juste avant d\u2019embarquer\u00a0\u00e0 bord du vol 171 d\u2019Air India, <a href=\"https:\/\/www.20minutes.fr\/monde\/4158137-20250612-inde-avion-air-india-devant-relier-londres-ecrase-plus-200-passagers-bord\" class=\"color-ultramarine c-link\" target=\"_blank\" rel=\"noopener\">qui s\u2019est \u00e9cras\u00e9\u00a0jeudi\u00a0\u00e0 Ahmedabad<\/a>, au nord-ouest de l\u2019<a href=\"https:\/\/www.20minutes.fr\/publicommunique\/indeed\/\" class=\"color-ultramarine c-link\" target=\"_blank\" rel=\"noopener\">Inde<\/a>.<\/p>\n<p>Ils l\u2019ont tourn\u00e9e depuis l\u2019a\u00e9roport et l\u2019ont post\u00e9e\u00a0sur le compte Instagram de leur entreprise de bien-\u00eatre. \u00ab\u00a0Nous embarquons, au revoir l\u2019Inde\u00a0!\u00a0\u00bb, lance\u00a0Fiongal Greenlaw-Meek, tandis que son mari, Jamie, plaisante sur la longueur du vol\u00a0qui aurait d\u00fb durer dix heures. \u00ab\u00a0Je rentre heureux, heureux, heureux et serein\u00a0\u00bb, assure le Britannique, tout sourire, \u00e0 la fin de la vid\u00e9o.<\/p>\n<blockquote class=\"twitter-tweet\" align=\"center\" data-lang=\"fr_FR\">\n<p lang=\"en\" dir=\"ltr\">\ud83d\udea8 Jamie Ray Meek, a British citizen listed as a passenger on Air India Flight 171, reportedly shared a final Instagram Story shortly before takeoff.<\/p>\n<p>He appears on the official manifest under GBR 149261531. A video believed to be his last post.<a href=\"https:\/\/twitter.com\/hashtag\/India?src=hash&amp;ref_src=twsrc%5Etfw\" target=\"_blank\" rel=\"noopener\">#India<\/a> <a href=\"https:\/\/twitter.com\/hashtag\/Crash?src=hash&amp;ref_src=twsrc%5Etfw\" target=\"_blank\" rel=\"noopener\">#Crash<\/a> <a href=\"https:\/\/twitter.com\/hashtag\/Ahmedabad?src=hash&amp;ref_src=twsrc%5Etfw\" target=\"_blank\" rel=\"noopener\">#Ahmedabad<\/a> <a href=\"https:\/\/twitter.com\/hashtag\/Boeing?src=hash&amp;ref_src=twsrc%5Etfw\" target=\"_blank\" rel=\"noopener\">#Boeing<\/a>\u2026 <a href=\"https:\/\/t.co\/KmSpz9iOi9\">pic.twitter.com\/KmSpz9iOi9<\/a><\/p>\n<p>\u2014 the Pulse (@thePulseGlobal) <a href=\"https:\/\/twitter.com\/thePulseGlobal\/status\/1933104323401060455?ref_src=twsrc%5Etfw\" target=\"_blank\" rel=\"noopener\">June 12, 2025<\/a><\/p><\/blockquote>\n<p class=\"mb-m@xs text-l@xs\">En cliquant sur\u00ab J\u2019accepte \u00bb, vous acceptez le d\u00e9p\u00f4t de cookies par des services externes et aurez ainsi acc\u00e8s aux contenus de nos partenaires.<\/p>\n<p class=\"mb-xl@xs text-s@xs\">Plus d\u2019informations sur la page<a href=\"https:\/\/www.20minutes.fr\/gestion-cookies\" class=\"mx-xxs@xs color-ultramarine\" target=\"_blank\" rel=\"noopener\">Politique de gestion des cookies<\/a><\/p>\n<p>J\u2019accepteUne retraite bien-\u00eatre de dix jours<\/p>\n<p>Originaire de Londres, le couple devait rentrer chez lui apr\u00e8s une retraite bien-\u00eatre de dix\u00a0jours. Jamie \u00e9tait attendu par son fr\u00e8re, qui s\u2019est confi\u00e9 dans les colonnes de nos confr\u00e8res. \u00ab\u00a0Nous l\u2019attendions \u00e0 la maison ce soir.\u00a0Il aurait d\u00fb atterrir \u00e0 18h30, puis prendre la route vers 23\u00a0heures pour aller chercher son chien qui est chez notre m\u00e8re\u00a0\u00bb, raconte-t-il.<\/p>\n<p>Dans une vid\u00e9o publi\u00e9e mardi, les Britanniques avaient \u00e9voqu\u00e9 leur projet de poster un vlog sur leur s\u00e9jour\u00a0en Inde. \u00ab\u00a0Nous avons vraiment v\u00e9cu un voyage extraordinaire, et en passant notre derni\u00e8re nuit ici, dans cet h\u00f4tel exceptionnel, nous avons d\u00e9gust\u00e9 un d\u00e9licieux thali. C\u2019\u00e9tait la conclusion id\u00e9ale du voyage\u00a0\u00bb, a d\u00e9clar\u00e9 Jamie.<\/p>\n<\/p>\n<p>Selon les derni\u00e8res d\u00e9clarations des autorit\u00e9s locales, le crash a fait <a href=\"https:\/\/www.20minutes.fr\/monde\/4158147-20250612-direct-crash-boeing-787-inde-242-passagers-bord-nombreux-britanniques\" class=\"color-ultramarine c-link\" target=\"_blank\" rel=\"noopener\">au moins 265 morts\u00a0dont\u00a024 au sol<\/a>.\u00a0Un <a href=\"https:\/\/www.20minutes.fr\/monde\/angleterre\/4158253-20250612-crash-boeing-787-inde-sait-passager-miracule-vishwash-kumar-ramesh-siege-11a\" class=\"color-ultramarine c-link\" target=\"_blank\" rel=\"noopener\">seul passager a surv\u00e9cu<\/a> et est actuellement soign\u00e9 \u00e0 l\u2019h\u00f4pital. Des enqu\u00eateurs britanniques et am\u00e9ricains vont se rendre sur place pour aider aux investigations. Le groupe Tata, propri\u00e9taire d\u2019Air India, a indiqu\u00e9 pr\u00e9voir 110\u00a0millions d\u2019euros d\u2019indemnisation\u00a0pour les proches \u00ab\u00a0de chaque personne qui a perdu la vie dans cette trag\u00e9die\u00a0\u00bb.<\/p>\n<p><script async src=\"https:\/\/platform.twitter.com\/widgets.js\" charset=\"utf-8\"><\/script><\/p>\n","protected":false},"excerpt":{"rendered":"Une vid\u00e9o qui fait froid dans le dos quand on conna\u00eet la suite de l\u2019histoire.\u00a0Selon plusieurs m\u00e9dias britanniques,&hellip;\n","protected":false},"author":2,"featured_media":173382,"comment_status":"","ping_status":"","sticky":false,"template":"","format":"standard","meta":{"footnotes":""},"categories":[5],"tags":[10996,47,11,4708,4098,1011,27,5595,14,74,12,28],"class_list":{"0":"post-173381","1":"post","2":"type-post","3":"status-publish","4":"format-standard","5":"has-post-thumbnail","7":"category-international","8":"tag-accident-davion","9":"tag-actualite","10":"tag-actualites","11":"tag-angleterre","12":"tag-crash","13":"tag-fr","14":"tag-france","15":"tag-inde","16":"tag-international","17":"tag-monde","18":"tag-news","19":"tag-world"},"share_on_mastodon":{"url":"https:\/\/pubeurope.com\/@fr\/114676126433129466","error":""},"_links":{"self":[{"href":"https:\/\/www.europesays.com\/fr\/wp-json\/wp\/v2\/posts\/173381","targetHints":{"allow":["GET"]}}],"collection":[{"href":"https:\/\/www.europesays.com\/fr\/wp-json\/wp\/v2\/posts"}],"about":[{"href":"https:\/\/www.europesays.com\/fr\/wp-json\/wp\/v2\/types\/post"}],"author":[{"embeddable":true,"href":"https:\/\/www.europesays.com\/fr\/wp-json\/wp\/v2\/users\/2"}],"replies":[{"embeddable":true,"href":"https:\/\/www.europesays.com\/fr\/wp-json\/wp\/v2\/comments?post=173381"}],"version-history":[{"count":0,"href":"https:\/\/www.europesays.com\/fr\/wp-json\/wp\/v2\/posts\/173381\/revisions"}],"wp:featuredmedia":[{"embeddable":true,"href":"https:\/\/www.europesays.com\/fr\/wp-json\/wp\/v2\/media\/173382"}],"wp:attachment":[{"href":"https:\/\/www.europesays.com\/fr\/wp-json\/wp\/v2\/media?parent=173381"}],"wp:term":[{"taxonomy":"category","embeddable":true,"href":"https:\/\/www.europesays.com\/fr\/wp-json\/wp\/v2\/categories?post=173381"},{"taxonomy":"post_tag","embeddable":true,"href":"https:\/\/www.europesays.com\/fr\/wp-json\/wp\/v2\/tags?post=173381"}],"curies":[{"name":"wp","href":"https:\/\/api.w.org\/{rel}","templated":true}]}}