{"id":173386,"date":"2025-06-13T12:48:09","date_gmt":"2025-06-13T12:48:09","guid":{"rendered":"https:\/\/www.europesays.com\/fr\/173386\/"},"modified":"2025-06-13T12:48:09","modified_gmt":"2025-06-13T12:48:09","slug":"pres-de-saint-etienne-un-homme-tir-a-larme-a-feu-deux-ecoles-confines-des-gendarmes-partout","status":"publish","type":"post","link":"https:\/\/www.europesays.com\/fr\/173386\/","title":{"rendered":"Pr\u00e8s de Saint-Etienne. Un homme tir \u00e0 l&rsquo;arme \u00e0 feu, deux \u00e9coles confin\u00e9s : des gendarmes partout"},"content":{"rendered":"<p>            Par<br \/>\n        <strong><br \/>\n            <a href=\"https:\/\/actu.fr\/auteur\/mathias-souteyrat\" title=\"Consulter tous les articles de Mathias Souteyrat\" target=\"_blank\" rel=\"noopener\">Mathias Souteyrat<\/a><br \/>\n        <\/strong><\/p>\n<p>        Publi\u00e9 le<\/p>\n<p>            13 juin 2025 \u00e0 14h24        <\/p>\n<p>\u00ab\u2009Quelqu\u2019un sait pourquoi il y a autant de voitures de gendarmes qui tournent vers les \u00e9coles\u2009? \u00c0 12h, j\u2019en ai vu au moins neuf.\u2009\u00bb Les habitants de <a href=\"https:\/\/actu.fr\/auvergne-rhone-alpes\/veauche_42323\" target=\"_blank\" rel=\"noopener\">Veauche<\/a>, pr\u00e8s de <a href=\"https:\/\/actu.fr\/saint-etienne\/\" target=\"_blank\" rel=\"noopener\">Saint-Etienne<\/a>, se posent des questions ce vendredi 13 juin 2025, \u00e0 la vue d\u2019un <strong>important dispositif de gendarmes<\/strong> dans les rues.<\/p>\n<p class=\" wall-content\">Vers 9 heures, de nombreuses rues, comme celle de la Croix Born, ont \u00e9t\u00e9 bloqu\u00e9es par des militaires en gilet pare-balles et arme au poing. On sait ce qu\u2019il s\u2019est pass\u00e9.<\/p>\n<p>Un t\u00e9moin voit un homme tirer en l\u2019air<\/p>\n<p class=\" wall-content\">Un homme a \u00e9t\u00e9 aper\u00e7u, \u00e0 pied, arme \u00e0 la main, en train de tirer un coup de feu en l\u2019air dans la ville. Personne n\u2019a \u00e9t\u00e9 vis\u00e9e, ni bless\u00e9e.<\/p>\n<p>    <a href=\"https:\/\/www.google.com\/maps\/embed?pb=!1m18!1m12!1m3!1d22347.501588440264!2d4.269439659928898!3d45.561635995890846!2m3!1f0!2f0!3f0!3m2!1i1024!2i768!4f13.1!3m3!1m2!1s0x47f44c5105ba7d41%3A0x861f5f707c7b28ef!2s42340%20Veauche!5e0!3m2!1sfr!2sfr!4v1749817182858!5m2!1sfr!2sfr\" title=\"Ouvrie le lien\" target=\"_blank\" rel=\"noopener\">Cliquez ici pour visualiser le contenu<\/a><\/p>\n<p class=\" wall-content\">Un t\u00e9moin a pr\u00e9venu les gendarmes. Le suspect, qui semble-t-il, revenait de faire ses courses vers chez lui, n\u2019a pas encore \u00e9t\u00e9 clairement identifi\u00e9, nous informe une source proche de l\u2019enqu\u00eate.<\/p>\n<p>Vid\u00e9os : en ce moment sur ActuUne cartouche retrouv\u00e9e<\/p>\n<p class=\" wall-content\">Une cartouche \u00e0 blanc de 9 mm a \u00e9t\u00e9 d\u00e9couverte par les enqu\u00eateurs. Les gendarmes ont quadrill\u00e9 le secteur, font du porte-\u00e0-porte, photo \u00e0 la main, pour tenter de le retrouver. L\u2019exploitation des vid\u00e9osurveillances pourrait permettre \u00e0 d\u00e9masquer le tireur.<\/p>\n<p class=\" wall-content\">Par mesure de s\u00e9curit\u00e9, deux \u00e9coles ont \u00e9t\u00e9 confin\u00e9es. Il a depuis \u00e9t\u00e9 lev\u00e9.<\/p>\n<p class=\" wall-content\">Suivez toute l\u2019actualit\u00e9 de vos villes et m\u00e9dias favoris en vous inscrivant \u00e0 <a href=\"https:\/\/moncompte.actu.fr\" title=\"D\u00e9couvez Mon Actu\" rel=\"nofollow noopener\" data-trk=\"{&quot;cta&quot;:{&quot;action&quot;:&quot;https:\\\/\\\/moncompte.actu.fr&quot;,&quot;category&quot;:&quot;mon compte&quot;,&quot;from&quot;:&quot;article footer&quot;,&quot;name&quot;:&quot;Mon actu&quot;,&quot;type&quot;:&quot;cta&quot;}}\" target=\"_blank\">Mon Actu<\/a>.<\/p>\n","protected":false},"excerpt":{"rendered":"Par Mathias Souteyrat Publi\u00e9 le 13 juin 2025 \u00e0 14h24 \u00ab\u2009Quelqu\u2019un sait pourquoi il y a autant de&hellip;\n","protected":false},"author":2,"featured_media":173387,"comment_status":"","ping_status":"","sticky":false,"template":"","format":"standard","meta":{"footnotes":""},"categories":[9653],"tags":[1111,11,2430,4019,1777,674,118,1011,27,3381,12,25,4001],"class_list":{"0":"post-173386","1":"post","2":"type-post","3":"status-publish","4":"format-standard","5":"has-post-thumbnail","7":"category-saint-etienne","8":"tag-actu","9":"tag-actualites","10":"tag-auvergne-rhone-alpes","11":"tag-ecoles","12":"tag-eu","13":"tag-europe","14":"tag-faits-divers","15":"tag-fr","16":"tag-france","17":"tag-gendarmerie","18":"tag-news","19":"tag-republique-francaise","20":"tag-saint-etienne"},"share_on_mastodon":{"url":"https:\/\/pubeurope.com\/@fr\/114676138206292056","error":""},"_links":{"self":[{"href":"https:\/\/www.europesays.com\/fr\/wp-json\/wp\/v2\/posts\/173386","targetHints":{"allow":["GET"]}}],"collection":[{"href":"https:\/\/www.europesays.com\/fr\/wp-json\/wp\/v2\/posts"}],"about":[{"href":"https:\/\/www.europesays.com\/fr\/wp-json\/wp\/v2\/types\/post"}],"author":[{"embeddable":true,"href":"https:\/\/www.europesays.com\/fr\/wp-json\/wp\/v2\/users\/2"}],"replies":[{"embeddable":true,"href":"https:\/\/www.europesays.com\/fr\/wp-json\/wp\/v2\/comments?post=173386"}],"version-history":[{"count":0,"href":"https:\/\/www.europesays.com\/fr\/wp-json\/wp\/v2\/posts\/173386\/revisions"}],"wp:featuredmedia":[{"embeddable":true,"href":"https:\/\/www.europesays.com\/fr\/wp-json\/wp\/v2\/media\/173387"}],"wp:attachment":[{"href":"https:\/\/www.europesays.com\/fr\/wp-json\/wp\/v2\/media?parent=173386"}],"wp:term":[{"taxonomy":"category","embeddable":true,"href":"https:\/\/www.europesays.com\/fr\/wp-json\/wp\/v2\/categories?post=173386"},{"taxonomy":"post_tag","embeddable":true,"href":"https:\/\/www.europesays.com\/fr\/wp-json\/wp\/v2\/tags?post=173386"}],"curies":[{"name":"wp","href":"https:\/\/api.w.org\/{rel}","templated":true}]}}