{"id":173390,"date":"2025-06-13T12:50:10","date_gmt":"2025-06-13T12:50:10","guid":{"rendered":"https:\/\/www.europesays.com\/fr\/173390\/"},"modified":"2025-06-13T12:50:10","modified_gmt":"2025-06-13T12:50:10","slug":"lautoroute-a31-coupee-entre-nancy-et-metz-ce-week-end-de-fortes-perturbations-attendues","status":"publish","type":"post","link":"https:\/\/www.europesays.com\/fr\/173390\/","title":{"rendered":"L&rsquo;autoroute A31 coup\u00e9e entre Nancy et Metz ce week-end : de fortes perturbations attendues"},"content":{"rendered":"<p>            Par<br \/>\n        <strong><br \/>\n            <a href=\"https:\/\/actu.fr\/auteur\/pierre-emile-bouchy-actu-fr\" title=\"Consulter tous les articles de Paul-Emile Bouchy\" target=\"_blank\" rel=\"noopener\">Paul-Emile Bouchy<\/a><br \/>\n        <\/strong><\/p>\n<p>        Publi\u00e9 le<\/p>\n<p>            13 juin 2025 \u00e0 14h47        <\/p>\n<p>Les automobilistes lorrains commencent \u00e0 en avoir l\u2019habitude. Comme <a href=\"https:\/\/actu.fr\/grand-est\/belleville_54060\/l-a31-fermee-a-la-circulation-durant-deux-week-ends-en-juin-ce-qu-il-faut-savoir_62556528.html\" target=\"_blank\" rel=\"noopener\">annonc\u00e9 en avril dernier<\/a>, l\u2019<a href=\"https:\/\/actu.fr\/tag\/autoroute-31-a31\" target=\"_blank\" rel=\"noopener\">autoroute A31<\/a> va \u00eatre <strong>coup\u00e9e une nouvelle fois pendant une partie du week-end entre Nancy et Metz<\/strong> au niveau du <a href=\"https:\/\/actu.fr\/grand-est\/autreville-sur-moselle_54031\/travaux-sur-l-a31-l-autoroute-coupee-plusieurs-fois-a-la-circulation-jusqu-au-printemps-2025_60435092.html\" target=\"_blank\" rel=\"noopener\">viaduc d\u2019Autreville<\/a>.<\/p>\n<p class=\" wall-content\">Voici quand l\u2019autoroute sera ferm\u00e9e \u00e0 la circulation et les d\u00e9viations pr\u00e9vues.<\/p>\n<p>L\u2019A31 coup\u00e9e durant les deux prochains week-ends du mois de juin<\/p>\n<p class=\" wall-content\">D\u00e9but\u00e9s en 2021, les travaux sur le viaduc d\u2019Autreville devraient se terminer durant cet \u00e9t\u00e9. Ainsi, pour poursuivre le chantier, une <strong>fermeture totale de la circulation, pendant 34 heures<\/strong>, aura lieu durant les prochains week-ends\u2009:<\/p>\n<ul class=\" wall-content\">\n<li><strong>du samedi 14\u00a0juin \u00e0 20h jusqu\u2019au lundi 16\u00a0juin \u00e0 6h<\/strong><\/li>\n<li><strong>du samedi 21\u00a0juin \u00e0 20h jusqu\u2019au lundi 23\u00a0juin \u00e0 6h<\/strong>.<\/li>\n<\/ul>\n<p>Des d\u00e9viations mises en place pour les automobilistes<\/p>\n<p class=\" wall-content\">La DIR Est pr\u00e9cise que <strong>des d\u00e9viations seront mises en place sur le r\u00e9seau secondaire<\/strong>, comme indiqu\u00e9 dans le document ci-dessous\u2009:<\/p>\n<p>Vid\u00e9os : en ce moment sur Actu<br \/>\n    <img   decoding=\"async\" loading=\"lazy\" src=\"https:\/\/www.europesays.com\/fr\/wp-content\/uploads\/2025\/06\/deviation-viaduc-autreville-juin-travaux-960x640.jpg\" alt=\"Durant les travaux au mois de juin sur le viaduc d'Autreville, les automobilistes devront emprunter des d\u00e9viations sur l'A31.\" width=\"960\" height=\"640\"\/><br \/>\n    Durant les travaux au mois de juin sur le viaduc d\u2019Autreville, les automobilistes devront emprunter des d\u00e9viations sur l\u2019A31. (\u00a9DIR EST)<\/p>\n<p class=\" wall-content\">En cas d\u2019intemp\u00e9ries ou de probl\u00e8mes techniques, une coupure similaire pourrait avoir lieu durant le week-end du 28 et 29 juin.<\/p>\n<p class=\" wall-content\">Suivez toute l\u2019actualit\u00e9 de vos villes et m\u00e9dias favoris en vous inscrivant \u00e0 <a href=\"https:\/\/moncompte.actu.fr\" title=\"D\u00e9couvez Mon Actu\" rel=\"nofollow noopener\" data-trk=\"{&quot;cta&quot;:{&quot;action&quot;:&quot;https:\\\/\\\/moncompte.actu.fr&quot;,&quot;category&quot;:&quot;mon compte&quot;,&quot;from&quot;:&quot;article footer&quot;,&quot;name&quot;:&quot;Mon actu&quot;,&quot;type&quot;:&quot;cta&quot;}}\" target=\"_blank\">Mon Actu<\/a>.<\/p>\n","protected":false},"excerpt":{"rendered":"Par Paul-Emile Bouchy Publi\u00e9 le 13 juin 2025 \u00e0 14h47 Les automobilistes lorrains commencent \u00e0 en avoir l\u2019habitude.&hellip;\n","protected":false},"author":2,"featured_media":173391,"comment_status":"","ping_status":"","sticky":false,"template":"","format":"standard","meta":{"footnotes":""},"categories":[9635],"tags":[1111,11,13404,3542,1777,674,1011,27,775,1702,12,25,104,2086],"class_list":{"0":"post-173390","1":"post","2":"type-post","3":"status-publish","4":"format-standard","5":"has-post-thumbnail","7":"category-nancy","8":"tag-actu","9":"tag-actualites","10":"tag-autoroute-31-a31","11":"tag-circulation","12":"tag-eu","13":"tag-europe","14":"tag-fr","15":"tag-france","16":"tag-grand-est","17":"tag-nancy","18":"tag-news","19":"tag-republique-francaise","20":"tag-societe","21":"tag-travaux"},"share_on_mastodon":{"url":"https:\/\/pubeurope.com\/@fr\/114676146090359551","error":""},"_links":{"self":[{"href":"https:\/\/www.europesays.com\/fr\/wp-json\/wp\/v2\/posts\/173390","targetHints":{"allow":["GET"]}}],"collection":[{"href":"https:\/\/www.europesays.com\/fr\/wp-json\/wp\/v2\/posts"}],"about":[{"href":"https:\/\/www.europesays.com\/fr\/wp-json\/wp\/v2\/types\/post"}],"author":[{"embeddable":true,"href":"https:\/\/www.europesays.com\/fr\/wp-json\/wp\/v2\/users\/2"}],"replies":[{"embeddable":true,"href":"https:\/\/www.europesays.com\/fr\/wp-json\/wp\/v2\/comments?post=173390"}],"version-history":[{"count":0,"href":"https:\/\/www.europesays.com\/fr\/wp-json\/wp\/v2\/posts\/173390\/revisions"}],"wp:featuredmedia":[{"embeddable":true,"href":"https:\/\/www.europesays.com\/fr\/wp-json\/wp\/v2\/media\/173391"}],"wp:attachment":[{"href":"https:\/\/www.europesays.com\/fr\/wp-json\/wp\/v2\/media?parent=173390"}],"wp:term":[{"taxonomy":"category","embeddable":true,"href":"https:\/\/www.europesays.com\/fr\/wp-json\/wp\/v2\/categories?post=173390"},{"taxonomy":"post_tag","embeddable":true,"href":"https:\/\/www.europesays.com\/fr\/wp-json\/wp\/v2\/tags?post=173390"}],"curies":[{"name":"wp","href":"https:\/\/api.w.org\/{rel}","templated":true}]}}