{"id":173393,"date":"2025-06-13T12:52:10","date_gmt":"2025-06-13T12:52:10","guid":{"rendered":"https:\/\/www.europesays.com\/fr\/173393\/"},"modified":"2025-06-13T12:52:10","modified_gmt":"2025-06-13T12:52:10","slug":"au-service-de-la-paroisse-du-beausset-depuis-50-ans-rene-frigerio-a-ete-distingue-par-le-departement","status":"publish","type":"post","link":"https:\/\/www.europesays.com\/fr\/173393\/","title":{"rendered":"Au service de la paroisse du Beausset depuis 50 ans, Ren\u00e9 Frig\u00e9rio a \u00e9t\u00e9 distingu\u00e9 par le D\u00e9partement"},"content":{"rendered":"<p>Il est le d\u00e9vouement incarn\u00e9&#8230; <strong>Au Beausset<\/strong>, qui ne conna\u00eet pas le populaire <strong>Ren\u00e9 Frig\u00e9rio<\/strong>? <strong>Au service de la paroisse depuis cinquante ans<\/strong>, cet infatigable b\u00e9n\u00e9vole appartient depuis toujours \u00e0 <strong>l\u2019association des Amis du Beausset Vieux<\/strong> (170 adh\u00e9rents) qui \u0153uvre au quotidien pour pr\u00e9server, entretenir et promouvoir ce sanctuaire embl\u00e9matique class\u00e9 \u00e0 l\u2019inventaire des Monuments historiques depuis le 20 f\u00e9vrier 1970.<\/p>\n<p>Lundi dernier, \u00e0 l\u2019issue du p\u00e8lerinage de Pentec\u00f4te, <strong>Andr\u00e9e Samat<\/strong>, vice-pr\u00e9sidente du conseil d\u00e9partemental, a d\u00e9cern\u00e9 <strong>la m\u00e9daille d\u2019honneur du D\u00e9partement<\/strong> \u00e0 ce paroissien exemplaire. L\u2019\u00e9v\u00e9nement a eu lieu dans une ambiance empreinte d\u2019\u00e9motion, en pr\u00e9sence du maire \u00c9douard Friedler, du p\u00e8re David, cur\u00e9 de la paroisse et pr\u00e9sident de l\u2019association, auxquels s\u2019\u00e9taient joints de nombreux soci\u00e9taires, proches et parents qui n\u2019ont pas m\u00e9nag\u00e9 leurs applaudissements.<\/p>\n<p>L\u2019int\u00e9ress\u00e9 a tenu \u00e0 rappeler \u00ab\u00a0l\u2019importance de ce site ancestral cher au c\u0153ur des Beaussetans\u00a0\u00bb avant de saluer la m\u00e9moire de ceux qui, en 1961, dans le sillage du cur\u00e9 Lucien Baud, s\u2019\u00e9taient mobilis\u00e9s pour sauver de la ruine cette p\u00e9pite du patrimoine municipal et proven\u00e7al. De nos jours, d\u2019ailleurs, sous l\u2019impulsion des responsables de l\u2019association, notamment Maurice Oul\u00e8s et Philippe Moncoiff\u00e9, cette g\u00e9n\u00e9reuse action de pr\u00e9servation se prolonge et se p\u00e9rennise.<\/p>\n<p>Un ap\u00e9ritif a conclu cette manifestation devant le panorama \u00e0 couper le souffle qui entoure le site et sa chapelle du XIIe si\u00e8cle. Tous nos compliments \u00e0 Ren\u00e9 Frig\u00e9rio!<\/p>\n","protected":false},"excerpt":{"rendered":"Il est le d\u00e9vouement incarn\u00e9&#8230; Au Beausset, qui ne conna\u00eet pas le populaire Ren\u00e9 Frig\u00e9rio? Au service de&hellip;\n","protected":false},"author":2,"featured_media":173394,"comment_status":"","ping_status":"","sticky":false,"template":"","format":"standard","meta":{"footnotes":""},"categories":[9619],"tags":[1111,11,1777,674,1011,27,12,882,25,2310,3366],"class_list":{"0":"post-173393","1":"post","2":"type-post","3":"status-publish","4":"format-standard","5":"has-post-thumbnail","7":"category-toulon","8":"tag-actu","9":"tag-actualites","10":"tag-eu","11":"tag-europe","12":"tag-fr","13":"tag-france","14":"tag-news","15":"tag-provence-alpes-cote-dazur","16":"tag-republique-francaise","17":"tag-toulon","18":"tag-vie-locale"},"share_on_mastodon":{"url":"https:\/\/pubeurope.com\/@fr\/114676154645594719","error":""},"_links":{"self":[{"href":"https:\/\/www.europesays.com\/fr\/wp-json\/wp\/v2\/posts\/173393","targetHints":{"allow":["GET"]}}],"collection":[{"href":"https:\/\/www.europesays.com\/fr\/wp-json\/wp\/v2\/posts"}],"about":[{"href":"https:\/\/www.europesays.com\/fr\/wp-json\/wp\/v2\/types\/post"}],"author":[{"embeddable":true,"href":"https:\/\/www.europesays.com\/fr\/wp-json\/wp\/v2\/users\/2"}],"replies":[{"embeddable":true,"href":"https:\/\/www.europesays.com\/fr\/wp-json\/wp\/v2\/comments?post=173393"}],"version-history":[{"count":0,"href":"https:\/\/www.europesays.com\/fr\/wp-json\/wp\/v2\/posts\/173393\/revisions"}],"wp:featuredmedia":[{"embeddable":true,"href":"https:\/\/www.europesays.com\/fr\/wp-json\/wp\/v2\/media\/173394"}],"wp:attachment":[{"href":"https:\/\/www.europesays.com\/fr\/wp-json\/wp\/v2\/media?parent=173393"}],"wp:term":[{"taxonomy":"category","embeddable":true,"href":"https:\/\/www.europesays.com\/fr\/wp-json\/wp\/v2\/categories?post=173393"},{"taxonomy":"post_tag","embeddable":true,"href":"https:\/\/www.europesays.com\/fr\/wp-json\/wp\/v2\/tags?post=173393"}],"curies":[{"name":"wp","href":"https:\/\/api.w.org\/{rel}","templated":true}]}}