{"id":173399,"date":"2025-06-13T12:55:10","date_gmt":"2025-06-13T12:55:10","guid":{"rendered":"https:\/\/www.europesays.com\/fr\/173399\/"},"modified":"2025-06-13T12:55:10","modified_gmt":"2025-06-13T12:55:10","slug":"un-homme-tue-dune-balle-en-plein-coeur-decouvert-par-un-passant","status":"publish","type":"post","link":"https:\/\/www.europesays.com\/fr\/173399\/","title":{"rendered":"Un homme tu\u00e9 d\u2019une balle en plein c\u0153ur d\u00e9couvert par un passant"},"content":{"rendered":"<p><strong>Homicide &#8211; Un homme d\u2019environ 25-30 ans a \u00e9t\u00e9 retrouv\u00e9 mort par balle dans le quartier des Aiguerelles \u00e0 Montpellier dans la nuit de jeudi \u00e0 vendredi. La victime pr\u00e9sentait \u00ab deux plaies saignantes \u00bb et n\u2019avait pas de documents d\u2019identit\u00e9 sur elle<\/strong><\/p>\n<p>C\u2019est un passant qui a fait la macabre d\u00e9couverte dans la nuit de jeudi \u00e0 vendredi. Un homme gisait au sol, tu\u00e9 par balles, dans le quartier des Aiguerelles \u00e0 <a href=\"https:\/\/www.20minutes.fr\/montpellier\/?at_medium=RSS%20feed&amp;at_campaign=ynews&amp;utm_source=yahoo&amp;utm_medium=rss&amp;utm_campaign=news_feed&amp;utm_content=in_article_link\" rel=\"nofollow noopener\" target=\"_blank\" data-ylk=\"slk:Montpellier;elm:context_link;itc:0;sec:content-canvas\" class=\"link \">Montpellier<\/a> (<a href=\"https:\/\/www.20minutes.fr\/societe\/herault\/?at_medium=RSS%20feed&amp;at_campaign=ynews&amp;utm_source=yahoo&amp;utm_medium=rss&amp;utm_campaign=news_feed&amp;utm_content=in_article_link\" rel=\"nofollow noopener\" target=\"_blank\" data-ylk=\"slk:H\u00e9rault;elm:context_link;itc:0;sec:content-canvas\" class=\"link \">H\u00e9rault<\/a>), situ\u00e9 non loin de l\u2019h\u00f4tel de ville.<\/p>\n<p>L\u2019homme pr\u00e9sentait deux plaies saignantes. L\u2019une pr\u00e8s du c\u0153ur et l\u2019autre dans la jambe, juste au-dessus du genou. A l\u2019arriv\u00e9e des <a href=\"https:\/\/www.20minutes.fr\/dossier\/pompiers?at_medium=RSS%20feed&amp;at_campaign=ynews&amp;utm_source=yahoo&amp;utm_medium=rss&amp;utm_campaign=news_feed&amp;utm_content=in_article_link\" rel=\"nofollow noopener\" target=\"_blank\" data-ylk=\"slk:pompiers;elm:context_link;itc:0;sec:content-canvas\" class=\"link \">pompiers<\/a>, il \u00e9tait d\u00e9j\u00e0 d\u00e9c\u00e9d\u00e9 depuis au moins une demi-heure.<\/p>\n<p>La victime en cours d\u2019identification<\/p>\n<p>La victime n\u2019avait pas de documents permettant son identification. Elle \u00e9tait \u00e2g\u00e9e entre 25 et 30 ans. Les enqu\u00eateurs du service interd\u00e9partemental de la police judiciaire ont \u00e9t\u00e9 saisis de l\u2019enqu\u00eate.<\/p>\n<p>Selon les premiers t\u00e9moignages, les riverains n\u2019ont pas entendu de d\u00e9tonation, ce qui pourrait signifier que la victime a \u00e9t\u00e9 abattue ailleurs, avant d\u2019\u00eatre abandonn\u00e9e \u00e0 cet endroit.<\/p>\n<p><a href=\"https:\/\/www.20minutes.fr\/faits_divers\/faits-divers-montpellier\/4158372-20250613-montpellier-homme-tue-balle-plein-ur-decouvert-passant?at_medium=RSS%20feed&amp;at_campaign=ynews&amp;utm_source=yahoo&amp;utm_medium=rss&amp;utm_campaign=news_feed&amp;utm_content=read_more_link\" rel=\"nofollow noopener\" target=\"_blank\" data-ylk=\"slk:Lire la suite sur 20minutes;elm:context_link;itc:0;sec:content-canvas\" class=\"link \">Lire la suite sur 20minutes<\/a><\/p>\n<p>\u00c0 lire aussi :<br \/><a href=\"https:\/\/www.20minutes.fr\/faits_divers\/4158076-20250612-montpellier-pere-volontairement-jete-enfant-fenetre?at_medium=RSS%20feed&amp;at_campaign=ynews&amp;utm_source=yahoo&amp;utm_medium=rss&amp;utm_campaign=news_feed&amp;utm_content=related_content_link\" rel=\"nofollow noopener\" target=\"_blank\" data-ylk=\"slk:Montpellier : Le p\u00e8re aurait volontairement jet\u00e9 son enfant par la fen\u00eatre;elm:context_link;itc:0;sec:content-canvas\" class=\"link \">Montpellier : Le p\u00e8re aurait volontairement jet\u00e9 son enfant par la fen\u00eatre<\/a><br \/><a href=\"https:\/\/www.20minutes.fr\/faits_divers\/4157365-20250606-gard-corps-femme-decouvert-pres-nimes-piste-criminelle-privilegiee?at_medium=RSS%20feed&amp;at_campaign=ynews&amp;utm_source=yahoo&amp;utm_medium=rss&amp;utm_campaign=news_feed&amp;utm_content=related_content_link\" rel=\"nofollow noopener\" target=\"_blank\" data-ylk=\"slk:Gard : Le corps d\u2019une femme d\u00e9couvert pr\u00e8s de N\u00eemes, la piste criminelle privil\u00e9gi\u00e9e;elm:context_link;itc:0;sec:content-canvas\" class=\"link \">Gard : Le corps d\u2019une femme d\u00e9couvert pr\u00e8s de N\u00eemes, la piste criminelle privil\u00e9gi\u00e9e<\/a><\/p>\n","protected":false},"excerpt":{"rendered":"Homicide &#8211; Un homme d\u2019environ 25-30 ans a \u00e9t\u00e9 retrouv\u00e9 mort par balle dans le quartier des Aiguerelles&hellip;\n","protected":false},"author":2,"featured_media":173400,"comment_status":"","ping_status":"","sticky":false,"template":"","format":"standard","meta":{"footnotes":""},"categories":[9599],"tags":[1111,11,6195,1777,674,1011,27,4933,18250,2208,12,2680,25],"class_list":{"0":"post-173399","1":"post","2":"type-post","3":"status-publish","4":"format-standard","5":"has-post-thumbnail","7":"category-montpellier","8":"tag-actu","9":"tag-actualites","10":"tag-balle","11":"tag-eu","12":"tag-europe","13":"tag-fr","14":"tag-france","15":"tag-homme","16":"tag-le-quartier","17":"tag-montpellier","18":"tag-news","19":"tag-occitanie","20":"tag-republique-francaise"},"share_on_mastodon":{"url":"https:\/\/pubeurope.com\/@fr\/114676165761426657","error":""},"_links":{"self":[{"href":"https:\/\/www.europesays.com\/fr\/wp-json\/wp\/v2\/posts\/173399","targetHints":{"allow":["GET"]}}],"collection":[{"href":"https:\/\/www.europesays.com\/fr\/wp-json\/wp\/v2\/posts"}],"about":[{"href":"https:\/\/www.europesays.com\/fr\/wp-json\/wp\/v2\/types\/post"}],"author":[{"embeddable":true,"href":"https:\/\/www.europesays.com\/fr\/wp-json\/wp\/v2\/users\/2"}],"replies":[{"embeddable":true,"href":"https:\/\/www.europesays.com\/fr\/wp-json\/wp\/v2\/comments?post=173399"}],"version-history":[{"count":0,"href":"https:\/\/www.europesays.com\/fr\/wp-json\/wp\/v2\/posts\/173399\/revisions"}],"wp:featuredmedia":[{"embeddable":true,"href":"https:\/\/www.europesays.com\/fr\/wp-json\/wp\/v2\/media\/173400"}],"wp:attachment":[{"href":"https:\/\/www.europesays.com\/fr\/wp-json\/wp\/v2\/media?parent=173399"}],"wp:term":[{"taxonomy":"category","embeddable":true,"href":"https:\/\/www.europesays.com\/fr\/wp-json\/wp\/v2\/categories?post=173399"},{"taxonomy":"post_tag","embeddable":true,"href":"https:\/\/www.europesays.com\/fr\/wp-json\/wp\/v2\/tags?post=173399"}],"curies":[{"name":"wp","href":"https:\/\/api.w.org\/{rel}","templated":true}]}}