{"id":173409,"date":"2025-06-13T13:00:18","date_gmt":"2025-06-13T13:00:18","guid":{"rendered":"https:\/\/www.europesays.com\/fr\/173409\/"},"modified":"2025-06-13T13:00:18","modified_gmt":"2025-06-13T13:00:18","slug":"dernieres-balades-ce-samedi-sous-le-parking-vilaine-avant-sa-fermeture","status":"publish","type":"post","link":"https:\/\/www.europesays.com\/fr\/173409\/","title":{"rendered":"derni\u00e8res balades ce samedi sous le parking Vilaine, avant sa fermeture"},"content":{"rendered":"<p>            Par<br \/>\n        <strong><br \/>\n            <a href=\"https:\/\/actu.fr\/auteur\/laurene-fertin\" title=\"Consulter tous les articles de Laur\u00e8ne Fertin\" rel=\"nofollow noopener\" target=\"_blank\">Laur\u00e8ne Fertin<\/a><br \/>\n        <\/strong><\/p>\n<p>        Publi\u00e9 le<\/p>\n<p>            13 juin 2025 \u00e0 14h13        <\/p>\n<p><strong>La 5\u1d49 \u00e9dition<\/strong> de Rennes \u00e0 la pagaie s\u2019ouvre <strong>ce samedi 14\u00a0juin 2025<\/strong>. Port\u00e9 par le Comit\u00e9 d\u00e9partemental de la F\u00e9d\u00e9ration Fran\u00e7aise de Cano\u00eb-Kayak et Sports de Pagaie, l\u2019\u00e9v\u00e9nement permet collectivement ou individuellement de (re)d\u00e9couvrir la capitale bretonne <strong>en cano\u00eb-kayak<\/strong>, <strong>dragon boat<\/strong> (bateau collectif) ou encore <strong>en pirogue<\/strong>.<\/p>\n<p>Deux balades<\/p>\n<p class=\" wall-content\">Cette ann\u00e9e, comme l\u2019ann\u00e9e pr\u00e9c\u00e9dente, <strong>deux balades<\/strong> seront propos\u00e9es \u00e0 celles et ceux qui souhaitent embarquer sur la Vilaine\u2009:<\/p>\n<ul class=\" wall-content\">\n<li>\u00ab\u2009Une premi\u00e8re balade le matin, avec <strong>un d\u00e9part \u00e0 9h30<\/strong> au d\u00e9part de la plaine de Baud, au niveau de la base nautique, jusqu\u2019au Jardin de la Confluence\u2009\u00bb, indique Irvin Kersuzan, membre du Comit\u00e9 d\u00e9partemental cano\u00eb-kayak.<\/li>\n<\/ul>\n<p class=\" wall-content\">Les visiteurs (ses) passeront par une <strong>\u00e9cluse<\/strong>\u2009; cette balade sera par ailleurs <strong>comment\u00e9e<\/strong> sur <strong>l\u2019histoire, l\u2019architecture<\/strong> et le <strong>patrimoine<\/strong> de la ville de Rennes.<\/p>\n<ul class=\" wall-content\">\n<li>\u00ab\u2009La seconde balade a pour d\u00e9part, <strong>d\u00e8s 14h,<\/strong> le Jardin de la Confluence\u2009\u00bb, poursuit Irvin Kersuzan, \u00ab\u2009pour retourner ensuite \u00e0 la plaine de Baud\u2009\u00bb.<\/li>\n<\/ul>\n<p>Vid\u00e9os : en ce moment sur Actu<\/p>\n<p class=\" wall-content\">Il est possible de b\u00e9n\u00e9ficier d\u2019un ticket de transport en bus\u00a0pour effectuer le retour (la demande est \u00e0 r\u00e9aliser au moment de la r\u00e9servation).<\/p>\n<p class=\" wall-content\">Pour rappel, <a href=\"https:\/\/actu.fr\/bretagne\/rennes_35238\/suppression-du-parking-vilaine-a-rennes-voici-a-partir-de-quand-il-ne-sera-plus-possible-d-y-stationner_62737310.html\" rel=\"nofollow noopener\" target=\"_blank\"><strong>le parking Vilaine<\/strong> va bient\u00f4t dispara\u00eetre<\/a> : il ne sera donc plus possible de naviguer en dessous d\u2019ici \u00e0 la rentr\u00e9e prochaine. Ces deux balades sont donc l\u2019occasion de faire un tour <a href=\"https:\/\/actu.fr\/bretagne\/rennes_35238\/video-beton-arme-fissures-qu-est-ce-qui-se-cache-sous-le-parking-vilaine-en-centre-ville-de-rennes_62740397.html\" rel=\"nofollow noopener\" target=\"_blank\">sous le bitume et d\u00e9couvrir la face cach\u00e9e de la dalle Vilaine, vieille de 62 ans<\/a>.<\/p>\n<p>Pirogue, cano\u00eb&#8230;<\/p>\n<p>Les pirogues mises \u00e0 disposition seront des pirogues polyn\u00e9siennes pouvant accueillir six personnes. Quant aux cano\u00ebs, il s&rsquo;agit de cano\u00ebs-kayaks indiens pouvant accueillir jusqu&rsquo;\u00e0 15 personnes.<\/p>\n<p>R\u00e9server<\/p>\n<p class=\" wall-content\">Pour participer \u00e0 Rennes \u00e0 la pagaie, voici les <strong>informations pratiques<\/strong> \u00e0 conna\u00eetre\u2009:<\/p>\n<ul class=\" wall-content\">\n<li>il faut \u00eatre \u00e2g\u00e9 a minima de 8 ans (les enfants doivent \u00eatre accompagn\u00e9s d\u2019adulte(s) ;<\/li>\n<li>il faut savoir nager\u2009: une <a href=\"https:\/\/reservation.tourisme-rennes.com\/medias\/documents\/attestation_natation_RAP_2025.pdf\" rel=\"nofollow noopener\" target=\"_blank\">attestation<\/a> est \u00e0 remplir obligatoirement\u2009;<\/li>\n<\/ul>\n<p class=\" wall-content\">Le prix est de 18\u00a0euros. Pour s\u2019inscrire, c\u2019est par <a href=\"https:\/\/www.tourisme-rennes.com\/sortir\/rennes-a-la-pagaie-balade-14h\/\" rel=\"nofollow noopener\" target=\"_blank\">ici<\/a>. Privil\u00e9giez sinon la r\u00e9servation via le 06 31 86 99 23.<\/p>\n<p class=\" wall-content\">Suivez toute l\u2019actualit\u00e9 de vos villes et m\u00e9dias favoris en vous inscrivant \u00e0 <a href=\"https:\/\/moncompte.actu.fr\" title=\"D\u00e9couvez Mon Actu\" rel=\"nofollow noopener\" data-trk=\"{&quot;cta&quot;:{&quot;action&quot;:&quot;https:\\\/\\\/moncompte.actu.fr&quot;,&quot;category&quot;:&quot;mon compte&quot;,&quot;from&quot;:&quot;article footer&quot;,&quot;name&quot;:&quot;Mon actu&quot;,&quot;type&quot;:&quot;cta&quot;}}\" target=\"_blank\">Mon Actu<\/a>.<\/p>\n","protected":false},"excerpt":{"rendered":"Par Laur\u00e8ne Fertin Publi\u00e9 le 13 juin 2025 \u00e0 14h13 La 5\u1d49 \u00e9dition de Rennes \u00e0 la pagaie&hellip;\n","protected":false},"author":2,"featured_media":173410,"comment_status":"","ping_status":"","sticky":false,"template":"","format":"standard","meta":{"footnotes":""},"categories":[2821],"tags":[1111,11,829,1777,674,1011,27,1652,12,584,25,7009],"class_list":{"0":"post-173409","1":"post","2":"type-post","3":"status-publish","4":"format-standard","5":"has-post-thumbnail","7":"category-rennes","8":"tag-actu","9":"tag-actualites","10":"tag-bretagne","11":"tag-eu","12":"tag-europe","13":"tag-fr","14":"tag-france","15":"tag-loisirs-culture","16":"tag-news","17":"tag-rennes","18":"tag-republique-francaise","19":"tag-vilaine"},"share_on_mastodon":{"url":"https:\/\/pubeurope.com\/@fr\/114676185538024245","error":""},"_links":{"self":[{"href":"https:\/\/www.europesays.com\/fr\/wp-json\/wp\/v2\/posts\/173409","targetHints":{"allow":["GET"]}}],"collection":[{"href":"https:\/\/www.europesays.com\/fr\/wp-json\/wp\/v2\/posts"}],"about":[{"href":"https:\/\/www.europesays.com\/fr\/wp-json\/wp\/v2\/types\/post"}],"author":[{"embeddable":true,"href":"https:\/\/www.europesays.com\/fr\/wp-json\/wp\/v2\/users\/2"}],"replies":[{"embeddable":true,"href":"https:\/\/www.europesays.com\/fr\/wp-json\/wp\/v2\/comments?post=173409"}],"version-history":[{"count":0,"href":"https:\/\/www.europesays.com\/fr\/wp-json\/wp\/v2\/posts\/173409\/revisions"}],"wp:featuredmedia":[{"embeddable":true,"href":"https:\/\/www.europesays.com\/fr\/wp-json\/wp\/v2\/media\/173410"}],"wp:attachment":[{"href":"https:\/\/www.europesays.com\/fr\/wp-json\/wp\/v2\/media?parent=173409"}],"wp:term":[{"taxonomy":"category","embeddable":true,"href":"https:\/\/www.europesays.com\/fr\/wp-json\/wp\/v2\/categories?post=173409"},{"taxonomy":"post_tag","embeddable":true,"href":"https:\/\/www.europesays.com\/fr\/wp-json\/wp\/v2\/tags?post=173409"}],"curies":[{"name":"wp","href":"https:\/\/api.w.org\/{rel}","templated":true}]}}