{"id":173417,"date":"2025-06-13T13:04:10","date_gmt":"2025-06-13T13:04:10","guid":{"rendered":"https:\/\/www.europesays.com\/fr\/173417\/"},"modified":"2025-06-13T13:04:10","modified_gmt":"2025-06-13T13:04:10","slug":"les-commissaires-de-justice-en-colloque-a-nice-lundi-19-juin","status":"publish","type":"post","link":"https:\/\/www.europesays.com\/fr\/173417\/","title":{"rendered":"Les commissaires de justice en colloque \u00e0 Nice lundi 19 juin"},"content":{"rendered":"<p>                    <img loading=\"lazy\" decoding=\"async\" src=\"https:\/\/www.europesays.com\/fr\/wp-content\/uploads\/2025\/06\/c4a595808109864244be95c1ffc6f1.png\" class=\"img-responsive post-image\" width=\"680\" height=\"510\" alt=\"Les commissaires de (\u2026)\" title=\"Les commissaires de justice en colloque \u00e0 Nice lundi 19 juin\"\/><\/p>\n<p class=\"chapo\">Le 3e colloque de l\u2019Institut national de formation des commissaires de justice (INCJ) se tiendra ce lundi 19 juin 2025 au Palais de la M\u00e9diterran\u00e9e \u00e0 Nice. Intitul\u00e9 \u00ab\u00a0La preuve par le commissaire de justice\u00a0: enjeux et perspectives\u00a0\u00bb, cet \u00e9v\u00e9nement est un rendez-vous incontournable pour les professionnels du droit.<\/p>\n<p>Plac\u00e9e sous le signe de l\u2019innovation et de la r\u00e9flexion juridique, la journ\u00e9e alternera d\u00e9bats, interventions d\u2019experts et masterclass. Elle visera \u00e0 mieux cerner le r\u00f4le central du commissaire de justice dans l\u2019\u00e9tablissement de la preuve, notamment \u00e0 travers le constat, levier de plus en plus strat\u00e9gique en contentieux civil comme commercial.<\/p>\n<p><strong>Parmi les <a href=\"https:\/\/incj.fr\/colloque-de-nice\/#programme\" class=\"texte\" rel=\"external nofollow noopener\" target=\"_blank\">th\u00e9matiques abord\u00e9es<\/a>\u00a0: <\/strong> les paradoxes du constat juridique, son usage en droit des affaires, les apports de l\u2019intelligence artificielle, mais aussi l\u2019actualit\u00e9 l\u00e9gislative et jurisprudentielle, comment\u00e9e par Agn\u00e8s Martinel, pr\u00e9sidente de la 2e chambre civile de la Cour de cassation.<\/p>\n<p>La journaliste <strong>Charlotte Pons <\/strong> animera les \u00e9changes r\u00e9unissant de nombreuses personnalit\u00e9s du monde judiciaire et universitaire\u00a0: <strong>Beno\u00eet Santoire<\/strong>, pr\u00e9sident de la Chambre nationale des commissaires de justice, <strong>Eva Mouial<\/strong>, doyenne de la facult\u00e9 de Droit d\u2019Universit\u00e9 C\u00f4te d\u2019Azur, ou encore <strong>Chantal Bussi\u00e8re,<\/strong> premi\u00e8re pr\u00e9sidente honoraire de la cour d\u2019appel d\u2019Aix-en-Provence.<\/p>\n<p>Des ateliers pratiques, de la constatation par drone \u00e0 l\u2019usage de l\u2019IA, permettront aux participants d\u2019approfondir des probl\u00e9matiques concr\u00e8tes. La journ\u00e9e s\u2019ach\u00e8vera par la remise des prix aux nouveaux laur\u00e9ats de l\u2019examen d\u2019aptitude. Le colloque est ouvert aux professionnels et \u00e9ligible \u00e0 la formation continue. Informations et <a href=\"https:\/\/incj.fr\" class=\"spip_out\" rel=\"external nofollow noopener\" target=\"_blank\">inscriptions de derni\u00e8re minute sur le site.<\/a><\/p>\n","protected":false},"excerpt":{"rendered":"Le 3e colloque de l\u2019Institut national de formation des commissaires de justice (INCJ) se tiendra ce lundi 19&hellip;\n","protected":false},"author":2,"featured_media":173418,"comment_status":"","ping_status":"","sticky":false,"template":"","format":"standard","meta":{"footnotes":""},"categories":[2819],"tags":[1111,11,2408,1777,674,1011,27,12,2401,882,25],"class_list":{"0":"post-173417","1":"post","2":"type-post","3":"status-publish","4":"format-standard","5":"has-post-thumbnail","7":"category-nice","8":"tag-actu","9":"tag-actualites","10":"tag-appels-d","11":"tag-eu","12":"tag-europe","13":"tag-fr","14":"tag-france","15":"tag-news","16":"tag-nice","17":"tag-provence-alpes-cote-dazur","18":"tag-republique-francaise"},"share_on_mastodon":{"url":"https:\/\/pubeurope.com\/@fr\/114676201315383121","error":""},"_links":{"self":[{"href":"https:\/\/www.europesays.com\/fr\/wp-json\/wp\/v2\/posts\/173417","targetHints":{"allow":["GET"]}}],"collection":[{"href":"https:\/\/www.europesays.com\/fr\/wp-json\/wp\/v2\/posts"}],"about":[{"href":"https:\/\/www.europesays.com\/fr\/wp-json\/wp\/v2\/types\/post"}],"author":[{"embeddable":true,"href":"https:\/\/www.europesays.com\/fr\/wp-json\/wp\/v2\/users\/2"}],"replies":[{"embeddable":true,"href":"https:\/\/www.europesays.com\/fr\/wp-json\/wp\/v2\/comments?post=173417"}],"version-history":[{"count":0,"href":"https:\/\/www.europesays.com\/fr\/wp-json\/wp\/v2\/posts\/173417\/revisions"}],"wp:featuredmedia":[{"embeddable":true,"href":"https:\/\/www.europesays.com\/fr\/wp-json\/wp\/v2\/media\/173418"}],"wp:attachment":[{"href":"https:\/\/www.europesays.com\/fr\/wp-json\/wp\/v2\/media?parent=173417"}],"wp:term":[{"taxonomy":"category","embeddable":true,"href":"https:\/\/www.europesays.com\/fr\/wp-json\/wp\/v2\/categories?post=173417"},{"taxonomy":"post_tag","embeddable":true,"href":"https:\/\/www.europesays.com\/fr\/wp-json\/wp\/v2\/tags?post=173417"}],"curies":[{"name":"wp","href":"https:\/\/api.w.org\/{rel}","templated":true}]}}