{"id":173419,"date":"2025-06-13T13:05:13","date_gmt":"2025-06-13T13:05:13","guid":{"rendered":"https:\/\/www.europesays.com\/fr\/173419\/"},"modified":"2025-06-13T13:05:13","modified_gmt":"2025-06-13T13:05:13","slug":"la-poste-cree-specialement-un-timbre-pour-le-sommet-de-locean-a-nice","status":"publish","type":"post","link":"https:\/\/www.europesays.com\/fr\/173419\/","title":{"rendered":"La Poste cr\u00e9e sp\u00e9cialement un timbre pour le Sommet de l\u2019Oc\u00e9an \u00e0 Nice"},"content":{"rendered":"<p>Affluence inhabituelle, ce matin-l\u00e0 au bureau de poste Nice Magnan. Philat\u00e9listes, curieux de passage ou simples amoureux de la ville, se sont press\u00e9s pour d\u00e9couvrir, en avant-premi\u00e8re, <strong>le nouveau timbre \u00e9mis par La Poste \u00e0 l\u2019occasion de la Conf\u00e9rence des Nations-Unies sur l\u2019Oc\u00e9an (Unoc-3).<\/strong><\/p>\n<p>Ce timbre en \u00e9dition limit\u00e9e est disponible dans tous les bureaux de poste ni\u00e7ois et la plupart de ceux de France depuis mardi. Il est au tarif lettre internationale soit 2,10 euros.<\/p>\n<p>                                La cit\u00e9 azur\u00e9enne \u00e0 l\u2019honneur <\/p>\n<p>S\u00e9lectionn\u00e9e parmi quelque huit cents propositions de timbre, la demande faite par la Ville de Nice a s\u00e9duit La Poste par sa symbolique. C\u2019est <strong>l\u2019artiste fran\u00e7aise Lil Sire qui signe l\u2019illustration imprim\u00e9e par h\u00e9liogravure.<\/strong><\/p>\n<p>Elle rend hommage \u00e0 Nice \u00e0 travers une composition bleut\u00e9e. On reconna\u00eet les typiques chaises bleues, baign\u00e9es sous le soleil ni\u00e7ois. Autour, on retrouve des dauphins bleus et blancs, et des go\u00e9lands leucoph\u00e9es, deux esp\u00e8ces embl\u00e9matiques du littoral azur\u00e9en.<\/p>\n<p>La Ville de Nice a offert un bloc de douze timbres \u00e0 tous les congressistes du Sommet de l\u2019Oc\u00e9an, pour prolonger leur passage \u00e0 Nice jusque dans leurs correspondances.<\/p>\n","protected":false},"excerpt":{"rendered":"Affluence inhabituelle, ce matin-l\u00e0 au bureau de poste Nice Magnan. Philat\u00e9listes, curieux de passage ou simples amoureux de&hellip;\n","protected":false},"author":2,"featured_media":173420,"comment_status":"","ping_status":"","sticky":false,"template":"","format":"standard","meta":{"footnotes":""},"categories":[2819],"tags":[1111,11,1777,674,1011,27,12,2401,882,25,3366],"class_list":{"0":"post-173419","1":"post","2":"type-post","3":"status-publish","4":"format-standard","5":"has-post-thumbnail","7":"category-nice","8":"tag-actu","9":"tag-actualites","10":"tag-eu","11":"tag-europe","12":"tag-fr","13":"tag-france","14":"tag-news","15":"tag-nice","16":"tag-provence-alpes-cote-dazur","17":"tag-republique-francaise","18":"tag-vie-locale"},"share_on_mastodon":{"url":"https:\/\/pubeurope.com\/@fr\/114676205048194445","error":""},"_links":{"self":[{"href":"https:\/\/www.europesays.com\/fr\/wp-json\/wp\/v2\/posts\/173419","targetHints":{"allow":["GET"]}}],"collection":[{"href":"https:\/\/www.europesays.com\/fr\/wp-json\/wp\/v2\/posts"}],"about":[{"href":"https:\/\/www.europesays.com\/fr\/wp-json\/wp\/v2\/types\/post"}],"author":[{"embeddable":true,"href":"https:\/\/www.europesays.com\/fr\/wp-json\/wp\/v2\/users\/2"}],"replies":[{"embeddable":true,"href":"https:\/\/www.europesays.com\/fr\/wp-json\/wp\/v2\/comments?post=173419"}],"version-history":[{"count":0,"href":"https:\/\/www.europesays.com\/fr\/wp-json\/wp\/v2\/posts\/173419\/revisions"}],"wp:featuredmedia":[{"embeddable":true,"href":"https:\/\/www.europesays.com\/fr\/wp-json\/wp\/v2\/media\/173420"}],"wp:attachment":[{"href":"https:\/\/www.europesays.com\/fr\/wp-json\/wp\/v2\/media?parent=173419"}],"wp:term":[{"taxonomy":"category","embeddable":true,"href":"https:\/\/www.europesays.com\/fr\/wp-json\/wp\/v2\/categories?post=173419"},{"taxonomy":"post_tag","embeddable":true,"href":"https:\/\/www.europesays.com\/fr\/wp-json\/wp\/v2\/tags?post=173419"}],"curies":[{"name":"wp","href":"https:\/\/api.w.org\/{rel}","templated":true}]}}