{"id":173428,"date":"2025-06-13T13:10:09","date_gmt":"2025-06-13T13:10:09","guid":{"rendered":"https:\/\/www.europesays.com\/fr\/173428\/"},"modified":"2025-06-13T13:10:09","modified_gmt":"2025-06-13T13:10:09","slug":"avec-le-dessinateur-jul-le-museum-de-toulouse-expose-silex-and-the-city","status":"publish","type":"post","link":"https:\/\/www.europesays.com\/fr\/173428\/","title":{"rendered":"Avec le dessinateur Jul, le Mus\u00e9um de Toulouse expose Silex and the City"},"content":{"rendered":"<p class=\"paragraph text_align_left\">Comme la m\u00e9t\u00e9orite qui a an\u00e9anti les dinosaures, Jul tombe litt\u00e9ralement du ciel lorsqu\u2019il arrive au Mus\u00e9um de Toulouse. Auteur et dessinateur de bande dessin\u00e9e, il est venu pr\u00e9senter <a href=\"https:\/\/www.leparisien.fr\/culture-loisirs\/cinema\/silex-and-the-city-de-jul-jespere-avoir-fait-un-film-plein-de-gaiete-et-dinsolence-tres-francais-11-09-2024-GYB5LEFJNJH2TIDDJFBDLQHTYU.php\" target=\"_self\" rel=\"noopener\">l\u2019exposition Silex and the City, tir\u00e9e de la BD \u00e9ponyme<\/a>, qui s\u2019ouvre ce week-end.<\/p>\n<p class=\"paragraph text_align_left\">\u00ab J\u2019ai d\u00e9couvert des \u00e9quipes archi-passionn\u00e9es, qui ont un lien organique avec le mus\u00e9e et le travail de mus\u00e9ographie a \u00e9t\u00e9 tr\u00e8s riche ces derni\u00e8res semaines. Le travail du dessinateur est souvent solitaire et j\u2019ai beaucoup aim\u00e9 ce travail en \u00e9quipe pour proposer quelque chose de neuf \u00bb, assure l\u2019artiste, \u00ab hyper content \u00bb du r\u00e9sultat.<\/p>\n<p>\u00ab Dispers\u00e9e au sein de la collection permanente du Mus\u00e9um \u00bb<\/p>\n<p class=\"paragraph text_align_left\">\u00c0 la diff\u00e9rence du Mus\u00e9e de l\u2019Homme, \u00e0 Paris, o\u00f9 elle avait \u00e9t\u00e9 pr\u00e9sent\u00e9e en fin d\u2019ann\u00e9e derni\u00e8re l\u2019exposition est \u00ab dispers\u00e9e au sein de la collection permanente du Mus\u00e9um \u00bb, comme l\u2019explique Val\u00e9rie Bernard, responsable de la saison culturelle. \u00ab Nous avons souhait\u00e9 la faire entrer en r\u00e9sonance avec des sp\u00e9cimens que nous poss\u00e9dons. \u00bb On aborde par exemple les outils de la pr\u00e9histoire, pr\u00e9sent\u00e9s comme les \u00ab couteaux suisses \u00bb de l\u2019\u00e9poque.<\/p>\n<p class=\"paragraph text_align_left\">Le lieu dispose en effet d\u2019une importante collection li\u00e9e \u00e0 la pr\u00e9histoire qu\u2019il souhaite mettre en valeur dans le cadre des <a href=\"https:\/\/journees-archeologie.eu\/c-2025\/accueil\" target=\"_self\" rel=\"noopener\">Journ\u00e9es europ\u00e9ennes de l\u2019arch\u00e9ologie les 13, 14 et 15 juin<\/a>. \u00ab D\u00e8s 1865, lors de son ouverture, le Mus\u00e9um a \u00e9t\u00e9 le premier \u00e0 pr\u00e9senter des pi\u00e8ces avec la Galerie des Cavernes \u00bb, rappelle ainsi Lucile, m\u00e9diatrice culturelle.<\/p>\n<p>Quand l\u2019art du dessin se m\u00eale \u00e0 la science<\/p>\n<p class=\"paragraph text_align_left\">Jul profite des d\u00e9ambulations pour poser sa marque en dessinant des personnages de Silex and the City sur diff\u00e9rents supports, au grand bonheur des enfants en visite \u00e0 ce moment-l\u00e0. Pour lui, l\u2019objectif de cette exposition est double. Dans un premier temps, faire d\u00e9couvrir les coulisses de la cr\u00e9ation d\u2019une bande dessin\u00e9e, une d\u00e9marche que l\u2019on peut mettre en parall\u00e8le avec le processus de taille d\u2019un silex ou l\u2019interpr\u00e9tation des repr\u00e9sentations rupestres. Et dans un deuxi\u00e8me temps, un dialogue entre la science et l\u2019humour.<\/p>\n<p class=\"paragraph text_align_left\">Pass\u00e9 par le dessin de presse, l\u2019artiste conserve en effet un \u0153il aiguis\u00e9 sur l\u2019actualit\u00e9 qu\u2019il s\u2019amuse \u00e0 traiter \u00e0 travers des paraboles. \u00ab Je me suis aper\u00e7u que 40 000 ans, c\u2019\u00e9tait le recul id\u00e9al pour traiter de sujets complexes. Comme les ombres ne sont qu\u2019une projection de la r\u00e9alit\u00e9 dans l\u2019all\u00e9gorie de la caverne de Platon, ce prisme de la pr\u00e9histoire permet d\u2019affronter des choses avec une certaine distance \u00bb, illustre-t-il.<\/p>\n<p>Plusieurs \u00e9v\u00e9nements ce week-end<\/p>\n<p class=\"paragraph text_align_left\">Agr\u00e9g\u00e9 d\u2019histoire, l\u2019auteur demeure un passionn\u00e9 et se r\u00e9jouit de voir cette exposition dans un cadre comme le Mus\u00e9um de Toulouse, d\u2019autant plus \u00e0 l\u2019heure o\u00f9 la science est attaqu\u00e9e. \u00ab On est dans le r\u00e9gime des opinions, des v\u00e9rit\u00e9s alternatives. Dans ce sens, ma BD a pris un virage politique qu\u2019il n\u2019y avait pas \u00e0 l\u2019origine, m\u00eame si j\u2019abordais des sujets de soci\u00e9t\u00e9. On ne se serait pas attendu \u00e0 ce que la science soit autant remise en cause. \u00bb<\/p>\n<p class=\"paragraph text_align_left\">Ce week-end, en parall\u00e8le des \u00e9v\u00e9nements li\u00e9s aux Journ\u00e9es europ\u00e9ennes de l\u2019arch\u00e9ologie, avec par exemple des d\u00e9monstrations de taille de silex, le Mus\u00e9um propose deux visites comment\u00e9es par Jul, le samedi et le dimanche \u00e0 11 heures. L\u2019occasion, peut-\u00eatre, pour petits et grands de d\u00e9couvrir que chacun des personnages de sa s\u00e9rie repr\u00e9sente \u00ab un des aspects de [son] caract\u00e8re \u00bb. L\u2019auteur donnera \u00e9galement une masterclass ce samedi \u00e0 16 heures et \u00e9changera le lendemain \u00e0 la m\u00eame heure avec le pr\u00e9historien Marc Jarry, directeur adjoint scientifique et technique \u00e0 <a href=\"https:\/\/www.inrap.fr\/occitanie-ouest-15796\" target=\"_self\" rel=\"noopener\">l\u2019Institut national de recherches arch\u00e9ologiques pr\u00e9ventives (Inrap) Midi-Pyr\u00e9n\u00e9es<\/a>.<\/p>\n","protected":false},"excerpt":{"rendered":"Comme la m\u00e9t\u00e9orite qui a an\u00e9anti les dinosaures, Jul tombe litt\u00e9ralement du ciel lorsqu\u2019il arrive au Mus\u00e9um de&hellip;\n","protected":false},"author":2,"featured_media":173429,"comment_status":"","ping_status":"","sticky":false,"template":"","format":"standard","meta":{"footnotes":""},"categories":[2816],"tags":[1111,917,11,872,459,1777,674,1011,27,4623,12,2680,25,2312],"class_list":{"0":"post-173428","1":"post","2":"type-post","3":"status-publish","4":"format-standard","5":"has-post-thumbnail","7":"category-toulouse","8":"tag-actu","9":"tag-actu-locale","10":"tag-actualites","11":"tag-culture-et-loisirs","12":"tag-departements-horsidfo","13":"tag-eu","14":"tag-europe","15":"tag-fr","16":"tag-france","17":"tag-haute-garonne-31","18":"tag-news","19":"tag-occitanie","20":"tag-republique-francaise","21":"tag-toulouse"},"share_on_mastodon":{"url":"https:\/\/pubeurope.com\/@fr\/114676225110942178","error":""},"_links":{"self":[{"href":"https:\/\/www.europesays.com\/fr\/wp-json\/wp\/v2\/posts\/173428","targetHints":{"allow":["GET"]}}],"collection":[{"href":"https:\/\/www.europesays.com\/fr\/wp-json\/wp\/v2\/posts"}],"about":[{"href":"https:\/\/www.europesays.com\/fr\/wp-json\/wp\/v2\/types\/post"}],"author":[{"embeddable":true,"href":"https:\/\/www.europesays.com\/fr\/wp-json\/wp\/v2\/users\/2"}],"replies":[{"embeddable":true,"href":"https:\/\/www.europesays.com\/fr\/wp-json\/wp\/v2\/comments?post=173428"}],"version-history":[{"count":0,"href":"https:\/\/www.europesays.com\/fr\/wp-json\/wp\/v2\/posts\/173428\/revisions"}],"wp:featuredmedia":[{"embeddable":true,"href":"https:\/\/www.europesays.com\/fr\/wp-json\/wp\/v2\/media\/173429"}],"wp:attachment":[{"href":"https:\/\/www.europesays.com\/fr\/wp-json\/wp\/v2\/media?parent=173428"}],"wp:term":[{"taxonomy":"category","embeddable":true,"href":"https:\/\/www.europesays.com\/fr\/wp-json\/wp\/v2\/categories?post=173428"},{"taxonomy":"post_tag","embeddable":true,"href":"https:\/\/www.europesays.com\/fr\/wp-json\/wp\/v2\/tags?post=173428"}],"curies":[{"name":"wp","href":"https:\/\/api.w.org\/{rel}","templated":true}]}}