{"id":173432,"date":"2025-06-13T13:12:20","date_gmt":"2025-06-13T13:12:20","guid":{"rendered":"https:\/\/www.europesays.com\/fr\/173432\/"},"modified":"2025-06-13T13:12:20","modified_gmt":"2025-06-13T13:12:20","slug":"alerte-meteo-vigilance-orange-a-roubaix-de-violents-orages-attendus-des-ce-soir","status":"publish","type":"post","link":"https:\/\/www.europesays.com\/fr\/173432\/","title":{"rendered":"[Alerte m\u00e9t\u00e9o] Vigilance orange \u00e0 Roubaix : de violents orages attendus d\u00e8s ce soir"},"content":{"rendered":"<p>\ud83c\udf29\ufe0f Des conditions m\u00e9t\u00e9o d\u00e9grad\u00e9es d\u00e8s ce soir<\/p>\n<p data-start=\"959\" data-end=\"1196\">Selon M\u00e9t\u00e9o-France, des cellules orageuses isol\u00e9es circulent d\u00e9j\u00e0 ce matin dans l\u2019est de la r\u00e9gion. Mais c\u2019est en <strong data-start=\"1073\" data-end=\"1083\">soir\u00e9e<\/strong> qu\u2019une <strong data-start=\"1091\" data-end=\"1123\">d\u00e9gradation orageuse marqu\u00e9e<\/strong> est attendue, avec un pic d\u2019intensit\u00e9 durant la premi\u00e8re partie de nuit.<\/p>\n<p data-start=\"1198\" data-end=\"1283\">Les orages pourraient s\u2019organiser en <strong data-start=\"1235\" data-end=\"1251\">ligne active<\/strong>, avec des ph\u00e9nom\u00e8nes violents :<\/p>\n<ul data-start=\"1284\" data-end=\"1455\">\n<li data-start=\"1284\" data-end=\"1335\">\n<p data-start=\"1286\" data-end=\"1335\">\ud83d\udca8 Rafales de vent pouvant atteindre <strong data-start=\"1323\" data-end=\"1335\">100 km\/h<\/strong><\/p>\n<\/li>\n<li data-start=\"1336\" data-end=\"1393\">\n<p data-start=\"1338\" data-end=\"1393\">\ud83c\udf27\ufe0f Pluies intenses : <strong data-start=\"1360\" data-end=\"1393\">20 \u00e0 50 mm en quelques heures<\/strong><\/p>\n<\/li>\n<li data-start=\"1394\" data-end=\"1425\">\n<p data-start=\"1396\" data-end=\"1425\">\ud83e\uddca Chutes de gr\u00eale localis\u00e9es<\/p>\n<\/li>\n<li data-start=\"1426\" data-end=\"1455\">\n<p data-start=\"1428\" data-end=\"1455\">\u26a1 Forte activit\u00e9 \u00e9lectrique<\/p>\n<\/li>\n<\/ul>\n<p data-start=\"1457\" data-end=\"1575\">Ces orages devraient progressivement quitter la r\u00e9gion dans la nuit, en direction de la mer du Nord et de la Belgique.<\/p>\n<p>\u26a0\ufe0f Les bons r\u00e9flexes \u00e0 adopter<\/p>\n<p data-start=\"1612\" data-end=\"1741\">Face \u00e0 ces conditions m\u00e9t\u00e9orologiques, la pr\u00e9fecture recommande une vigilance accrue. Voici quelques <strong data-start=\"1713\" data-end=\"1739\">consignes essentielles<\/strong> :<\/p>\n<ul data-start=\"1743\" data-end=\"2101\">\n<li data-start=\"1743\" data-end=\"1790\">\n<p data-start=\"1745\" data-end=\"1790\">Limitez vos d\u00e9placements en soir\u00e9e et la nuit<\/p>\n<\/li>\n<li data-start=\"1791\" data-end=\"1850\">\n<p data-start=\"1793\" data-end=\"1850\">\u00c9vitez les zones bois\u00e9es, les parcs et les bords de canal<\/p>\n<\/li>\n<li data-start=\"1851\" data-end=\"1886\">\n<p data-start=\"1853\" data-end=\"1886\">Ne stationnez pas sous les arbres<\/p>\n<\/li>\n<li data-start=\"1887\" data-end=\"1976\">\n<p data-start=\"1889\" data-end=\"1976\">Rentrez ou s\u00e9curisez les objets sensibles au vent (mobilier de jardin, bacs, parasols\u2026)<\/p>\n<\/li>\n<li data-start=\"1977\" data-end=\"2101\">\n<p data-start=\"1979\" data-end=\"2101\">Tenez-vous inform\u00e9s via <strong data-start=\"2003\" data-end=\"2019\">M\u00e9t\u00e9o-France<\/strong> :<br data-start=\"2021\" data-end=\"2024\"\/>\ud83d\udc49 <a class=\"\" href=\"https:\/\/vigilance.meteofrance.fr\/fr\" target=\"_new\" rel=\"noopener nofollow\" data-start=\"2027\" data-end=\"2101\">https:\/\/vigilance.meteofrance.fr\/fr<\/a><\/p>\n<\/li>\n<\/ul>\n<p data-start=\"2103\" data-end=\"2203\">La Ville de Roubaix reste mobilis\u00e9e. En cas d\u2019urgence, contactez les <strong data-start=\"2172\" data-end=\"2195\">services de secours<\/strong> au 112.<\/p>\n<p>\ud83d\udccc Pour rappel :<\/p>\n<ul data-start=\"2232\" data-end=\"2454\">\n<li data-start=\"2232\" data-end=\"2268\">\n<p data-start=\"2234\" data-end=\"2268\"><strong data-start=\"2234\" data-end=\"2257\">Niveau de vigilance<\/strong> : ORANGE<\/p>\n<\/li>\n<li data-start=\"2269\" data-end=\"2326\">\n<p data-start=\"2271\" data-end=\"2326\"><strong data-start=\"2271\" data-end=\"2293\">D\u00e9but du ph\u00e9nom\u00e8ne<\/strong> : vendredi 13 juin \u00e0 <strong data-start=\"2315\" data-end=\"2324\">22h00<\/strong><\/p>\n<\/li>\n<li data-start=\"2327\" data-end=\"2382\">\n<p data-start=\"2329\" data-end=\"2382\"><strong data-start=\"2329\" data-end=\"2344\">Fin estim\u00e9e<\/strong> : dans la nuit de vendredi \u00e0 samedi<\/p>\n<\/li>\n<li data-start=\"2383\" data-end=\"2454\">\n<p data-start=\"2385\" data-end=\"2454\"><strong data-start=\"2385\" data-end=\"2405\">R\u00e9gion concern\u00e9e<\/strong> : tout le d\u00e9partement du Nord (59), dont Roubaix<\/p>\n<\/li>\n<\/ul>\n<p data-start=\"2461\" data-end=\"2628\">Restons collectivement attentifs et solidaires face \u00e0 cet \u00e9pisode m\u00e9t\u00e9orologique. En cas d\u2019\u00e9volution importante, nous vous tiendrons inform\u00e9s via nos canaux officiels.<\/p>\n","protected":false},"excerpt":{"rendered":"\ud83c\udf29\ufe0f Des conditions m\u00e9t\u00e9o d\u00e9grad\u00e9es d\u00e8s ce soir Selon M\u00e9t\u00e9o-France, des cellules orageuses isol\u00e9es circulent d\u00e9j\u00e0 ce matin&hellip;\n","protected":false},"author":2,"featured_media":173433,"comment_status":"","ping_status":"","sticky":false,"template":"","format":"standard","meta":{"footnotes":""},"categories":[2815],"tags":[1111,11,30855,1777,674,1011,27,811,1307,12,14113,25,30856,15192],"class_list":{"0":"post-173432","1":"post","2":"type-post","3":"status-publish","4":"format-standard","5":"has-post-thumbnail","7":"category-lille","8":"tag-actu","9":"tag-actualites","10":"tag-alerte-meteo","11":"tag-eu","12":"tag-europe","13":"tag-fr","14":"tag-france","15":"tag-hauts-de-france","16":"tag-lille","17":"tag-news","18":"tag-orage","19":"tag-republique-francaise","20":"tag-vents-violents","21":"tag-vigilance"},"share_on_mastodon":{"url":"https:\/\/pubeurope.com\/@fr\/114676232602678573","error":""},"_links":{"self":[{"href":"https:\/\/www.europesays.com\/fr\/wp-json\/wp\/v2\/posts\/173432","targetHints":{"allow":["GET"]}}],"collection":[{"href":"https:\/\/www.europesays.com\/fr\/wp-json\/wp\/v2\/posts"}],"about":[{"href":"https:\/\/www.europesays.com\/fr\/wp-json\/wp\/v2\/types\/post"}],"author":[{"embeddable":true,"href":"https:\/\/www.europesays.com\/fr\/wp-json\/wp\/v2\/users\/2"}],"replies":[{"embeddable":true,"href":"https:\/\/www.europesays.com\/fr\/wp-json\/wp\/v2\/comments?post=173432"}],"version-history":[{"count":0,"href":"https:\/\/www.europesays.com\/fr\/wp-json\/wp\/v2\/posts\/173432\/revisions"}],"wp:featuredmedia":[{"embeddable":true,"href":"https:\/\/www.europesays.com\/fr\/wp-json\/wp\/v2\/media\/173433"}],"wp:attachment":[{"href":"https:\/\/www.europesays.com\/fr\/wp-json\/wp\/v2\/media?parent=173432"}],"wp:term":[{"taxonomy":"category","embeddable":true,"href":"https:\/\/www.europesays.com\/fr\/wp-json\/wp\/v2\/categories?post=173432"},{"taxonomy":"post_tag","embeddable":true,"href":"https:\/\/www.europesays.com\/fr\/wp-json\/wp\/v2\/tags?post=173432"}],"curies":[{"name":"wp","href":"https:\/\/api.w.org\/{rel}","templated":true}]}}