{"id":173436,"date":"2025-06-13T13:14:10","date_gmt":"2025-06-13T13:14:10","guid":{"rendered":"https:\/\/www.europesays.com\/fr\/173436\/"},"modified":"2025-06-13T13:14:10","modified_gmt":"2025-06-13T13:14:10","slug":"un-accident-dans-lequel-un-motard-a-ete-blesse-provoque-un-fort-bouchon-sur-la7-a-lentree-de-marseille","status":"publish","type":"post","link":"https:\/\/www.europesays.com\/fr\/173436\/","title":{"rendered":"Un accident, dans lequel un motard a \u00e9t\u00e9 bless\u00e9, provoque\u00a0un fort bouchon sur l&rsquo;A7 \u00e0 l&rsquo;entr\u00e9e de Marseille"},"content":{"rendered":"<p>Dans le secteur de l\u2019autoroute A7 \u00e0 Marseille, un accident s\u2019est produit un peu apr\u00e8s 13 heures, dans la zone de Saint-Antoine\/Notre-Dame limite. Un motard, percut\u00e9 par une voiture, s\u2019est retrouv\u00e9 \u00e0 terre et les marins-pompiers se sont rendus sur place. Le pilote (un homme de 67 ans) a \u00e9t\u00e9 transport\u00e9 \u00e0 l\u2019h\u00f4pital, son pronostic vital n\u2019est pas engag\u00e9. <strong>Des voies sont neutralis\u00e9es dans cette zone<\/strong> et le trafic est compliqu\u00e9 en direction de Lyon\/Aix.<\/p>\n<p>Deux bouchons \u00e9taient en cours\u00a0: le premier entre les Arnavaux et Sept\u00e8mes, \u00e0 la sortie de la deuxi\u00e8me ville de France\u00a0; le second \u00e0 l\u2019entr\u00e9e de Marseille. Dans ce deuxi\u00e8me cas, c\u2019est pare-chocs contre pare-chocs depuis les Pennes-Mirabeau et jusqu\u2019au lieu de l\u2019accident. Au total\u00a0: une dizaine de kilom\u00e8tres de bouchons. Depuis quelques minutes, <strong>la retenue ne concerne plus que la sortie de Marseille et la rocade L2<\/strong>, \u00e0 l\u2019arriv\u00e9e sur l\u2019A7.<\/p>\n<p>Pour entrer par le nord de la ville, privil\u00e9giez l\u2019autoroute A55.<\/p>\n","protected":false},"excerpt":{"rendered":"Dans le secteur de l\u2019autoroute A7 \u00e0 Marseille, un accident s\u2019est produit un peu apr\u00e8s 13 heures, dans&hellip;\n","protected":false},"author":2,"featured_media":173437,"comment_status":"","ping_status":"","sticky":false,"template":"","format":"standard","meta":{"footnotes":""},"categories":[2814],"tags":[17,119,1111,11,3916,1446,2883,1777,674,1011,27,30857,884,3914,12,882,7481,16,25],"class_list":{"0":"post-173436","1":"post","2":"type-post","3":"status-publish","4":"format-standard","5":"has-post-thumbnail","7":"category-marseille","8":"tag-17","9":"tag-accident","10":"tag-actu","11":"tag-actualites","12":"tag-blesse","13":"tag-dans","14":"tag-ete","15":"tag-eu","16":"tag-europe","17":"tag-fr","18":"tag-france","19":"tag-lequel","20":"tag-marseille","21":"tag-motard","22":"tag-news","23":"tag-provence-alpes-cote-dazur","24":"tag-provoque","25":"tag-region","26":"tag-republique-francaise"},"share_on_mastodon":{"url":"https:\/\/pubeurope.com\/@fr\/114676240466051118","error":""},"_links":{"self":[{"href":"https:\/\/www.europesays.com\/fr\/wp-json\/wp\/v2\/posts\/173436","targetHints":{"allow":["GET"]}}],"collection":[{"href":"https:\/\/www.europesays.com\/fr\/wp-json\/wp\/v2\/posts"}],"about":[{"href":"https:\/\/www.europesays.com\/fr\/wp-json\/wp\/v2\/types\/post"}],"author":[{"embeddable":true,"href":"https:\/\/www.europesays.com\/fr\/wp-json\/wp\/v2\/users\/2"}],"replies":[{"embeddable":true,"href":"https:\/\/www.europesays.com\/fr\/wp-json\/wp\/v2\/comments?post=173436"}],"version-history":[{"count":0,"href":"https:\/\/www.europesays.com\/fr\/wp-json\/wp\/v2\/posts\/173436\/revisions"}],"wp:featuredmedia":[{"embeddable":true,"href":"https:\/\/www.europesays.com\/fr\/wp-json\/wp\/v2\/media\/173437"}],"wp:attachment":[{"href":"https:\/\/www.europesays.com\/fr\/wp-json\/wp\/v2\/media?parent=173436"}],"wp:term":[{"taxonomy":"category","embeddable":true,"href":"https:\/\/www.europesays.com\/fr\/wp-json\/wp\/v2\/categories?post=173436"},{"taxonomy":"post_tag","embeddable":true,"href":"https:\/\/www.europesays.com\/fr\/wp-json\/wp\/v2\/tags?post=173436"}],"curies":[{"name":"wp","href":"https:\/\/api.w.org\/{rel}","templated":true}]}}