{"id":173440,"date":"2025-06-13T13:16:11","date_gmt":"2025-06-13T13:16:11","guid":{"rendered":"https:\/\/www.europesays.com\/fr\/173440\/"},"modified":"2025-06-13T13:16:11","modified_gmt":"2025-06-13T13:16:11","slug":"6-paires-de-chaussures-a-adopter-pour-lete","status":"publish","type":"post","link":"https:\/\/www.europesays.com\/fr\/173440\/","title":{"rendered":"6 paires de chaussures \u00e0 adopter pour l\u2019\u00e9t\u00e9"},"content":{"rendered":"<p itemprop=\"description\"><strong>Les fortes chaleurs sont de retour.<\/strong><\/p>\n<p>Quelles chaussures choisir dans son dressing alors que le thermom\u00e8tre d\u00e9passe depuis plusieurs jours les 30\u00b0C ? La r\u00e9daction de Lyon Femmes a s\u00e9lectionn\u00e9 pour vous 6 paires de chaussures \u00e0 adopter alors que l\u2019\u00e9t\u00e9 a pris un peu d\u2019avance.<\/p>\n<p style=\"text-align: center;\"><strong><img loading=\"lazy\" decoding=\"async\" src=\"https:\/\/www.europesays.com\/fr\/wp-content\/uploads\/2025\/06\/jonak-26510.jpg\" alt=\"\" width=\"400\" height=\"400\"\/><\/strong><\/p>\n<p style=\"text-align: center;\"><strong>Sandales compens\u00e9es<\/strong><br \/>Jonak<br \/>125 \u20ac<br \/>Lyon 2<\/p>\n<p style=\"text-align: center;\"><img loading=\"lazy\" decoding=\"async\" src=\"https:\/\/www.europesays.com\/fr\/wp-content\/uploads\/2025\/06\/medusa-61569.jpeg\" alt=\"\" width=\"400\" height=\"400\"\/><\/p>\n<p style=\"text-align: center;\"><strong>Medusa champagne<\/strong><br \/>Mapache<br \/>95 \u20ac<br \/>Disponible chez Hippairs, Lyon 1<\/p>\n<p style=\"text-align: center;\"><img loading=\"lazy\" decoding=\"async\" src=\"https:\/\/www.europesays.com\/fr\/wp-content\/uploads\/2025\/06\/stuart1-4362.jpg\" alt=\"\" width=\"400\" height=\"533\"\/><\/p>\n<p style=\"text-align: center;\"><strong>Thea Mary Jane<\/strong><br \/>Stuart Weitzman<br \/>495 \u20ac<br \/>Disponible chez Upper Shoes, Lyon 1<\/p>\n<p style=\"text-align: center;\"><img loading=\"lazy\" decoding=\"async\" src=\"https:\/\/www.europesays.com\/fr\/wp-content\/uploads\/2025\/06\/rivercour-5307.jpg\" alt=\"\" width=\"300\" height=\"457\"\/><\/p>\n<p style=\"text-align: center;\"><strong>Ballerines 144<\/strong><br \/>Rivercour<br \/>195 \u20ac<br \/>Disponible chez Bonny, Lyon 2<\/p>\n<p style=\"text-align: center;\"><img loading=\"lazy\" decoding=\"async\" src=\"https:\/\/www.europesays.com\/fr\/wp-content\/uploads\/2025\/06\/mules-59214.jpg\" alt=\"\" width=\"300\" height=\"421\"\/><\/p>\n<p style=\"text-align: center;\"><strong>Mules High Annalisa<\/strong><br \/>S\u00e9zane<br \/>195 \u20ac<br \/>Lyon 2<\/p>\n<p style=\"text-align: center;\"><img loading=\"lazy\" decoding=\"async\" src=\"https:\/\/www.europesays.com\/fr\/wp-content\/uploads\/2025\/06\/make-82681.jpg\" alt=\"\" width=\"306\" height=\"469\"\/><\/p>\n<p style=\"text-align: center;\"><strong>Sandales Aya<\/strong><br \/>Make my Lemonade<br \/>160 \u20ac<br \/>Lyon 2<\/p>\n","protected":false},"excerpt":{"rendered":"Les fortes chaleurs sont de retour. Quelles chaussures choisir dans son dressing alors que le thermom\u00e8tre d\u00e9passe depuis&hellip;\n","protected":false},"author":2,"featured_media":173441,"comment_status":"","ping_status":"","sticky":false,"template":"","format":"standard","meta":{"footnotes":""},"categories":[1889],"tags":[1111,11,2813,2190,2430,1109,251,1112,2811,1777,674,118,1294,4651,1011,27,1922,1110,1114,2428,4903,4902,12,241,316,25,2812,517,800],"class_list":{"0":"post-173440","1":"post","2":"type-post","3":"status-publish","4":"format-standard","5":"has-post-thumbnail","7":"category-lyon","8":"tag-actu","9":"tag-actualites","10":"tag-article","11":"tag-asvel","12":"tag-auvergne-rhone-alpes","13":"tag-breves","14":"tag-culture","15":"tag-depeches","16":"tag-economique","17":"tag-eu","18":"tag-europe","19":"tag-faits-divers","20":"tag-femme","21":"tag-femmes","22":"tag-fr","23":"tag-france","24":"tag-info","25":"tag-informations","26":"tag-infos","27":"tag-lyon","28":"tag-lyonfemme","29":"tag-lyonfemmes","30":"tag-news","31":"tag-ol","32":"tag-politique","33":"tag-republique-francaise","34":"tag-sociale","35":"tag-sport","36":"tag-transports"},"share_on_mastodon":{"url":"https:\/\/pubeurope.com\/@fr\/114676248539180246","error":""},"_links":{"self":[{"href":"https:\/\/www.europesays.com\/fr\/wp-json\/wp\/v2\/posts\/173440","targetHints":{"allow":["GET"]}}],"collection":[{"href":"https:\/\/www.europesays.com\/fr\/wp-json\/wp\/v2\/posts"}],"about":[{"href":"https:\/\/www.europesays.com\/fr\/wp-json\/wp\/v2\/types\/post"}],"author":[{"embeddable":true,"href":"https:\/\/www.europesays.com\/fr\/wp-json\/wp\/v2\/users\/2"}],"replies":[{"embeddable":true,"href":"https:\/\/www.europesays.com\/fr\/wp-json\/wp\/v2\/comments?post=173440"}],"version-history":[{"count":0,"href":"https:\/\/www.europesays.com\/fr\/wp-json\/wp\/v2\/posts\/173440\/revisions"}],"wp:featuredmedia":[{"embeddable":true,"href":"https:\/\/www.europesays.com\/fr\/wp-json\/wp\/v2\/media\/173441"}],"wp:attachment":[{"href":"https:\/\/www.europesays.com\/fr\/wp-json\/wp\/v2\/media?parent=173440"}],"wp:term":[{"taxonomy":"category","embeddable":true,"href":"https:\/\/www.europesays.com\/fr\/wp-json\/wp\/v2\/categories?post=173440"},{"taxonomy":"post_tag","embeddable":true,"href":"https:\/\/www.europesays.com\/fr\/wp-json\/wp\/v2\/tags?post=173440"}],"curies":[{"name":"wp","href":"https:\/\/api.w.org\/{rel}","templated":true}]}}