{"id":173442,"date":"2025-06-13T13:17:11","date_gmt":"2025-06-13T13:17:11","guid":{"rendered":"https:\/\/www.europesays.com\/fr\/173442\/"},"modified":"2025-06-13T13:17:11","modified_gmt":"2025-06-13T13:17:11","slug":"lacces-a-la-rue-edouard-herriot-deja-interdit-aux-voitures","status":"publish","type":"post","link":"https:\/\/www.europesays.com\/fr\/173442\/","title":{"rendered":"l\u2019acc\u00e8s \u00e0 la rue Edouard-Herriot d\u00e9j\u00e0 interdit aux voitures"},"content":{"rendered":"<p>\u00abRoute barr\u00e9e.\u00bb La zone \u00e0 trafic limit\u00e9 (ZTL) entre en vigueur ce 21\u00a0juin, avec la mise en place progressive des cinq points d\u2019acc\u00e8s mat\u00e9rialis\u00e9es par des panneaux de signalisation routi\u00e8re et contr\u00f4l\u00e9es par des bornes \u00e9quip\u00e9es d\u2019un syst\u00e8me de reconnaissance de plaques d\u2019immatriculation des ayants droit enregistr\u00e9s.<\/p>\n<p>Apr\u00e8s l\u2019installation <a href=\"https:\/\/www.leprogres.fr\/transport\/2025\/05\/29\/zone-a-trafic-limite-les-premieres-bornes-d-acces-ont-ete-posees?at_content=link&amp;at_term=leprogres.lyon&amp;at_campaign=Facebook&amp;at_medium=Social&amp;at_source=nonli\" target=\"_blank\" rel=\"nofollow noopener\">de la borne rue Port-du-temple<\/a>, les travaux arrivent rue Edouard-Herriot, autre porte d\u2019entr\u00e9e sur la ZTL(1). Le chantier qui a d\u00e9but\u00e9 en plusieurs endroits strat\u00e9giques vient de s\u2019installer \u00e0 l\u2019entr\u00e9e de l\u2019art\u00e8re, c\u00f4t\u00e9 Bellecour. Une fermeture qui contraint les automobilistes \u00e0 poursuivre leur route en direction du pont Bonaparte, c\u00f4t\u00e9 Sa\u00f4ne et provoque des bouchons rue de la Barre.<\/p>\n<p>Si cette nouveaut\u00e9 est en quelques endroits d\u00e9cri\u00e9e, une chose est s\u00fbre\u00a0: elle devrait satisfaire les riverains de la rue Edouard-Herriot qui depuis quelques semaines, assistaient au retour des rod\u00e9os les vendredis et samedis soir, sous leurs fen\u00eatres. S\u2019ouvre \u00e0 eux la perspective d\u2019un week-end calme et sans nuit hach\u00e9e\u2026<\/p>\n<p class=\"note\">(1) Cinq points d\u2019entr\u00e9e seront mat\u00e9rialis\u00e9s par des bornes\u00a0: deux c\u00f4t\u00e9 Rh\u00f4ne par les rues Gentil et Childebert, deux autres c\u00f4t\u00e9 Sa\u00f4ne par les rues Constantine et Port-du-temple et le dernier au niveau de la place Bellecour, par la rue du Pr\u00e9sident Edouard-Herriot.<\/p>\n","protected":false},"excerpt":{"rendered":"\u00abRoute barr\u00e9e.\u00bb La zone \u00e0 trafic limit\u00e9 (ZTL) entre en vigueur ce 21\u00a0juin, avec la mise en place&hellip;\n","protected":false},"author":2,"featured_media":173443,"comment_status":"","ping_status":"","sticky":false,"template":"","format":"standard","meta":{"footnotes":""},"categories":[1889],"tags":[1111,11,2430,3542,2757,1777,674,1011,27,2428,12354,12353,12,25,2429,2803],"class_list":{"0":"post-173442","1":"post","2":"type-post","3":"status-publish","4":"format-standard","5":"has-post-thumbnail","7":"category-lyon","8":"tag-actu","9":"tag-actualites","10":"tag-auvergne-rhone-alpes","11":"tag-circulation","12":"tag-edition-lyon-villeurbanne","13":"tag-eu","14":"tag-europe","15":"tag-fr","16":"tag-france","17":"tag-lyon","18":"tag-lyon-2e","19":"tag-lyon-2e-arrondissement","20":"tag-news","21":"tag-republique-francaise","22":"tag-rhone","23":"tag-transport"},"share_on_mastodon":{"url":"https:\/\/pubeurope.com\/@fr\/114676252422031770","error":""},"_links":{"self":[{"href":"https:\/\/www.europesays.com\/fr\/wp-json\/wp\/v2\/posts\/173442","targetHints":{"allow":["GET"]}}],"collection":[{"href":"https:\/\/www.europesays.com\/fr\/wp-json\/wp\/v2\/posts"}],"about":[{"href":"https:\/\/www.europesays.com\/fr\/wp-json\/wp\/v2\/types\/post"}],"author":[{"embeddable":true,"href":"https:\/\/www.europesays.com\/fr\/wp-json\/wp\/v2\/users\/2"}],"replies":[{"embeddable":true,"href":"https:\/\/www.europesays.com\/fr\/wp-json\/wp\/v2\/comments?post=173442"}],"version-history":[{"count":0,"href":"https:\/\/www.europesays.com\/fr\/wp-json\/wp\/v2\/posts\/173442\/revisions"}],"wp:featuredmedia":[{"embeddable":true,"href":"https:\/\/www.europesays.com\/fr\/wp-json\/wp\/v2\/media\/173443"}],"wp:attachment":[{"href":"https:\/\/www.europesays.com\/fr\/wp-json\/wp\/v2\/media?parent=173442"}],"wp:term":[{"taxonomy":"category","embeddable":true,"href":"https:\/\/www.europesays.com\/fr\/wp-json\/wp\/v2\/categories?post=173442"},{"taxonomy":"post_tag","embeddable":true,"href":"https:\/\/www.europesays.com\/fr\/wp-json\/wp\/v2\/tags?post=173442"}],"curies":[{"name":"wp","href":"https:\/\/api.w.org\/{rel}","templated":true}]}}