{"id":173453,"date":"2025-06-13T13:23:10","date_gmt":"2025-06-13T13:23:10","guid":{"rendered":"https:\/\/www.europesays.com\/fr\/173453\/"},"modified":"2025-06-13T13:23:10","modified_gmt":"2025-06-13T13:23:10","slug":"notre-dame-de-paris-des-vitraux-historiques-seront-bien-remplaces-mais-restaures-et-exposes-promet-rachida-dati","status":"publish","type":"post","link":"https:\/\/www.europesays.com\/fr\/173453\/","title":{"rendered":"Notre-Dame de Paris\u00a0: des vitraux historiques seront bien remplac\u00e9s, mais \u00abrestaur\u00e9s\u00bb et \u00abexpos\u00e9s\u00bb promet Rachida Dati"},"content":{"rendered":"<p class=\"paragraph text_align_left\">Une partie des vitraux de Notre-Dame de Paris seront bien remplac\u00e9s. Rachida Dati l\u2019a \u00e0 nouveau confirm\u00e9, jeudi, \u00e0 l\u2019issue d\u2019une r\u00e9union de la commission nationale du patrimoine et de l\u2019architecture (CNPA). Ceux d\u00e9pos\u00e9s, cr\u00e9ations d\u2019Eug\u00e8ne Viollet-le-Duc, seront \u00ab restaur\u00e9s \u00bb puis \u00ab expos\u00e9s dans un lieu d\u00e9di\u00e9 \u00bb, a indiqu\u00e9 sur X la ministre de la Culture. Assurant qu\u2019elle y veillerait.<\/p>\n<p class=\"paragraph text_align_left\">Pas de quoi \u00e9teindre la pol\u00e9mique pour autant. Car ce remplacement par des vitraux modernes ne passe pas aupr\u00e8s des d\u00e9fenseurs du patrimoine depuis l\u2019annonce du projet.<\/p>\n<p class=\"paragraph text_align_left\">Ce sont Emmanuel Macron et Mgr Laurent Ulrich qui souhaitent \u00ab laisser une trace contemporaine dans l\u2019histoire de la cath\u00e9drale d\u00e9vast\u00e9e par un incendie en 2019 et enti\u00e8rement restaur\u00e9e \u00bb, rappellent l\u2019\u00c9lys\u00e9e et le dioc\u00e8se. Le chef de l\u2019\u00c9tat avait annonc\u00e9 le lancement de ce concours lors de sa visite de la cath\u00e9drale un an avant la <a href=\"https:\/\/www.leparisien.fr\/paris-75\/notre-dame-de-paris-les-images-les-plus-marquantes-du-concert-de-la-ceremonie-de-reouverture-08-12-2024-NB5C7XU5JNEHFJ33FWDELMBPSY.php\" rel=\"nofollow noopener\" target=\"_blank\">r\u00e9ouverture de l\u2019\u00e9difice<\/a>, qui s\u2019est d\u00e9roul\u00e9e les 7 et 8 d\u00e9cembre derniers. 110 \u00e9quipes y avaient postul\u00e9.<\/p>\n<p>Une p\u00e9tition, un recours en justice&#8230;<\/p>\n<p class=\"paragraph text_align_left\">C\u2019est finalement <a href=\"https:\/\/www.leparisien.fr\/paris-75\/notre-dame-de-paris-lartiste-claire-tabouret-selectionnee-pour-realiser-les-nouveaux-vitraux-18-12-2024-AGHNPWMFHJCNFHNXU4TVDCGARY.php\" target=\"_self\" rel=\"nofollow noopener\">l\u2019artiste fran\u00e7aise Claire Tabouret qui a re\u00e7u pour mission de remplacer les vitraux<\/a> de six des sept baies du bas-c\u00f4t\u00e9 de Notre-Dame (c\u00f4t\u00e9 Seine) de l\u2019architecte du XIXe si\u00e8cle Eug\u00e8ne Viollet-le-Duc, par des cr\u00e9ations contemporaines. Claire Tabouret sera associ\u00e9e \u00e0 l\u2019atelier du ma\u00eetre verrier Simon-Marq \u00e0 Reims.<\/p>\n<p class=\"paragraph text_align_left\">Une ambition \u00e0 laquelle s\u2019opposent donc nombre de d\u00e9fenseurs du patrimoine. Ils font valoir notamment que les anciens vitraux n\u2019ont pas \u00e9t\u00e9 endommag\u00e9s par l\u2019incendie. Et s\u2019appuient sur la charte internationale de Venise, interdisant en principe le remplacement d\u2019\u0153uvres existantes par de nouvelles, mais qui n\u2019est pas contraignante.<\/p>\n<p class=\"paragraph text_align_left\">L\u2019annonce de jeudi de Rachida Dati ne les a pas calm\u00e9s, beaucoup critiquant la ministre pour ne pas avoir rappel\u00e9 l\u2019opposition toujours effective de la CNPA \u00e0 ce remplacement. \u00ab Vous oubliez l\u2019essentiel : la commission rappelle son avis du 11 juillet 2024, qui s\u2019oppose \u00e0 l\u2019unanimit\u00e9 au remplacement des vitraux de Viollet-le-Duc. Une lecture s\u00e9lective voire malhonn\u00eate&#8230; \u00bb tacle ainsi sur X le compte Sites et monuments.<\/p>\n<p class=\"paragraph text_align_left\">L\u2019association nationale reconnue d\u2019utilit\u00e9 publique agr\u00e9\u00e9e pour la protection de l\u2019environnement <a href=\"https:\/\/www.leparisien.fr\/paris-75\/notre-dame-de-paris-une-association-depose-un-recours-contre-le-remplacement-de-vitraux-deugene-viollet-le-duc-29-01-2025-ANW43KXAINA5JMDO4WDHUWV5JU.php\" target=\"_self\" rel=\"nofollow noopener\">avait d\u00e9pos\u00e9 \u00ab un premier recours<\/a> contre l\u2019enl\u00e8vement des vitraux d\u2019Eug\u00e8ne Viollet-le-Duc \u00e0 Notre-Dame \u00bb, class\u00e9s Monuments historiques, devant le tribunal administratif de Paris.<\/p>\n<p class=\"paragraph text_align_left\"><a href=\"https:\/\/www.leparisien.fr\/paris-75\/notre-dame-de-paris-une-petition-lancee-pour-la-conservation-des-vitraux-de-viollet-le-duc-11-12-2023-YLA5E5NSMZF3VHUGXSH4PXYB2M.php\" rel=\"nofollow noopener\" target=\"_blank\">Une p\u00e9tition<\/a> avait par ailleurs \u00e9t\u00e9 lanc\u00e9e en 2023 \u00e0 l\u2019initiative de Didier Rykner, fervent d\u00e9fenseur du patrimoine et fondateur du magazine La Tribune de l\u2019Art. Elle avait r\u00e9colt\u00e9 pr\u00e8s de 130 000 signatures.<\/p>\n<p class=\"paragraph text_align_left\">Color\u00e9 et \u00ab symbole d\u2019unit\u00e9 \u00bb selon l\u2019artiste, ce projet devra respecter un cahier des charges pr\u00e9cis : \u00ab un programme figuratif relatif \u00e0 la Pentec\u00f4te \u00bb en \u00ab ad\u00e9quation \u00bb avec le vitrail repr\u00e9sentant l\u2019arbre de Jess\u00e9 datant de 1864 qui, lui, restera en place. Ce th\u00e8me, fr\u00e9quent dans l\u2019art chr\u00e9tien, repr\u00e9sente une sch\u00e9matisation de la g\u00e9n\u00e9alogie du Christ.<\/p>\n<p class=\"paragraph text_align_left\">\u00c0 compter de la passation du march\u00e9 par l\u2019\u00e9tablissement public charg\u00e9 de reb\u00e2tir Notre-Dame, six mois d\u2019\u00e9tude sont pr\u00e9vus et environ un an et demi de r\u00e9alisation, selon l\u2019\u00c9lys\u00e9e et le dioc\u00e8se. Pour un budget de 4 millions d\u2019euros allou\u00e9s par le minist\u00e8re de la Culture.<\/p>\n","protected":false},"excerpt":{"rendered":"Une partie des vitraux de Notre-Dame de Paris seront bien remplac\u00e9s. Rachida Dati l\u2019a \u00e0 nouveau confirm\u00e9, jeudi,&hellip;\n","protected":false},"author":2,"featured_media":173454,"comment_status":"","ping_status":"","sticky":false,"template":"","format":"standard","meta":{"footnotes":""},"categories":[1888],"tags":[11,1777,674,1011,27,1944,12,626,25],"class_list":{"0":"post-173453","1":"post","2":"type-post","3":"status-publish","4":"format-standard","5":"has-post-thumbnail","7":"category-paris","8":"tag-actualites","9":"tag-eu","10":"tag-europe","11":"tag-fr","12":"tag-france","13":"tag-ma-ville","14":"tag-news","15":"tag-paris","16":"tag-republique-francaise"},"share_on_mastodon":{"url":"https:\/\/pubeurope.com\/@fr\/114676275842286660","error":""},"_links":{"self":[{"href":"https:\/\/www.europesays.com\/fr\/wp-json\/wp\/v2\/posts\/173453","targetHints":{"allow":["GET"]}}],"collection":[{"href":"https:\/\/www.europesays.com\/fr\/wp-json\/wp\/v2\/posts"}],"about":[{"href":"https:\/\/www.europesays.com\/fr\/wp-json\/wp\/v2\/types\/post"}],"author":[{"embeddable":true,"href":"https:\/\/www.europesays.com\/fr\/wp-json\/wp\/v2\/users\/2"}],"replies":[{"embeddable":true,"href":"https:\/\/www.europesays.com\/fr\/wp-json\/wp\/v2\/comments?post=173453"}],"version-history":[{"count":0,"href":"https:\/\/www.europesays.com\/fr\/wp-json\/wp\/v2\/posts\/173453\/revisions"}],"wp:featuredmedia":[{"embeddable":true,"href":"https:\/\/www.europesays.com\/fr\/wp-json\/wp\/v2\/media\/173454"}],"wp:attachment":[{"href":"https:\/\/www.europesays.com\/fr\/wp-json\/wp\/v2\/media?parent=173453"}],"wp:term":[{"taxonomy":"category","embeddable":true,"href":"https:\/\/www.europesays.com\/fr\/wp-json\/wp\/v2\/categories?post=173453"},{"taxonomy":"post_tag","embeddable":true,"href":"https:\/\/www.europesays.com\/fr\/wp-json\/wp\/v2\/tags?post=173453"}],"curies":[{"name":"wp","href":"https:\/\/api.w.org\/{rel}","templated":true}]}}