{"id":173465,"date":"2025-06-13T13:29:13","date_gmt":"2025-06-13T13:29:13","guid":{"rendered":"https:\/\/www.europesays.com\/fr\/173465\/"},"modified":"2025-06-13T13:29:13","modified_gmt":"2025-06-13T13:29:13","slug":"les-pays-deurope-de-lest-preparent-leurs-hopitaux-a-la-guerre","status":"publish","type":"post","link":"https:\/\/www.europesays.com\/fr\/173465\/","title":{"rendered":"Les pays d\u2019Europe de l\u2019Est pr\u00e9parent leurs h\u00f4pitaux \u00e0 la guerre"},"content":{"rendered":"\n<p>Un homme en veste militaire, mais avec un st\u00e9thoscope au cou et un casque orn\u00e9 d\u2019une croix rouge sur fond blanc. Clairement un infirmier militaire, \u00e9quip\u00e9 aussi d\u2019un masque \u00e0 gaz. Cette image angoissante s\u2019accompagne d\u2019un titre qui ne l\u2019est pas moins\u00a0: \u201cLes pays fronti\u00e8res de l\u2019UE pr\u00e9parent leurs h\u00f4pitaux pour la guerre\u201d.<\/p>\n<p>C\u2019est ainsi que se pr\u00e9sente <a class=\"ithalc\" data-ithal=\"lien_externe\" data-ithalc=\"[nav_article]\" target=\"_blank\" href=\"https:\/\/edition.pagesuite-professional.co.uk\/html5\/reader\/production\/default.aspx?pubname=&amp;pubid=926f0c8c-7f9b-4c0c-a74d-25af040856bf\" rel=\"nofollow noopener\">la premi\u00e8re page de l\u2019\u00e9dition hebdomadaire de <strong>Politico<\/strong><\/a><strong>,<\/strong> le site d\u2019information europ\u00e9en \u00e9tabli \u00e0 Bruxelles. Et son dernier num\u00e9ro est consacr\u00e9 aux efforts en cours dans les pays frontaliers de la Russie et de la Bi\u00e9lorussie. Car, comme l\u2019explique le m\u00e9dia anglophone, \u201cqu\u2019il s\u2019agisse de stocker des trousses de traumatologie en cas de pertes massives, ou d\u2019\u00e9quiper le personnel m\u00e9dical de gilets pare-balles, la planification sanitaire pour les temps de guerre n\u2019est plus hypoth\u00e9tique sur le flanc oriental de l\u2019Otan\u201d. Et les pays concern\u00e9s sont nombreux.<\/p>\n<p>               Des formations sur le terrain, en Ukraine       <\/p>\n<p>En Estonie, par exemple, \u201cen plus des gilets pare-balles pour les ambulanciers, des g\u00e9n\u00e9rateurs \u00e9lectriques sont install\u00e9s dans les h\u00f4pitaux pour rem\u00e9dier aux coupures de courant qui pourraient \u00eatre caus\u00e9es par des attaques russes aux infrastructures civiles, comme en Ukraine\u201d, note Politico. Dans ces m\u00eames h\u00f4pitaux, on s\u2019\u00e9quipe d\u00e9j\u00e0 pour pouvoir op\u00e9rer dans les sous-sols, potentiellement moins expos\u00e9s aux bombardements.<\/p>\n<p>D\u2019autres structures sanitaires dans la Lettonie voisine organisent des sessions de pr\u00e9paration en cas de guerre, tandis qu\u2019en Lituanie on fait encore mieux puisque \u201cle pays est en train de former une \u00e9quipe m\u00e9dicale d\u2019urgence et a m\u00eame envoy\u00e9 du personnel m\u00e9dical en Ukraine pour apprendre sur le terrain comment les h\u00f4pitaux g\u00e8rent les frappes de missile, les pertes massives et les coupures de courant\u201d, d\u00e9taille le m\u00e9dia bruxellois. En somme, chacun se pr\u00e9pare au pire, dans les pays Baltes comme en Pologne. En esp\u00e9rant que le sc\u00e9nario d\u2019un conflit puisse encore \u00eatre \u00e9vit\u00e9.<\/p>\n<p>Nos lecteurs ont lu\u00a0aussi<\/p>\n<p>Source de l\u2019article<\/p>\n<p>   <img decoding=\"async\" class=\"source-logo\" src=\"https:\/\/www.europesays.com\/fr\/wp-content\/uploads\/2025\/06\/c917d8b_1643653221353-politico.jpg\"  alt=\"Logo\" loading=\"lazy\" width=\"32\" height=\"32\"\/>  Politico Europe  (Bruxelles)       <\/p>\n<p>Lanc\u00e9 le 21\u00a0avril 2015 dans le but avou\u00e9 de \u201csecouer\u201d la couverture journalistique de l\u2019Union europ\u00e9enne, Politico Europe s\u2019est impos\u00e9 au fil des ann\u00e9es comme une source d\u2019information incontournable \u00e0 Bruxelles et au-del\u00e0. Constituant \u00e0 l\u2019origine une extension du site am\u00e9ricain cr\u00e9\u00e9 par deux signatures du Washington Post, le m\u00e9dia, de tendance europhile et progressiste, a \u00e9t\u00e9 enti\u00e8rement repris par le poids lourd allemand de la presse Axel Springer en 2021. \u00c0 l\u2019origine de nombreux scoops et de reportages de grande qualit\u00e9, Politico Europe s\u2019appuie sur une centaine de journalistes r\u00e9partis entre Bruxelles, Paris, Londres et Berlin, soit \u201ctous les centres de pouvoir\u201d du Vieux Continent.<\/p>\n<p>\u201cPlaybook\u201d, la newsletter phare de Politico Europe, toujours tr\u00e8s inform\u00e9e et garnie de jeux de mots grin\u00e7ants, est lue par 125\u00a0000\u00a0personnes \u00e0 Bruxelles et quelque 50\u00a0000\u00a0abonn\u00e9s \u00e0 Paris, des couloirs de l\u2019Assembl\u00e9e nationale aux cabinets minist\u00e9riels.<\/p>\n<p>      <a href=\"https:\/\/www.courrierinternational.com\/notule-source\/politico-bruxelles\" class=\"source-link\" rel=\"nofollow noopener\" target=\"_blank\">Lire la suite<\/a>                   <\/p>\n<p>Nos services<\/p>\n","protected":false},"excerpt":{"rendered":"Un homme en veste militaire, mais avec un st\u00e9thoscope au cou et un casque orn\u00e9 d\u2019une croix rouge&hellip;\n","protected":false},"author":2,"featured_media":173466,"comment_status":"","ping_status":"","sticky":false,"template":"","format":"standard","meta":{"footnotes":""},"categories":[1586],"tags":[11,1777,674,1011,27,1892,131,12,25,132,220,22336,2475],"class_list":{"0":"post-173465","1":"post","2":"type-post","3":"status-publish","4":"format-standard","5":"has-post-thumbnail","7":"category-europe","8":"tag-actualites","9":"tag-eu","10":"tag-europe","11":"tag-fr","12":"tag-france","13":"tag-gu00e9opolitique","14":"tag-guerre-en-ukraine","15":"tag-news","16":"tag-republique-francaise","17":"tag-russie","18":"tag-ukraine","19":"tag-une-du-jour","20":"tag-union-europu00e9enne"},"share_on_mastodon":{"url":"https:\/\/pubeurope.com\/@fr\/114676299561123970","error":""},"_links":{"self":[{"href":"https:\/\/www.europesays.com\/fr\/wp-json\/wp\/v2\/posts\/173465","targetHints":{"allow":["GET"]}}],"collection":[{"href":"https:\/\/www.europesays.com\/fr\/wp-json\/wp\/v2\/posts"}],"about":[{"href":"https:\/\/www.europesays.com\/fr\/wp-json\/wp\/v2\/types\/post"}],"author":[{"embeddable":true,"href":"https:\/\/www.europesays.com\/fr\/wp-json\/wp\/v2\/users\/2"}],"replies":[{"embeddable":true,"href":"https:\/\/www.europesays.com\/fr\/wp-json\/wp\/v2\/comments?post=173465"}],"version-history":[{"count":0,"href":"https:\/\/www.europesays.com\/fr\/wp-json\/wp\/v2\/posts\/173465\/revisions"}],"wp:featuredmedia":[{"embeddable":true,"href":"https:\/\/www.europesays.com\/fr\/wp-json\/wp\/v2\/media\/173466"}],"wp:attachment":[{"href":"https:\/\/www.europesays.com\/fr\/wp-json\/wp\/v2\/media?parent=173465"}],"wp:term":[{"taxonomy":"category","embeddable":true,"href":"https:\/\/www.europesays.com\/fr\/wp-json\/wp\/v2\/categories?post=173465"},{"taxonomy":"post_tag","embeddable":true,"href":"https:\/\/www.europesays.com\/fr\/wp-json\/wp\/v2\/tags?post=173465"}],"curies":[{"name":"wp","href":"https:\/\/api.w.org\/{rel}","templated":true}]}}