{"id":17347,"date":"2025-04-11T13:08:16","date_gmt":"2025-04-11T13:08:16","guid":{"rendered":"https:\/\/www.europesays.com\/fr\/17347\/"},"modified":"2025-04-11T13:08:16","modified_gmt":"2025-04-11T13:08:16","slug":"rennes-apres-lintervention-des-pompiers-pour-une-grosse-fuite-deau-la-peniche-la-musette-a-rouvert","status":"publish","type":"post","link":"https:\/\/www.europesays.com\/fr\/17347\/","title":{"rendered":"Rennes. Apr\u00e8s l&rsquo;intervention des pompiers pour une grosse fuite d&rsquo;eau, la p\u00e9niche La Musette a rouvert"},"content":{"rendered":"<p>            Par<br \/>\n        <strong><br \/>\n            <a href=\"https:\/\/actu.fr\/auteur\/brian-legoff\" title=\"Consulter tous les articles de Brian Le Goff\" rel=\"nofollow noopener\" target=\"_blank\">Brian Le Goff<\/a><br \/>\n        <\/strong><\/p>\n<p>        Publi\u00e9 le<\/p>\n<p>            10 avr. 2025 \u00e0 18h34        <\/p>\n<p>Le <strong>dispositif<\/strong> des <a href=\"https:\/\/actu.fr\/tag\/pompiers\" rel=\"nofollow noopener\" target=\"_blank\">pompiers<\/a>, bloquant l\u2019un des axes principaux de Rennes en pleine heure de pointe, \u00e9tait <strong>impressionnant<\/strong>, mardi 8 avril, aux alentours de 17 h. En effet, sur le quai Saint-Cast, devant la <a href=\"https:\/\/actu.fr\/bretagne\/rennes_35238\/photos-on-a-passe-une-soiree-dans-la-premiere-peniche-bar-de-rennes_59654594.html\" rel=\"nofollow noopener\" target=\"_blank\">p\u00e9niche La Musette<\/a>, plusieurs v\u00e9hicules et une vingtaine de pompiers \u00e9taient mobilis\u00e9s. <a href=\"https:\/\/actu.fr\/bretagne\/rennes_35238\/rennes-de-l-eau-penetre-dans-cette-peniche-qui-commence-a-pencher-les-pompiers-sur-place_62483731.html\" rel=\"nofollow noopener\" target=\"_blank\">De l\u2019eau avait p\u00e9n\u00e9tr\u00e9 le bateau \u00ab\u00a0qui commen\u00e7ait \u00e0 pencher\u00a0\u00bb<\/a>. 48 heures apr\u00e8s cet incident, <strong>J\u00e9r\u00e9my Leduc<\/strong>, le cog\u00e9rant du lieu, qui a rouvert d\u00e8s mercredi soir, a accept\u00e9 de <strong>revenir sur les faits<\/strong>.<\/p>\n<p>\u00ab\u00a0Nous arrivions pour ouvrir et l\u2019eau recouvrait le sol\u00a0\u00bb<\/p>\n<p class=\" wall-content\">En milieu d\u2019apr\u00e8s-midi, mardi 8 avril, il d\u00e9barque sur la p\u00e9niche avec l\u2019une des employ\u00e9es quand il remarque que \u2018l\u2019eau recouvrait le sol.\u00a0\u00bb<\/p>\n<p class=\" wall-content\">Imm\u00e9diatement, le cog\u00e9rant fait appel aux secours qui se d\u00e9ploient rapidement sur place. Apr\u00e8s quelques dizaines de minutes de doutes, les pompiers comprennent qu\u2019il ne s\u2019agit pas de l\u2019eau du canal d\u2019Ille-et-Rance, ni d\u2019eaux us\u00e9es. Pendant ce temps, avec le poids des <strong>90 m\u00b3 d\u2019eau cumul\u00e9s<\/strong>, l\u2019arri\u00e8re de la p\u00e9niche s\u2019\u00e9tait enfonc\u00e9e de quelques dizaines de centim\u00e8tres dans l\u2019eau, <strong>sans toutefois risquer de couler.<\/strong><\/p>\n<p class=\" wall-content\"><a href=\"https:\/\/www.instagram.com\/p\/DID_N3QC7Ob\/embed\" title=\"Ouvrir le lien sur Instagram\" rel=\"nofollow noopener\" target=\"_blank\">Visualiser le contenu sur Instagram<\/a><\/p>\n<p class=\" wall-content\">Sur place, un agent de la R\u00e9gion Bretagne, gestionnaire des cours d\u2019eau, pr\u00e9cisait m\u00eame qu\u2019il \u00e9tait <strong>presque impossible qu\u2019elle coule<\/strong> du fait de la l\u00e9g\u00e8re profondeur du canal au bord des quais.<\/p>\n<p class=\" wall-content\">Reste donc une seule possibilit\u00e9, <strong>l\u2019eau potable<\/strong> provenant du r\u00e9seau de la Ville qui alimente la p\u00e9niche. Mais encore faut-il comprendre le probl\u00e8me. Ainsi, l\u2019alimentation en eau a \u00e9t\u00e9 coup\u00e9e et les secours ont pomp\u00e9 l\u2019eau pour trouver d\u2019o\u00f9 provenait la fuite.<\/p>\n<blockquote class=\"ac-article-quote wall-content\">\n<p>Nous avons sur la p\u00e9niche deux grandes cuves d&rsquo;eau potable pour nos besoins. C&rsquo;est en fait la pompe reli\u00e9e \u00e0 l&rsquo;arriv\u00e9e d&rsquo;eau potable de la ville et les cuves qui a \u00e9t\u00e9 d\u00e9fectueuse. Elle ne s&rsquo;est pas d\u00e9clench\u00e9e et arr\u00eat\u00e9e comme il le fallait. Le dernier service avant mardi remontant \u00e0 samedi soir, nous pensons que le probl\u00e8me a d\u00e9but\u00e9 tr\u00e8s rapidement apr\u00e8s la fermeture du lieu dans la nuit de samedi \u00e0 dimanche.<\/p>\n<p>    <strong>J\u00e9r\u00e9my leduc<\/strong><br \/>\n        Cog\u00e9rant de la p\u00e9niche La Musette    <\/p><\/blockquote>\n<p class=\" wall-content\"><strong>Plus de peur que de mal finalement.<\/strong> Un professionnel est ainsi intervenu dans la journ\u00e9e de mercredi sur la p\u00e9niche pour \u00e9lucider la panne. \u00c0 l\u2019int\u00e9rieur, le cog\u00e9rant de la p\u00e9niche observe que seul un r\u00e9frig\u00e9rateur ne fonctionne plus. \u00ab\u00a0Tout a \u00e9t\u00e9 sauv\u00e9 et retest\u00e9. <strong>C\u2019\u00e9tait juste un coup de pas de chance\u00a0\u00bb<\/strong>, relativise \u00e0 pr\u00e9sent J\u00e9r\u00e9my Leduc, qui a pu rouvrir la p\u00e9niche d\u00e8s mercredi soir.<\/p>\n<p class=\" wall-content\">Suivez toute l\u2019actualit\u00e9 de vos villes et m\u00e9dias favoris en vous inscrivant \u00e0 <a href=\"https:\/\/moncompte.actu.fr\" title=\"D\u00e9couvez Mon Actu\" rel=\"nofollow noopener\" data-trk=\"{&quot;cta&quot;:{&quot;action&quot;:&quot;https:\\\/\\\/moncompte.actu.fr&quot;,&quot;category&quot;:&quot;mon compte&quot;,&quot;from&quot;:&quot;article footer&quot;,&quot;name&quot;:&quot;Mon actu&quot;,&quot;type&quot;:&quot;cta&quot;}}\" target=\"_blank\">Mon Actu<\/a>.<\/p>\n<p>                    <script async src=\"\/\/www.instagram.com\/embed.js\"><\/script><\/p>\n","protected":false},"excerpt":{"rendered":"Par Brian Le Goff Publi\u00e9 le 10 avr. 2025 \u00e0 18h34 Le dispositif des pompiers, bloquant l\u2019un des&hellip;\n","protected":false},"author":2,"featured_media":17348,"comment_status":"","ping_status":"","sticky":false,"template":"","format":"standard","meta":{"footnotes":""},"categories":[2821],"tags":[1111,11,829,33,1777,674,1011,27,12,1311,584,25,7009],"class_list":{"0":"post-17347","1":"post","2":"type-post","3":"status-publish","4":"format-standard","5":"has-post-thumbnail","7":"category-rennes","8":"tag-actu","9":"tag-actualites","10":"tag-bretagne","11":"tag-economie","12":"tag-eu","13":"tag-europe","14":"tag-fr","15":"tag-france","16":"tag-news","17":"tag-pompiers","18":"tag-rennes","19":"tag-republique-francaise","20":"tag-vilaine"},"share_on_mastodon":{"url":"https:\/\/pubeurope.com\/@fr\/114319491440262638","error":""},"_links":{"self":[{"href":"https:\/\/www.europesays.com\/fr\/wp-json\/wp\/v2\/posts\/17347","targetHints":{"allow":["GET"]}}],"collection":[{"href":"https:\/\/www.europesays.com\/fr\/wp-json\/wp\/v2\/posts"}],"about":[{"href":"https:\/\/www.europesays.com\/fr\/wp-json\/wp\/v2\/types\/post"}],"author":[{"embeddable":true,"href":"https:\/\/www.europesays.com\/fr\/wp-json\/wp\/v2\/users\/2"}],"replies":[{"embeddable":true,"href":"https:\/\/www.europesays.com\/fr\/wp-json\/wp\/v2\/comments?post=17347"}],"version-history":[{"count":0,"href":"https:\/\/www.europesays.com\/fr\/wp-json\/wp\/v2\/posts\/17347\/revisions"}],"wp:featuredmedia":[{"embeddable":true,"href":"https:\/\/www.europesays.com\/fr\/wp-json\/wp\/v2\/media\/17348"}],"wp:attachment":[{"href":"https:\/\/www.europesays.com\/fr\/wp-json\/wp\/v2\/media?parent=17347"}],"wp:term":[{"taxonomy":"category","embeddable":true,"href":"https:\/\/www.europesays.com\/fr\/wp-json\/wp\/v2\/categories?post=17347"},{"taxonomy":"post_tag","embeddable":true,"href":"https:\/\/www.europesays.com\/fr\/wp-json\/wp\/v2\/tags?post=17347"}],"curies":[{"name":"wp","href":"https:\/\/api.w.org\/{rel}","templated":true}]}}