{"id":173482,"date":"2025-06-13T13:40:09","date_gmt":"2025-06-13T13:40:09","guid":{"rendered":"https:\/\/www.europesays.com\/fr\/173482\/"},"modified":"2025-06-13T13:40:09","modified_gmt":"2025-06-13T13:40:09","slug":"en-2026-les-24-heures-du-mans-auront-lieu-les-13-et-14-juin","status":"publish","type":"post","link":"https:\/\/www.europesays.com\/fr\/173482\/","title":{"rendered":"En 2026, les 24\u00a0Heures du Mans auront lieu les 13 et 14\u00a0juin"},"content":{"rendered":"<p>L\u2019\u00e9dition 2026 des <a href=\"https:\/\/www.ouest-france.fr\/sport\/24-heures-du-mans\/\" target=\"_self\" rel=\"noopener\">24\u00a0Heures du Mans<\/a>, l\u2019une des courses d\u2019endurance les plus prestigieuses au monde, se d\u00e9roulera les 13 et 14\u00a0juin 2026 sur le l\u00e9gendaire circuit de la Sarthe. Cet \u00e9v\u00e9nement embl\u00e9matique, organis\u00e9 par l\u2019Automobile Club de l\u2019Ouest (ACO), attire chaque ann\u00e9e des centaines de milliers de passionn\u00e9s de sport automobile venus du monde entier.<\/p>\n<p>Cette 94e \u00e9dition promet d\u2019\u00eatre particuli\u00e8rement spectaculaire, avec la participation confirm\u00e9e de constructeurs majeurs tels que Toyota, Ferrari, Porsche, Peugeot, et Cadillac, tous engag\u00e9s dans la cat\u00e9gorie Hypercar. L\u2019\u00e9dition 2026 enregistrera aussi l\u2019arriv\u00e9e d\u2019un nouveau constructeur dans la cat\u00e9gorie Hypercar avec Genesis, la marque premium du constructeur cor\u00e9en Hyundai. En 2027, McLaren et <a href=\"https:\/\/lemans.maville.com\/sport\/detail_-24-heures-du-mans.-go-like-hell-ford-confirme-son-retour-en-categorie-reine-de-l-endurance-_14-6658196_actu.Htm\" target=\"_self\" rel=\"noopener\">Ford<\/a> seront aussi de la partie.<\/p>\n<p>Clash avec la Formule 1<\/p>\n<p>La tradition veut que les 24\u00a0Heures du Mans se disputent \u00e0 l\u2019occasion de la 24e semaine de l\u2019ann\u00e9e. Une fois encore, l\u2019Automobile Club de l\u2019Ouest ne d\u00e9roge pas \u00e0 cette r\u00e8gle qui avait \u00e9t\u00e9 transgress\u00e9e seulement \u00e0 quatre reprises dans l\u2019histoire\u00a0: en 2020, 2021 et en 1968 et 1949.<\/p>\n<p><strong>Lire aussi\u00a0: <\/strong> <a href=\"https:\/\/www.ouest-france.fr\/sport\/24-heures-du-mans\/direct-24h-du-mans-2025-des-annonces-a-venir-suivez-la-conference-de-presse-de-laco-en-live-9b17213f-e4a8-46ec-9aa9-27f94c4c5151\" target=\"_self\" rel=\"noopener\">DIRECT. 24H du Mans 2025\u00a0: la date de l\u2019\u00e9dition 2026 d\u00e9voil\u00e9e, suivez le point presse de l\u2019ACO<\/a><\/p>\n<p>En 2026, la 94e \u00e9dition est programm\u00e9e le m\u00eame jour que le Grand Prix de Formule 1\u00a0d\u2019Espagne disput\u00e9 sur le circuit catalan de Barcelone. Ce type de clash est, somme toute, in\u00e9vitable avec <a href=\"https:\/\/rennes.maville.com\/sport\/detail_-f1.-fini-imola-madrid-nouvel-entrant-et-monaco-decale-en-juin...-le-calendrier-de-la-saison-2026-_54135-6846794_actu.Htm\" target=\"_self\" rel=\"noopener\">un calendrier de F1\u00a0qui compte d\u00e9sormais 24\u00a0dates<\/a>. Par contre, il n\u2019y aura pas de conflit avec le championnat de Formule E (monoplace \u00e9lectrique).<\/p>\n<p>\u00a0<\/p>\n","protected":false},"excerpt":{"rendered":"L\u2019\u00e9dition 2026 des 24\u00a0Heures du Mans, l\u2019une des courses d\u2019endurance les plus prestigieuses au monde, se d\u00e9roulera les&hellip;\n","protected":false},"author":2,"featured_media":173483,"comment_status":"","ping_status":"","sticky":false,"template":"","format":"standard","meta":{"footnotes":""},"categories":[1412],"tags":[18876,5659,5734,2466,1451,1452,1453,1454,1455,1011,27,6203,3687,7018,2047,60],"class_list":{"0":"post-173482","1":"post","2":"type-post","3":"status-publish","4":"format-standard","5":"has-post-thumbnail","7":"category-f1","8":"tag-18876","9":"tag-5659","10":"tag-5734","11":"tag-2466","12":"tag-f1","13":"tag-formula-1","14":"tag-formula1","15":"tag-formule-1","16":"tag-formule1","17":"tag-fr","18":"tag-france","19":"tag-heures","20":"tag-juin","21":"tag-lieu","22":"tag-mans","23":"tag-sports"},"share_on_mastodon":{"url":"https:\/\/pubeurope.com\/@fr\/114676342686552122","error":""},"_links":{"self":[{"href":"https:\/\/www.europesays.com\/fr\/wp-json\/wp\/v2\/posts\/173482","targetHints":{"allow":["GET"]}}],"collection":[{"href":"https:\/\/www.europesays.com\/fr\/wp-json\/wp\/v2\/posts"}],"about":[{"href":"https:\/\/www.europesays.com\/fr\/wp-json\/wp\/v2\/types\/post"}],"author":[{"embeddable":true,"href":"https:\/\/www.europesays.com\/fr\/wp-json\/wp\/v2\/users\/2"}],"replies":[{"embeddable":true,"href":"https:\/\/www.europesays.com\/fr\/wp-json\/wp\/v2\/comments?post=173482"}],"version-history":[{"count":0,"href":"https:\/\/www.europesays.com\/fr\/wp-json\/wp\/v2\/posts\/173482\/revisions"}],"wp:featuredmedia":[{"embeddable":true,"href":"https:\/\/www.europesays.com\/fr\/wp-json\/wp\/v2\/media\/173483"}],"wp:attachment":[{"href":"https:\/\/www.europesays.com\/fr\/wp-json\/wp\/v2\/media?parent=173482"}],"wp:term":[{"taxonomy":"category","embeddable":true,"href":"https:\/\/www.europesays.com\/fr\/wp-json\/wp\/v2\/categories?post=173482"},{"taxonomy":"post_tag","embeddable":true,"href":"https:\/\/www.europesays.com\/fr\/wp-json\/wp\/v2\/tags?post=173482"}],"curies":[{"name":"wp","href":"https:\/\/api.w.org\/{rel}","templated":true}]}}