{"id":173490,"date":"2025-06-13T13:44:10","date_gmt":"2025-06-13T13:44:10","guid":{"rendered":"https:\/\/www.europesays.com\/fr\/173490\/"},"modified":"2025-06-13T13:44:10","modified_gmt":"2025-06-13T13:44:10","slug":"une-fresque-inedite-de-paul-cezanne-devoilee-dans-sa-propriete-familiale","status":"publish","type":"post","link":"https:\/\/www.europesays.com\/fr\/173490\/","title":{"rendered":"Une fresque in\u00e9dite de Paul C\u00e9zanne d\u00e9voil\u00e9e dans sa propri\u00e9t\u00e9 familiale"},"content":{"rendered":"<p>Derri\u00e8re les couches d\u2019enduit, une \u0153uvre d\u2019art. Jeudi, une partie d\u2019une fresque murale r\u00e9alis\u00e9e par le <a href=\"https:\/\/www.20minutes.fr\/arts-stars\/culture\/3252111-20220314-reims-un-dessin-de-jeunesse-de-paul-cezanne-vendu-26-000-euros-aux-encheres\" class=\"color-ultramarine c-link\" rel=\"nofollow noopener\" target=\"_blank\">peintre Paul C\u00e9zanne<\/a> a \u00e9t\u00e9 d\u00e9voil\u00e9e dans la bastide du Jas de Bouffan, \u00e0 <a href=\"https:\/\/www.20minutes.fr\/dossier\/aix-provence\" class=\"color-ultramarine c-link\" rel=\"nofollow noopener\" target=\"_blank\">Aix-en-Provence<\/a>, apr\u00e8s plusieurs mois de restauration.<\/p>\n<p>Ce d\u00e9cor, d\u00e9couvert fin janvier, a \u00e9t\u00e9 r\u00e9v\u00e9l\u00e9 sous plusieurs couches de peinture blanche. Pour l\u2019instant, seul le m\u00e9daillon central, de couleur bleue, agr\u00e9ment\u00e9 de fleurs, est visible.<\/p>\n<blockquote class=\"twitter-tweet\" align=\"center\" data-lang=\"fr_FR\">\n<p lang=\"fr\" dir=\"ltr\">\ud835\udde8\ud835\uddfb \ud835\uddfb\ud835\uddfc\ud835\ude02\ud835\ude03\ud835\uddf2\ud835\uddee\ud835\ude02 \ud835\ude01\ud835\uddff\ud835\uddf2\u0301\ud835\ude00\ud835\uddfc\ud835\uddff \ud835\uddee\ud835\uddf6\ud835\ude05\ud835\uddfc\ud835\uddf6\ud835\ude00 \ud835\uddee\u0300 \ud835\uddf9\ud835\uddee \ud835\uddd5\ud835\uddee\ud835\ude00\ud835\ude01\ud835\uddf6\ud835\uddf1\ud835\uddf2 \ud835\uddf1\ud835\ude02 \ud835\udddd\ud835\uddee\ud835\ude00 \ud835\uddf1\ud835\uddf2 \ud835\uddd5\ud835\uddfc\ud835\ude02\ud835\uddf3\ud835\uddf3\ud835\uddee\ud835\uddfb ! \ud83c\udfa8<br \/>C\u2019est une d\u00e9couverte qui va faire parler d\u2019Aix-en-Provence dans le monde entier ! Il s\u2019agit sans doute de l\u2019une des plus grandes \u0153uvres Paul Cezanne encore jamais d\u00e9voil\u00e9e.\u2026 <a href=\"https:\/\/t.co\/oqVY7IVZTO\" rel=\"nofollow\">pic.twitter.com\/oqVY7IVZTO<\/a><\/p>\n<p>\u2014 Aix-en-Provence (@aixmaville) <a href=\"https:\/\/twitter.com\/aixmaville\/status\/1933100122000273660?ref_src=twsrc%5Etfw\" rel=\"nofollow noopener\" target=\"_blank\">June 12, 2025<\/a><\/p><\/blockquote>\n<p class=\"mb-m@xs text-l@xs\">En cliquant sur\u00ab J\u2019accepte \u00bb, vous acceptez le d\u00e9p\u00f4t de cookies par des services externes et aurez ainsi acc\u00e8s aux contenus de nos partenaires.<\/p>\n<p class=\"mb-xl@xs text-s@xs\">Plus d\u2019informations sur la page<a href=\"https:\/\/www.20minutes.fr\/gestion-cookies\" class=\"mx-xxs@xs color-ultramarine\" rel=\"nofollow noopener\" target=\"_blank\">Politique de gestion des cookies<\/a><\/p>\n<p>J\u2019accepteUne fresque des ann\u00e9es\u00a01860<\/p>\n<p>Plusieurs phases d\u2019\u00e9tudes ont \u00e9t\u00e9 men\u00e9es depuis\u00a02019 pour sonder la pi\u00e8ce de la propri\u00e9t\u00e9 familiale du peintre. C\u2019est en\u00a02023 que la pr\u00e9sence d\u2019un d\u00e9cor original attribu\u00e9 \u00e0 l\u2019artiste est r\u00e9v\u00e9l\u00e9e, rapporte ainsi <a href=\"https:\/\/france3-regions.franceinfo.fr\/provence-alpes-cote-d-azur\/bouches-du-rhone\/aix-en-provence\/c-etait-son-terrain-de-jeu-tout-concorde-une-fresque-inedite-de-paul-cezanne-refait-surface-dans-la-bastide-familiale-3169992.html\" rel=\"nofollow noopener\" target=\"_blank\" class=\"color-ultramarine c-link\">France 3 Provence-Alpes-C\u00f4te d\u2019Azur<\/a>.<\/p>\n<p>Gr\u00e2ce \u00e0 l\u2019analyse des pigments, notamment du \u00ab\u00a0bleu de Guimet\u00a0\u00bb utilis\u00e9 par l\u2019artiste, l\u2019\u0153uvre a pu \u00eatre dat\u00e9e des ann\u00e9es\u00a01860. \u00ab\u00a0C\u00e9zanne part d\u2019un d\u00e9cor du XVIIIe\u00a0si\u00e8cle existant \u2013 gypserie aixoise d\u00e9j\u00e0 peinte \u2013 pour le transformer et le colorer \u00e0 la mani\u00e8re du XIXe\u00a0si\u00e8cle\u00a0\u00bb, explique Antoinette Sinigaglia, restauratrice de peinture murale, cit\u00e9e par nos confr\u00e8res. A cette \u00e9poque, Paul C\u00e9zanne a une vingtaine d\u2019ann\u00e9es\u00a0: le d\u00e9cor correspond ainsi \u00e0 son d\u00e9but de carri\u00e8re.<\/p>\n<p>La fresque pourra \u00eatre admir\u00e9e par le grand public d\u00e8s le 28\u00a0juin, dans le cadre plus large de \u00ab\u00a0l\u2019ann\u00e9e C\u00e9zanne\u00a0\u00bb, c\u00e9l\u00e9br\u00e9e par la ville d\u2019Aix. La maire, <a href=\"https:\/\/www.20minutes.fr\/politique\/3129463-20210923-aix-provence-dynastie-maires-fille\" class=\"color-ultramarine c-link\" rel=\"nofollow noopener\" target=\"_blank\">Sophie Joissains<\/a>, a par ailleurs annonc\u00e9 la cr\u00e9ation d\u2019un comit\u00e9 scientifique pour superviser la restauration totale de la bastide. Dans l\u2019espoir que d\u2019autres chefs-d\u2019\u0153uvre se r\u00e9v\u00e8lent.<\/p>\n<p><script async src=\"https:\/\/platform.twitter.com\/widgets.js\" charset=\"utf-8\"><\/script><\/p>\n","protected":false},"excerpt":{"rendered":"Derri\u00e8re les couches d\u2019enduit, une \u0153uvre d\u2019art. Jeudi, une partie d\u2019une fresque murale r\u00e9alis\u00e9e par le peintre Paul&hellip;\n","protected":false},"author":2,"featured_media":173491,"comment_status":"","ping_status":"","sticky":false,"template":"","format":"standard","meta":{"footnotes":""},"categories":[1358],"tags":[7404,3734,1348,1384,1385,885,251,1386,58,59,1011,27,883,1585,882],"class_list":{"0":"post-173490","1":"post","2":"type-post","3":"status-publish","4":"format-standard","5":"has-post-thumbnail","7":"category-arts-et-design","8":"tag-aix-en-provence","9":"tag-art","10":"tag-arts","11":"tag-arts-and-design","12":"tag-arts-et-design","13":"tag-bouches-du-rhone","14":"tag-culture","15":"tag-design","16":"tag-divertissement","17":"tag-entertainment","18":"tag-fr","19":"tag-france","20":"tag-paca","21":"tag-peinture","22":"tag-provence-alpes-cote-dazur"},"share_on_mastodon":{"url":"https:\/\/pubeurope.com\/@fr\/114676358447126479","error":""},"_links":{"self":[{"href":"https:\/\/www.europesays.com\/fr\/wp-json\/wp\/v2\/posts\/173490","targetHints":{"allow":["GET"]}}],"collection":[{"href":"https:\/\/www.europesays.com\/fr\/wp-json\/wp\/v2\/posts"}],"about":[{"href":"https:\/\/www.europesays.com\/fr\/wp-json\/wp\/v2\/types\/post"}],"author":[{"embeddable":true,"href":"https:\/\/www.europesays.com\/fr\/wp-json\/wp\/v2\/users\/2"}],"replies":[{"embeddable":true,"href":"https:\/\/www.europesays.com\/fr\/wp-json\/wp\/v2\/comments?post=173490"}],"version-history":[{"count":0,"href":"https:\/\/www.europesays.com\/fr\/wp-json\/wp\/v2\/posts\/173490\/revisions"}],"wp:featuredmedia":[{"embeddable":true,"href":"https:\/\/www.europesays.com\/fr\/wp-json\/wp\/v2\/media\/173491"}],"wp:attachment":[{"href":"https:\/\/www.europesays.com\/fr\/wp-json\/wp\/v2\/media?parent=173490"}],"wp:term":[{"taxonomy":"category","embeddable":true,"href":"https:\/\/www.europesays.com\/fr\/wp-json\/wp\/v2\/categories?post=173490"},{"taxonomy":"post_tag","embeddable":true,"href":"https:\/\/www.europesays.com\/fr\/wp-json\/wp\/v2\/tags?post=173490"}],"curies":[{"name":"wp","href":"https:\/\/api.w.org\/{rel}","templated":true}]}}