{"id":173494,"date":"2025-06-13T13:46:16","date_gmt":"2025-06-13T13:46:16","guid":{"rendered":"https:\/\/www.europesays.com\/fr\/173494\/"},"modified":"2025-06-13T13:46:16","modified_gmt":"2025-06-13T13:46:16","slug":"itc-spoiler-le-cadeau-de-stanislas-a-coline","status":"publish","type":"post","link":"https:\/\/www.europesays.com\/fr\/173494\/","title":{"rendered":"ITC &#8211; [SPOILER] &#8211; Le cadeau de Stanislas \u00e0 Coline"},"content":{"rendered":"<p id=\"descriptionPanel\" aria-labelledby=\"descriptionArrow\" aria-expanded=\"false\" class=\"mr-2 line-clamp-2 pr-2.5 text-secondary overflow-visible\">Stanislas du Chesnay tient \u00e0 remercier Coline Morel. Gr\u00e2ce \u00e0 la p\u00e9tition de la jeune femme, Stanislas a obtenu gain de cause : une \u00e9preuve de salle a \u00e9t\u00e9 ajout\u00e9e aux examens de fin d&rsquo;ann\u00e9e. Pour la remercier, le ma\u00eetre d&rsquo;h\u00f4tel d\u00e9cide d&rsquo;offrir \u00e0 son \u00e9l\u00e8ve l&rsquo;un des livres de sa collection personnelle. Conscient du go\u00fbt de Coline pour la lecture, Stanislas fait mouche. Coline se montre tr\u00e8s touch\u00e9e par ce geste&#8230; Spoiler de l&rsquo;\u00e9pisode 1200 d&rsquo;Ici tout commence. Retrouvez \u00ab\u00a0Ici tout commence\u00a0\u00bb, du lundi au vendredi \u00e0 18h35 sur TF1.<\/p>\n<p><a class=\"shrink-0\" href=\"https:\/\/www.tf1.fr\/tf1\/ici-tout-commence\" target=\"_blank\" rel=\"noopener\"><img decoding=\"async\" src=\"https:\/\/www.europesays.com\/fr\/wp-content\/uploads\/2025\/05\/program-card-portrait-1-0d2bc5-87b354-0@1x.jpg\" width=\"138\" height=\"184\" alt=\"\" loading=\"eager\" fetchpriority=\"auto\" class=\"aspect-[3\/4] h-24 w-auto rounded-3px\" aria-hidden=\"true\"\/><\/a><\/p>\n","protected":false},"excerpt":{"rendered":"Stanislas du Chesnay tient \u00e0 remercier Coline Morel. Gr\u00e2ce \u00e0 la p\u00e9tition de la jeune femme, Stanislas a&hellip;\n","protected":false},"author":2,"featured_media":173495,"comment_status":"","ping_status":"","sticky":false,"template":"","format":"standard","meta":{"footnotes":""},"categories":[1356],"tags":[58,59,3483,14231,1011,27,620,14232,14234,252,1364,14235,14233],"class_list":{"0":"post-173494","1":"post","2":"type-post","3":"status-publish","4":"format-standard","5":"has-post-thumbnail","7":"category-television","8":"tag-divertissement","9":"tag-entertainment","10":"tag-extrait","11":"tag-extrait-ici-tout-commence","12":"tag-fr","13":"tag-france","14":"tag-ici-tout-commence","15":"tag-ici-tout-commence-extrait","16":"tag-streaming-ici-tout-commence","17":"tag-television","18":"tag-tv","19":"tag-video-en-streaming-ici-tout-commence","20":"tag-video-ici-tout-commence"},"share_on_mastodon":{"url":"https:\/\/pubeurope.com\/@fr\/114676366411803398","error":""},"_links":{"self":[{"href":"https:\/\/www.europesays.com\/fr\/wp-json\/wp\/v2\/posts\/173494","targetHints":{"allow":["GET"]}}],"collection":[{"href":"https:\/\/www.europesays.com\/fr\/wp-json\/wp\/v2\/posts"}],"about":[{"href":"https:\/\/www.europesays.com\/fr\/wp-json\/wp\/v2\/types\/post"}],"author":[{"embeddable":true,"href":"https:\/\/www.europesays.com\/fr\/wp-json\/wp\/v2\/users\/2"}],"replies":[{"embeddable":true,"href":"https:\/\/www.europesays.com\/fr\/wp-json\/wp\/v2\/comments?post=173494"}],"version-history":[{"count":0,"href":"https:\/\/www.europesays.com\/fr\/wp-json\/wp\/v2\/posts\/173494\/revisions"}],"wp:featuredmedia":[{"embeddable":true,"href":"https:\/\/www.europesays.com\/fr\/wp-json\/wp\/v2\/media\/173495"}],"wp:attachment":[{"href":"https:\/\/www.europesays.com\/fr\/wp-json\/wp\/v2\/media?parent=173494"}],"wp:term":[{"taxonomy":"category","embeddable":true,"href":"https:\/\/www.europesays.com\/fr\/wp-json\/wp\/v2\/categories?post=173494"},{"taxonomy":"post_tag","embeddable":true,"href":"https:\/\/www.europesays.com\/fr\/wp-json\/wp\/v2\/tags?post=173494"}],"curies":[{"name":"wp","href":"https:\/\/api.w.org\/{rel}","templated":true}]}}