{"id":173500,"date":"2025-06-13T13:49:19","date_gmt":"2025-06-13T13:49:19","guid":{"rendered":"https:\/\/www.europesays.com\/fr\/173500\/"},"modified":"2025-06-13T13:49:19","modified_gmt":"2025-06-13T13:49:19","slug":"vers-une-nouvelle-strategie-de-prise-en-charge-de-lavc","status":"publish","type":"post","link":"https:\/\/www.europesays.com\/fr\/173500\/","title":{"rendered":"vers une nouvelle strat\u00e9gie de prise en charge de l&rsquo;AVC"},"content":{"rendered":"<p>             <a href=\"https:\/\/ma-sante.news\/wp-content\/uploads\/2025\/06\/AVC-infarctus-maladies-cardiovasculaires-decouverte-prise-en-charge-Ma-Sante.jpg\" data-caption=\"Certaines personnes, selon leur groupe sanguin, auraient un risque plus \u00e9lev\u00e9 de d\u00e9velopper des maladies cardiovasculaires. \u00a9 Freepik\" target=\"_blank\" rel=\"noopener\"><img loading=\"lazy\" decoding=\"async\" width=\"696\" height=\"494\" class=\"entry-thumb td-modal-image\" src=\"data:image\/svg+xml,%3Csvg%20xmlns=\" http:=\"\" data-lazy- data-lazy- alt=\"Des chercheurs qui \u00e9tudient les maladies cardiovasculaires.\" title=\"AVC infarctus maladies cardiovasculaires de\u0301couverte prise en charge Ma Sante\u0301\" data-lazy-src=\"https:\/\/www.europesays.com\/fr\/wp-content\/uploads\/2025\/06\/AVC-infarctus-maladies-cardiovasculaires-decouverte-prise-en-charge-Ma-Sante-696x494.jpg\"\/><\/a>Certaines personnes, selon leur groupe sanguin, auraient un risque plus \u00e9lev\u00e9 de d\u00e9velopper des maladies cardiovasculaires. \u00a9 Freepik                                    \t\t\t             <a class=\"gofollow\" data-track=\"MjgsMCwxLDYw\" href=\"https:\/\/ma-sante.news\/inscrivez-vous-a-notre-newsletter\/\" target=\"_blank\" rel=\"noopener\"><img loading=\"lazy\" decoding=\"async\" width=\"1068\" height=\"131\" src=\"data:image\/svg+xml,%3Csvg%20xmlns=\" http:=\"\" data-lazy-src=\"https:\/\/www.europesays.com\/fr\/wp-content\/uploads\/2025\/03\/banniere-newsletter.png\"\/><\/a> <\/p>\n<p><a href=\"https:\/\/ma-sante.news\/90-des-avc-pourraient-etre-evites-quels-sont-les-gestes-qui-sauvent\/\" target=\"_blank\" rel=\"noopener\">Les accidents vasculaires c\u00e9r\u00e9braux (AVC)<\/a> et <a href=\"https:\/\/ma-sante.news\/infarctus-causes-et-symptome-219871\/\" target=\"_blank\" rel=\"noopener\">les infarctus<\/a> restent parmi les principales causes de mortalit\u00e9 en France. Chaque ann\u00e9e, environ 150 000 AVC sont recens\u00e9s, dont 30 000 sont mortels, selon Sant\u00e9 Publique France. Jusqu\u2019ici, la majorit\u00e9 des efforts th\u00e9rapeutiques visaient \u00e0 dissoudre ou pr\u00e9venir les caillots sanguins classiques, compos\u00e9s de plaquettes et de fibrine.<\/p>\n<p>Mais une \u00e9tude publi\u00e9e dans la revue Nature le 12 juin 2025 pourrait bien remettre en question ce paradigme. Des chercheurs de l\u2019Universit\u00e9 de Gen\u00e8ve ont identifi\u00e9 un nouveau m\u00e9canisme de micro-obstruction vasculaire impliquant non pas un caillot, mais des globules rouges endommag\u00e9s. Une d\u00e9couverte inattendue, aux implications cliniques majeures.<\/p>\n<p>        Une nouvelle pi\u00e8ce dans le puzzle des maladies vasculaires    <strong>Des globules rouges qui bloquent la circulation<\/strong>    <\/p>\n<p>Lorsqu\u2019une l\u00e9sion endoth\u00e9liale survient (par exemple <a href=\"https:\/\/ma-sante.news\/avc-maladies-meme-symptomes\/\" target=\"_blank\" rel=\"noopener\">lors d\u2019un AVC<\/a> ou d\u2019un infarctus), elle expose les globules rouges \u00e0 un environnement hostile. Ces cellules \u00e9clatent (un ph\u00e9nom\u00e8ne appel\u00e9 h\u00e9molyse) et lib\u00e8re des d\u00e9bris cellulaires qui se fixent aux parois des capillaires. Ces fragments forment alors une sorte de \u201ccolle biologique\u201d, capable de bloquer la circulation dans les micro-vaisseaux.<\/p>\n<p>Ce m\u00e9canisme a \u00e9t\u00e9 observ\u00e9 post-mortem chez des <a href=\"https:\/\/ma-sante.news\/covid-19-la-barre-des-10-000-deces-depassee-en-auvergne-rhone-alpes\/\" target=\"_blank\" rel=\"noopener\">patients d\u00e9c\u00e9d\u00e9s du Covid-19<\/a>, chez qui persistaient des obstructions microvasculaires malgr\u00e9 une prise en charge anticoagulante efficace. Les chercheurs ont confirm\u00e9 ce ph\u00e9nom\u00e8ne sur des mod\u00e8les exp\u00e9rimentaux d\u2019AVC, d\u2019infarctus et d\u2019isch\u00e9mie intestinale.<\/p>\n<p>        <strong>Une prise en charge actuelle insuffisante<\/strong>    <\/p>\n<p>Aujourd\u2019hui, la prise en charge des AVC repose essentiellement sur trois piliers :<\/p>\n<ul class=\"wp-block-list\">\n<li>les thrombolytiques, pour dissoudre les caillots en phase aigu\u00eb,<\/li>\n<li>les anticoagulants, pour pr\u00e9venir de nouvelles obstructions,<\/li>\n<li>et les antiagr\u00e9gants plaquettaires, comme l\u2019aspirine, pour inhiber l\u2019agr\u00e9gation des plaquettes.<\/li>\n<\/ul>\n<p>Or, ces approches, bien qu\u2019efficaces contre les thromboses classiques, ne permettent pas de contrer les micro-obstructions induites par l\u2019h\u00e9molyse. Comme le souligne le Dr Lorenzo Alberio, co-auteur de l\u2019\u00e9tude, \u201cnous avons besoin de traitements qui s\u2019attaquent \u00e0 la racine du probl\u00e8me : la protection de l\u2019endoth\u00e9lium et la stabilit\u00e9 des globules rouges\u201d.<\/p>\n<p>        Alors, quelle suite pour cette d\u00e9couverte ?    <strong>Vers une nouvelle strat\u00e9gie th\u00e9rapeutique<\/strong>    <\/p>\n<p>La d\u00e9couverte ouvre la voie \u00e0 des th\u00e9rapies compl\u00e9mentaires, non pas centr\u00e9es sur la coagulation, mais sur la pr\u00e9servation de l\u2019int\u00e9grit\u00e9 vasculaire. Parmi les pistes envisag\u00e9es :<\/p>\n<ul class=\"wp-block-list\">\n<li>renforcer les d\u00e9fenses de l\u2019endoth\u00e9lium pour \u00e9viter sa destruction,<\/li>\n<li>stabiliser la membrane des globules rouges afin d\u2019\u00e9viter leur \u00e9clatement,<\/li>\n<li>ou encore favoriser l\u2019\u00e9limination des d\u00e9bris cellulaires avant qu\u2019ils ne s\u2019accumulent dans les capillaires.<\/li>\n<\/ul>\n<p>Ce changement de perspective pourrait <a href=\"https:\/\/ma-sante.news\/avc-a-lyon-les-hcl-musclent-leur-offre-de-soins-en-neurologie-vasculaire\/\" target=\"_blank\" rel=\"noopener\">am\u00e9liorer significativement la prise en charge des AVC<\/a>, notamment pour les patients qui ne r\u00e9pondent pas aux traitements actuels.<\/p>\n<p>        <strong>Une r\u00e9volution silencieuse mais prometteuse<\/strong>    <\/p>\n<p>En France, <a href=\"https:\/\/ma-sante.news\/infarctus-chez-les-femmes-lacademie-de-medecine-prend-le-sujet-a-coeur\/\" target=\"_blank\" rel=\"noopener\">80 000 infarctus sont recens\u00e9s chaque ann\u00e9e, dont plus de 12 000 chez les femmes<\/a>, qui pr\u00e9sentent souvent des sympt\u00f4mes atypiques et un pronostic plus sombre. Pour ces patientes comme pour les victimes d\u2019AVC, l\u2019identification de ce m\u00e9canisme alternatif est une avanc\u00e9e majeure, susceptible d\u2019am\u00e9liorer le pronostic fonctionnel et vital.<\/p>\n<p>La prochaine \u00e9tape ? Des essais cliniques pour tester des m\u00e9dicaments ciblant ces micro-obstructions, et des recherches pour mieux comprendre les conditions qui favorisent l\u2019h\u00e9molyse, comme certaines infections ou pathologies chroniques.<\/p>\n<blockquote class=\"wp-block-quote is-layout-flow wp-block-quote-is-layout-flow\">\n<p><strong>\u00c0 SAVOIR<\/strong><\/p>\n<p>Le stress oxydatif, pr\u00e9sent lors d\u2019infections ou de maladies chroniques comme le diab\u00e8te, peut fragiliser les globules rouges et l\u2019endoth\u00e9lium. Il favoriserait donc ce nouveau type de blocage, ce qui explique pourquoi certains patients sont plus \u00e0 risque lors d\u2019un AVC ou d\u2019un infarctus.<\/p>\n<\/blockquote>\n<p>  <a class=\"gofollow\" data-track=\"MTIsMCwxLDYw\" href=\"https:\/\/ma-sante.news\/annonceurs\/\" target=\"_blank\" rel=\"noopener\"><img loading=\"lazy\" decoding=\"async\" width=\"2560\" height=\"2133\" src=\"data:image\/svg+xml,%3Csvg%20xmlns=\" http:=\"\" data-lazy-src=\"https:\/\/www.europesays.com\/fr\/wp-content\/uploads\/2025\/03\/pub-annonceurs-4-scaled.jpg\"\/><\/a>    <img loading=\"lazy\" decoding=\"async\" width=\"755\" height=\"495\" src=\"data:image\/svg+xml,%3Csvg%20xmlns=\" http:=\"\" data-lazy-src=\"https:\/\/www.europesays.com\/fr\/wp-content\/uploads\/2025\/03\/Image1.jpg\"\/>Inscrivez-vous \u00e0 notre newsletter <br \/>Ma Sant\u00e9                      <\/p>\n","protected":false},"excerpt":{"rendered":"Certaines personnes, selon leur groupe sanguin, auraient un risque plus \u00e9lev\u00e9 de d\u00e9velopper des maladies cardiovasculaires. \u00a9 Freepik&hellip;\n","protected":false},"author":2,"featured_media":173501,"comment_status":"","ping_status":"","sticky":false,"template":"","format":"standard","meta":{"footnotes":""},"categories":[10],"tags":[869,1011,27,72,30858,71,22127],"class_list":{"0":"post-173500","1":"post","2":"type-post","3":"status-publish","4":"format-standard","5":"has-post-thumbnail","7":"category-sante","8":"tag-crise-cardiaque","9":"tag-fr","10":"tag-france","11":"tag-health","12":"tag-infarctus","13":"tag-sante","14":"tag-symptomes-avc"},"share_on_mastodon":{"url":"https:\/\/pubeurope.com\/@fr\/114676378215115911","error":""},"_links":{"self":[{"href":"https:\/\/www.europesays.com\/fr\/wp-json\/wp\/v2\/posts\/173500","targetHints":{"allow":["GET"]}}],"collection":[{"href":"https:\/\/www.europesays.com\/fr\/wp-json\/wp\/v2\/posts"}],"about":[{"href":"https:\/\/www.europesays.com\/fr\/wp-json\/wp\/v2\/types\/post"}],"author":[{"embeddable":true,"href":"https:\/\/www.europesays.com\/fr\/wp-json\/wp\/v2\/users\/2"}],"replies":[{"embeddable":true,"href":"https:\/\/www.europesays.com\/fr\/wp-json\/wp\/v2\/comments?post=173500"}],"version-history":[{"count":0,"href":"https:\/\/www.europesays.com\/fr\/wp-json\/wp\/v2\/posts\/173500\/revisions"}],"wp:featuredmedia":[{"embeddable":true,"href":"https:\/\/www.europesays.com\/fr\/wp-json\/wp\/v2\/media\/173501"}],"wp:attachment":[{"href":"https:\/\/www.europesays.com\/fr\/wp-json\/wp\/v2\/media?parent=173500"}],"wp:term":[{"taxonomy":"category","embeddable":true,"href":"https:\/\/www.europesays.com\/fr\/wp-json\/wp\/v2\/categories?post=173500"},{"taxonomy":"post_tag","embeddable":true,"href":"https:\/\/www.europesays.com\/fr\/wp-json\/wp\/v2\/tags?post=173500"}],"curies":[{"name":"wp","href":"https:\/\/api.w.org\/{rel}","templated":true}]}}