{"id":173506,"date":"2025-06-13T13:52:16","date_gmt":"2025-06-13T13:52:16","guid":{"rendered":"https:\/\/www.europesays.com\/fr\/173506\/"},"modified":"2025-06-13T13:52:16","modified_gmt":"2025-06-13T13:52:16","slug":"voici-lapplication-qui-prend-la-releve-avec-un-design-et-des-fonctionnalites-revisitees","status":"publish","type":"post","link":"https:\/\/www.europesays.com\/fr\/173506\/","title":{"rendered":"voici l&rsquo;application qui prend la rel\u00e8ve avec un design et des fonctionnalit\u00e9s revisit\u00e9es"},"content":{"rendered":"<p>Nouveau nom, nouveau lecteur, nouvelles fonctions et interface modernis\u00e9e : place \u00e0 l\u2019application Canal+, qui remplace d\u00e9sormais myCanal sur smartphone\u2026 mais pas encore sur nos t\u00e9l\u00e9viseurs connect\u00e9s.<\/p>\n<p><a href=\"https:\/\/images.frandroid.com\/wp-content\/uploads\/2022\/10\/application-mycanal-scaled.jpg\" target=\"_blank\" class=\"article-content__figure\" rel=\"nofollow noopener\"><img fetchpriority=\"high\" decoding=\"async\" loading=\"eager\" width=\"1200\" height=\"904\" src=\"https:\/\/www.europesays.com\/fr\/wp-content\/uploads\/2025\/06\/application-mycanal-scaled.jpg\" alt=\"\" class=\"wp-image-1520748 wp-image wp-image\"  \/><\/a>L\u2019application myCanal vit ses derni\u00e8res heures, place \u00e0 Canal+ \/\/ Source : Frandroid<\/p>\n<p>Le groupe Canal+ relance son application\u2026 pour (enfin) la moderniser. On apprend ainsi cette semaine l\u2019abandon progressif de l\u2019ancienne <a href=\"https:\/\/www.frandroid.com\/telecharger\/apps\/mycanal\" rel=\"nofollow noopener\" target=\"_blank\">plateforme myCanal<\/a> au profil d\u2019une nouvelle application sobrement baptis\u00e9e <a href=\"https:\/\/www.frandroid.com\/tag\/canal\" rel=\"nofollow noopener\" target=\"_blank\">Canal+.<\/a> <\/p>\n<p>Nouveau lecteur, nouvelles fonctionnalit\u00e9s et options, interface bient\u00f4t modernis\u00e9e, navigation repens\u00e9e. Tout y passe ou presque, pour permettre \u00e0 la plateforme de rattraper en bonne partie le retard accumul\u00e9 ces derni\u00e8res ann\u00e9es face aux applis concurrentes. <\/p>\n<p>Une session de rattrapage particuli\u00e8rement importante pour le groupe Canal. Comme le rappellent nos confr\u00e8res de <a target=\"_blank\" href=\"https:\/\/www.clubic.com\/actualite-568671-mycanal-disparait-canal-relance-son-appli-avec-un-design-tout-neuf.html\" rel=\"nofollow noopener\">Clubic<\/a>, l\u2019entreprise ne peut plus compter sur le canal 4 de la TNT, r\u00e9cemment r\u00e9affect\u00e9 \u00e0 France 4, et doit d\u00e9sormais compter sur une diffusion gr\u00e2ce aux box op\u00e9rateurs\u2026 et en OTT, via son application.<\/p>\n<p class=\"shortcode-container see-more\">\n    \u00c0 lire aussi : <br \/><a href=\"https:\/\/www.frandroid.com\/culture-tech\/691740_quelle-est-la-meilleure-plateforme-de-streaming-entre-netflix-disney-ocs-mycanal-apple-tv-comparatif\" rel=\"nofollow noopener\" target=\"_blank\">Netflix, Prime Video, Disney+, Max : quelle plateforme de streaming choisir en 2025 ?<\/a>\n<\/p>\n<p>myCanal est mort, vive Canal+<\/p>\n<p>Cette transition de myCanal vers Canal+ \u00e9tait attendue. Sur certaines plateformes, dont l\u2019Apple TV, le logo de l\u2019application avait d\u2019ailleurs \u00e9t\u00e9 modifi\u00e9 pour refl\u00e9ter ce changement \u00e0 venir. Il se concr\u00e9tise d\u00e9sormais avec un d\u00e9ploiement entam\u00e9 d\u2019abord sur les iPhone. Mais par la suite, la nouvelle plateforme du groupe Canal sera \u00e9galement intronis\u00e9e sur les smartphones Android et <a href=\"https:\/\/www.frandroid.com\/guide-dachat\/guides-dachat-tv\/508152_quelle-television-4k-choisir-la-selection-de-la-redaction\" data-type=\"link\" data-id=\"https:\/\/www.frandroid.com\/guide-dachat\/guides-dachat-tv\/508152_quelle-television-4k-choisir-la-selection-de-la-redaction\" rel=\"nofollow noopener\" target=\"_blank\">sur nos t\u00e9l\u00e9viseurs connect\u00e9s<\/a>.<\/p>\n<p>\u00c0 d\u00e9faut de changer la page d\u2019accueil de l\u2019application dans l\u2019imm\u00e9diat (Canal pr\u00e9voit de poursuivre son travail de refonte dans les prochains mois), la nouvelle application Canal+ permet de naviguer plus facilement dans un contenu, mais aussi de changer de programme plus vite. Le lecteur (toujours en rouge vif)  a ainsi \u00e9t\u00e9 redimensionn\u00e9 pour mieux occuper l\u2019espace disponible. <\/p>\n<blockquote class=\"twitter-tweet\" data-width=\"550\" data-dnt=\"true\">\n<p lang=\"fr\" dir=\"ltr\">Naviguer dans les contenus n\u2019a jamais \u00e9t\u00e9 aussi facile <\/p>\n<p>+Fluide, +lisible, +intuitif et optimis\u00e9 pour s\u2019adapter \u00e0 tous les \u00e9crans, le nouveau player de l\u2019App CANAL+ sera d\u00e9ploy\u00e9 progressivement d\u00e8s les prochains jours<a href=\"https:\/\/twitter.com\/hashtag\/NouvelleExperience?src=hash&amp;ref_src=twsrc%5Etfw\" rel=\"nofollow noopener\" target=\"_blank\">#NouvelleExperience<\/a> <a href=\"https:\/\/twitter.com\/hashtag\/NouveauxUsages?src=hash&amp;ref_src=twsrc%5Etfw\" rel=\"nofollow noopener\" target=\"_blank\">#NouveauxUsages<\/a> <a href=\"https:\/\/twitter.com\/hashtag\/SurTouslesEcrans?src=hash&amp;ref_src=twsrc%5Etfw\" rel=\"nofollow noopener\" target=\"_blank\">#SurTouslesEcrans<\/a> <a href=\"https:\/\/t.co\/16PDauFd71\" rel=\"nofollow\">pic.twitter.com\/16PDauFd71<\/a><\/p>\n<p>\u2014 CANAL+ group (@canalplusgroupe) <a href=\"https:\/\/twitter.com\/canalplusgroupe\/status\/1932823679517548665?ref_src=twsrc%5Etfw\" rel=\"nofollow noopener\" target=\"_blank\">June 11, 2025<\/a><\/p><\/blockquote>\n<p>                Ce contenu est bloqu\u00e9 car vous n\u2019avez pas accept\u00e9 les cookies et autres traceurs. Ce contenu est fourni par Twitter.<br \/>Pour pouvoir le visualiser, vous devez accepter l\u2019usage \u00e9tant op\u00e9r\u00e9 par Twitter avec vos donn\u00e9es qui pourront \u00eatre utilis\u00e9es pour les finalit\u00e9s suivantes : vous permettre de visualiser et de partager des contenus avec des m\u00e9dias sociaux, favoriser le d\u00e9veloppement et l\u2019am\u00e9lioration des produits d\u2019Humanoid et de ses partenaires, vous afficher des publicit\u00e9s personnalis\u00e9es par rapport \u00e0 votre profil et activit\u00e9, vous d\u00e9finir un profil publicitaire personnalis\u00e9, mesurer la performance des publicit\u00e9s et du contenu de ce site et mesurer l\u2019audience de ce site <a href=\"#\" class=\"js-privacy\" target=\"_blank\">(en savoir plus)<\/a>            <\/p>\n<p>                En cliquant sur \u00ab J\u2019accepte tout \u00bb, vous consentez aux finalit\u00e9s susmentionn\u00e9es pour l\u2019ensemble des cookies et autres traceurs d\u00e9pos\u00e9s par Humanoid et <a class=\"embed-consent-overlay-vendors-link\" href=\"#preferences-vendeurs\">ses partenaires<\/a>.            <\/p>\n<p>                Vous gardez la possibilit\u00e9 de retirer votre consentement \u00e0 tout moment. Pour plus d\u2019informations, nous vous invitons \u00e0 prendre connaissance de notre <a href=\"https:\/\/www.frandroid.com\/politique-cookies\" rel=\"nofollow noopener\" target=\"_blank\">Politique cookies<\/a>.            <\/p>\n<p>            J\u2019accepte tout        <\/p>\n<p class=\"embed-consent-overlay-manage-choices\">            <a href=\"#preferences-publicitaires\">G\u00e9rer mes choix<\/a>        <\/p>\n<p>Il dispose de nouveaux raccourcis pour avancer ou rembobiner de 10 secondes dans un programme, \u00e0 travers un double clic sur la moiti\u00e9 droite ou gauche de l\u2019\u00e9cran, comme sur YouTube ou Netflix par exemple. Le contr\u00f4le du volume se fait d\u00e9sormais en glissant le doigt de haut en bas sur le c\u00f4t\u00e9 droit de l\u2019\u00e9cran, tandis que la m\u00eame gestuelle, cette fois \u00e0 gauche de l\u2019\u00e9cran, permet d\u2019ajuster la luminosit\u00e9. <\/p>\n<p>Dans la m\u00eame veine, un swipe \u00e0 droite ou \u00e0 gauche permet de changer de cha\u00eene. Le gain de temps par rapport \u00e0 l\u2019ancienne m\u00e9thode est donc radical. Quant \u00e0 la grille des programmes suivants, elle se mat\u00e9rialise d\u00e9sormais sur la droite de l\u2019\u00e9cran, mais le mieux reste de tester ces nouveaut\u00e9s par vous-m\u00eame\u2026 si vous avez un iPhone sous la main, vous pouvez le faire d\u00e8s maintenant. <\/p>\n<p>            <script async src=\"https:\/\/platform.twitter.com\/widgets.js\" charset=\"utf-8\"><\/script><\/p>\n","protected":false},"excerpt":{"rendered":"Nouveau nom, nouveau lecteur, nouvelles fonctions et interface modernis\u00e9e : place \u00e0 l\u2019application Canal+, qui remplace d\u00e9sormais myCanal&hellip;\n","protected":false},"author":2,"featured_media":173507,"comment_status":"","ping_status":"","sticky":false,"template":"","format":"standard","meta":{"footnotes":""},"categories":[7],"tags":[10474,1011,27,30859,43,40,41,39,42,44],"class_list":{"0":"post-173506","1":"post","2":"type-post","3":"status-publish","4":"format-standard","5":"has-post-thumbnail","7":"category-sciences-et-technologies","8":"tag-canal","9":"tag-fr","10":"tag-france","11":"tag-mycanal","12":"tag-science","13":"tag-science-and-technology","14":"tag-sciences","15":"tag-sciences-et-technologies","16":"tag-technologies","17":"tag-technology"},"share_on_mastodon":{"url":"https:\/\/pubeurope.com\/@fr\/114676390344204733","error":""},"_links":{"self":[{"href":"https:\/\/www.europesays.com\/fr\/wp-json\/wp\/v2\/posts\/173506","targetHints":{"allow":["GET"]}}],"collection":[{"href":"https:\/\/www.europesays.com\/fr\/wp-json\/wp\/v2\/posts"}],"about":[{"href":"https:\/\/www.europesays.com\/fr\/wp-json\/wp\/v2\/types\/post"}],"author":[{"embeddable":true,"href":"https:\/\/www.europesays.com\/fr\/wp-json\/wp\/v2\/users\/2"}],"replies":[{"embeddable":true,"href":"https:\/\/www.europesays.com\/fr\/wp-json\/wp\/v2\/comments?post=173506"}],"version-history":[{"count":0,"href":"https:\/\/www.europesays.com\/fr\/wp-json\/wp\/v2\/posts\/173506\/revisions"}],"wp:featuredmedia":[{"embeddable":true,"href":"https:\/\/www.europesays.com\/fr\/wp-json\/wp\/v2\/media\/173507"}],"wp:attachment":[{"href":"https:\/\/www.europesays.com\/fr\/wp-json\/wp\/v2\/media?parent=173506"}],"wp:term":[{"taxonomy":"category","embeddable":true,"href":"https:\/\/www.europesays.com\/fr\/wp-json\/wp\/v2\/categories?post=173506"},{"taxonomy":"post_tag","embeddable":true,"href":"https:\/\/www.europesays.com\/fr\/wp-json\/wp\/v2\/tags?post=173506"}],"curies":[{"name":"wp","href":"https:\/\/api.w.org\/{rel}","templated":true}]}}