{"id":17351,"date":"2025-04-11T13:10:31","date_gmt":"2025-04-11T13:10:31","guid":{"rendered":"https:\/\/www.europesays.com\/fr\/17351\/"},"modified":"2025-04-11T13:10:31","modified_gmt":"2025-04-11T13:10:31","slug":"le-glacier-amorino-ouvre-une-deuxieme-boutique-a-strasbourg","status":"publish","type":"post","link":"https:\/\/www.europesays.com\/fr\/17351\/","title":{"rendered":"le glacier Amorino ouvre une deuxi\u00e8me boutique \u00e0 Strasbourg !"},"content":{"rendered":"<p>    <img loading=\"lazy\" width=\"1800\" height=\"900\" src=\"https:\/\/www.europesays.com\/fr\/wp-content\/uploads\/2025\/04\/jeanne-callthepolice.jpg\" class=\"attachment-full size-full\" alt=\"\" id=\"imageLove\" decoding=\"async\"  \/><\/p>\n<p id=\"breadcrumbs\"><a href=\"https:\/\/pokaa.fr\/\" target=\"_blank\" rel=\"noopener\">Accueil<\/a> \/ <a href=\"https:\/\/pokaa.fr\/categories\/les-bonnes-adresses\/\" target=\"_blank\" rel=\"noopener\">Bonnes adresses<\/a> \/ Soleil et plaisirs sucr\u00e9s : le glacier Amorino ouvre une deuxi\u00e8me boutique \u00e0 Strasbourg !<\/p>\n<p>                    Bonnes adresses<\/p>\n<p><strong>Les plus curieux\/ses d\u2019entre vous auront peut-\u00eatre remarqu\u00e9 du mouvement ces derniers jours du c\u00f4t\u00e9 de la Grand\u2019Rue. En effet, la boutique Bagel Corner n\u2019est plus, et elle a laiss\u00e9 sa place \u00e0 un glacier bien connu \u00e0 Strasbourg : Amorino. La marque, d\u00e9j\u00e0 pr\u00e9sente \u00e0 Strasbourg rue Merci\u00e8re, ouvre ici sa seconde boutique dans la capitale alsacienne. Envie d\u2019une petite glace avec ce beau soleil ? Let\u2019s go le gelato.<\/strong><\/p>\n<p>Amorino, c\u2019est <strong>une marque fond\u00e9e en 2002 \u00e0 Paris par deux Italiens<\/strong> aux noms chantants, Cristiano Sereni et Paolo Benassi.<\/p>\n<p>Pr\u00e9sente dans 20 pays,<strong> la marque s\u2019est implant\u00e9e dans 320 points de vente \u00e0 travers le globe<\/strong>, et ce n\u2019est pas pr\u00eat de s\u2019arr\u00eater puisque la croissance d\u2019Amorino est fulgurante,<strong> la preuve avec cette nouvelle ouverture \u00e0 Strasbourg.<\/strong><\/p>\n<p>                <img width=\"375\" height=\"500\" src=\"https:\/\/www.europesays.com\/fr\/wp-content\/uploads\/2025\/04\/amorino-glacier-glace-fleur-img-2060-375x500.jpeg\" class=\"attachment-gallery size-gallery\" alt=\"AMorino glacier glace fleur IMG_2060\" data-full-url=\"https:\/\/pokaa.fr\/wp-content\/uploads\/2025\/04\/10\/amorino-glacier-glace-fleur-img-2060.jpeg\" decoding=\"async\" loading=\"lazy\"  \/>            <\/p>\n<p>                <img width=\"375\" height=\"500\" src=\"https:\/\/www.europesays.com\/fr\/wp-content\/uploads\/2025\/04\/amorino-glacier-glace-fleur-img-2102-2-375x500.jpeg\" class=\"attachment-gallery size-gallery\" alt=\"AMorino glacier glace fleur IMG_2102 2\" data-full-url=\"https:\/\/pokaa.fr\/wp-content\/uploads\/2025\/04\/10\/amorino-glacier-glace-fleur-img-2102-2.jpeg\" decoding=\"async\" loading=\"lazy\"  \/>            <\/p>\n<p>                <img width=\"375\" height=\"500\" src=\"https:\/\/www.europesays.com\/fr\/wp-content\/uploads\/2025\/04\/amorino-glacier-glace-fleur-img-2077-375x500.jpeg\" class=\"attachment-gallery size-gallery\" alt=\"AMorino glacier glace fleur IMG_2077\" data-full-url=\"https:\/\/pokaa.fr\/wp-content\/uploads\/2025\/04\/10\/amorino-glacier-glace-fleur-img-2077.jpeg\" decoding=\"async\" loading=\"lazy\"  \/>            <\/p>\n<p>                <img width=\"375\" height=\"500\" src=\"https:\/\/www.europesays.com\/fr\/wp-content\/uploads\/2025\/04\/amorino-glacier-glace-fleur-img-2094-375x500.jpeg\" class=\"attachment-gallery size-gallery\" alt=\"AMorino glacier glace fleur IMG_2094\" data-full-url=\"https:\/\/pokaa.fr\/wp-content\/uploads\/2025\/04\/10\/amorino-glacier-glace-fleur-img-2094.jpeg\" decoding=\"async\" loading=\"lazy\"  \/>            <\/p>\n<p>                    \u00a9 Bastien Pietronave \/ Pokaa<\/p>\n<p>En effet, depuis le d\u00e9but du mois d\u2019avril,<strong> le glacier franchis\u00e9 a ouvert une nouvelle boutique <\/strong>dans l\u2019une des rues les plus passantes de la cit\u00e9 : la Grand\u2019Rue.<\/p>\n<p>                <img width=\"375\" height=\"500\" src=\"https:\/\/www.europesays.com\/fr\/wp-content\/uploads\/2025\/04\/amorino-glacier-glace-fleur-img-2023-375x500.jpeg\" class=\"attachment-gallery size-gallery\" alt=\"AMorino glacier glace fleur IMG_2023\" data-full-url=\"https:\/\/pokaa.fr\/wp-content\/uploads\/2025\/04\/10\/amorino-glacier-glace-fleur-img-2023.jpeg\" decoding=\"async\" loading=\"lazy\"  \/>            <\/p>\n<p>                <img width=\"375\" height=\"500\" src=\"https:\/\/www.europesays.com\/fr\/wp-content\/uploads\/2025\/04\/amorino-glacier-glace-fleur-img-2057-375x500.jpeg\" class=\"attachment-gallery size-gallery\" alt=\"AMorino glacier glace fleur IMG_2057\" data-full-url=\"https:\/\/pokaa.fr\/wp-content\/uploads\/2025\/04\/10\/amorino-glacier-glace-fleur-img-2057.jpeg\" decoding=\"async\" loading=\"lazy\"  \/>            <\/p>\n<p>                <img width=\"375\" height=\"500\" src=\"https:\/\/www.europesays.com\/fr\/wp-content\/uploads\/2025\/04\/amorino-glacier-glace-fleur-img-2019-375x500.jpeg\" class=\"attachment-gallery size-gallery\" alt=\"AMorino glacier glace fleur IMG_2019\" data-full-url=\"https:\/\/pokaa.fr\/wp-content\/uploads\/2025\/04\/10\/amorino-glacier-glace-fleur-img-2019.jpeg\" decoding=\"async\" loading=\"lazy\"  \/>            <\/p>\n<p>                <img width=\"667\" height=\"500\" src=\"https:\/\/www.europesays.com\/fr\/wp-content\/uploads\/2025\/04\/amorino-glacier-glace-fleur-img-2007-667x500.jpeg\" class=\"attachment-gallery size-gallery\" alt=\"AMorino glacier glace fleur IMG_2007\" data-full-url=\"https:\/\/pokaa.fr\/wp-content\/uploads\/2025\/04\/10\/amorino-glacier-glace-fleur-img-2007.jpeg\" decoding=\"async\" loading=\"lazy\"  \/>            <\/p>\n<p>                    \u00a9 Bastien Pietronave \/ Pokaa<\/p>\n<p>Une nouvelle boutique plus grande avec une offre diversifi\u00e9e<\/p>\n<p>Vous connaissez d\u00e9j\u00e0 Amorino.<strong> Avec ses glaces en forme de rose<\/strong>, la signature visuelle de la marque, ses cr\u00e9ations <strong>font le tour du web chaque ann\u00e9e<\/strong> quand les beaux jours s\u2019installent, et il y a souvent la queue devant la boutique historique install\u00e9e devant la cath\u00e9drale.<\/p>\n<p>Alors, pour contenter encore plus de monde, la boutique de la rue Merci\u00e8re, inaugur\u00e9e en 2007, <strong>a d\u00e9sormais une petite s\u0153ur, plus grande et plus fournie<\/strong>.<\/p>\n<p>                <img width=\"375\" height=\"500\" src=\"https:\/\/www.europesays.com\/fr\/wp-content\/uploads\/2025\/04\/amorino-glacier-glace-fleur-img-2029-375x500.jpeg\" class=\"attachment-gallery size-gallery\" alt=\"AMorino glacier glace fleur IMG_2029\" data-full-url=\"https:\/\/pokaa.fr\/wp-content\/uploads\/2025\/04\/10\/amorino-glacier-glace-fleur-img-2029.jpeg\" decoding=\"async\" loading=\"lazy\"  \/>            <\/p>\n<p>                <img width=\"375\" height=\"500\" src=\"https:\/\/www.europesays.com\/fr\/wp-content\/uploads\/2025\/04\/amorino-glacier-glace-fleur-img-2058-375x500.jpeg\" class=\"attachment-gallery size-gallery\" alt=\"AMorino glacier glace fleur IMG_2058\" data-full-url=\"https:\/\/pokaa.fr\/wp-content\/uploads\/2025\/04\/10\/amorino-glacier-glace-fleur-img-2058.jpeg\" decoding=\"async\" loading=\"lazy\"  \/>            <\/p>\n<p>                <img width=\"375\" height=\"500\" src=\"https:\/\/www.europesays.com\/fr\/wp-content\/uploads\/2025\/04\/amorino-glacier-glace-fleur-img-2016-375x500.jpeg\" class=\"attachment-gallery size-gallery\" alt=\"AMorino glacier glace fleur IMG_2016\" data-full-url=\"https:\/\/pokaa.fr\/wp-content\/uploads\/2025\/04\/10\/amorino-glacier-glace-fleur-img-2016.jpeg\" decoding=\"async\" loading=\"lazy\"  \/>            <\/p>\n<p>                <img width=\"375\" height=\"500\" src=\"https:\/\/www.europesays.com\/fr\/wp-content\/uploads\/2025\/04\/amorino-glacier-glace-fleur-img-2050-375x500.jpeg\" class=\"attachment-gallery size-gallery\" alt=\"AMorino glacier glace fleur IMG_2050\" data-full-url=\"https:\/\/pokaa.fr\/wp-content\/uploads\/2025\/04\/10\/amorino-glacier-glace-fleur-img-2050.jpeg\" decoding=\"async\" loading=\"lazy\"  \/>            <\/p>\n<p>                <img width=\"375\" height=\"500\" src=\"https:\/\/www.europesays.com\/fr\/wp-content\/uploads\/2025\/04\/amorino-glacier-glace-fleur-img-2047-375x500.jpeg\" class=\"attachment-gallery size-gallery\" alt=\"AMorino glacier glace fleur IMG_2047\" data-full-url=\"https:\/\/pokaa.fr\/wp-content\/uploads\/2025\/04\/10\/amorino-glacier-glace-fleur-img-2047.jpeg\" decoding=\"async\" loading=\"lazy\"  \/>            <\/p>\n<p>                    \u00a9 Bastien Pietronave \/ Pokaa<\/p>\n<p>Les passant(e)s profitent \u00e0 pr\u00e9sent <strong>de places assises \u00e0 l\u2019int\u00e9rieur<\/strong>, d\u2019un lieu plus grand et plus chaleureux, et <strong>une terrasse de 30 \u00e0 35 places<\/strong> va bient\u00f4t occuper les pav\u00e9s de cette art\u00e8re historique du centre-ville.<\/p>\n<p>En tout, on peut d\u00e8s \u00e0 pr\u00e9sent venir go\u00fbter \u00e0 au moins<strong>\u00a018 parfums de glaces et de sorbets<\/strong>.<\/p>\n<p>Noix de coco, vanille bourbon, tiramisu, pistache, fraise ou fruit de la passion,<strong> les saveurs et les couleurs sont au rendez-vous<\/strong>, et la forme si particuli\u00e8re de la glace (en p\u00e9tales) permet de superposer un grand nombre de parfums. \u00c0 vos cr\u00e9ations, les ami(e)s !<\/p>\n<p>                <img width=\"375\" height=\"500\" src=\"https:\/\/www.europesays.com\/fr\/wp-content\/uploads\/2025\/04\/amorino-glacier-glace-fleur-img-2031-375x500.jpeg\" class=\"attachment-gallery size-gallery\" alt=\"AMorino glacier glace fleur IMG_2031\" data-full-url=\"https:\/\/pokaa.fr\/wp-content\/uploads\/2025\/04\/10\/amorino-glacier-glace-fleur-img-2031.jpeg\" decoding=\"async\" loading=\"lazy\"  \/>            <\/p>\n<p>                <img width=\"375\" height=\"500\" src=\"https:\/\/www.europesays.com\/fr\/wp-content\/uploads\/2025\/04\/amorino-glacier-glace-fleur-img-2111-375x500.jpeg\" class=\"attachment-gallery size-gallery\" alt=\"AMorino glacier glace fleur IMG_2111\" data-full-url=\"https:\/\/pokaa.fr\/wp-content\/uploads\/2025\/04\/10\/amorino-glacier-glace-fleur-img-2111.jpeg\" decoding=\"async\" loading=\"lazy\"  \/>            <\/p>\n<p>                <img width=\"405\" height=\"500\" src=\"https:\/\/www.europesays.com\/fr\/wp-content\/uploads\/2025\/04\/amorino-glacier-glace-fleur-img-2049-405x500.jpeg\" class=\"attachment-gallery size-gallery\" alt=\"AMorino glacier glace fleur IMG_2049\" data-full-url=\"https:\/\/pokaa.fr\/wp-content\/uploads\/2025\/04\/10\/amorino-glacier-glace-fleur-img-2049.jpeg\" decoding=\"async\" loading=\"lazy\"  \/>            <\/p>\n<p>                <img width=\"375\" height=\"500\" src=\"https:\/\/www.europesays.com\/fr\/wp-content\/uploads\/2025\/04\/amorino-glacier-glace-fleur-img-2087-375x500.jpeg\" class=\"attachment-gallery size-gallery\" alt=\"AMorino glacier glace fleur IMG_2087\" data-full-url=\"https:\/\/pokaa.fr\/wp-content\/uploads\/2025\/04\/10\/amorino-glacier-glace-fleur-img-2087.jpeg\" decoding=\"async\" loading=\"lazy\"  \/>            <\/p>\n<p>                <img width=\"375\" height=\"500\" src=\"https:\/\/www.europesays.com\/fr\/wp-content\/uploads\/2025\/04\/amorino-glacier-glace-fleur-img-2069-375x500.jpeg\" class=\"attachment-gallery size-gallery\" alt=\"AMorino glacier glace fleur IMG_2069\" data-full-url=\"https:\/\/pokaa.fr\/wp-content\/uploads\/2025\/04\/10\/amorino-glacier-glace-fleur-img-2069.jpeg\" decoding=\"async\" loading=\"lazy\"  \/>            <\/p>\n<p>                    \u00a9 Bastien Pietronave \/ Pokaa<\/p>\n<p>On retrouve aussi <strong>des macarons, des gaufres et des cr\u00eapes<\/strong>, et des boissons chaudes comme <strong>le chocolat chaud italien<\/strong> viendront r\u00e9chauffer nos petits c\u0153urs l\u2019hiver prochain.<\/p>\n<p>En attendant cette aire glaci\u00e8re redout\u00e9e,<strong> place aux plaisirs sucr\u00e9s de l\u2019\u00e9t\u00e9<\/strong>, une p\u00e9riode que l\u2019on souhaite voir durer encore et encore, et encore, et encore\u2026<\/p>\n<p>            Amorino Gelato &#8211; Strasbourg Grand&rsquo;Rue<\/p>\n<p>            Quoi ?<br \/>\n            Glacier         <\/p>\n<p>            o\u00f9 ?<br \/>\n            71 Grand&rsquo;Rue, \u00e0 Strasbourg         <\/p>\n<p>                Plus d&rsquo;infos ?<\/p>\n<p><strong><a href=\"https:\/\/www.amorino.com\/stores\/strasbourg\" target=\"_blank\" rel=\"noopener\">Le site web d\u2019Amorino<\/a><\/strong><\/p>\n<p><strong><a href=\"https:\/\/www.google.com\/url?sa=t&amp;source=web&amp;rct=j&amp;opi=89978449&amp;url=https:\/\/www.instagram.com\/amorino_strasbourg\/&amp;ved=2ahUKEwi53om0r82MAxUnRKQEHWWcEf4QFnoECB8QAQ&amp;usg=AOvVaw3ohZJCTCd6hl_0S5r4p27C\" target=\"_blank\" rel=\"noopener\">La page Instagram<\/a><\/strong><\/p>\n<p>                <img width=\"375\" height=\"500\" src=\"https:\/\/www.europesays.com\/fr\/wp-content\/uploads\/2025\/04\/amorino-glacier-glace-fleur-img-2110-375x500.jpeg\" class=\"attachment-gallery size-gallery\" alt=\"AMorino glacier glace fleur IMG_2110\" data-full-url=\"https:\/\/pokaa.fr\/wp-content\/uploads\/2025\/04\/10\/amorino-glacier-glace-fleur-img-2110.jpeg\" decoding=\"async\" loading=\"lazy\"  \/>            <\/p>\n<p>                <img width=\"375\" height=\"500\" src=\"https:\/\/www.europesays.com\/fr\/wp-content\/uploads\/2025\/04\/amorino-glacier-glace-fleur-img-2059-375x500.jpeg\" class=\"attachment-gallery size-gallery\" alt=\"AMorino glacier glace fleur IMG_2059\" data-full-url=\"https:\/\/pokaa.fr\/wp-content\/uploads\/2025\/04\/10\/amorino-glacier-glace-fleur-img-2059.jpeg\" decoding=\"async\" loading=\"lazy\"  \/>            <\/p>\n<p>                <img width=\"375\" height=\"500\" src=\"https:\/\/www.europesays.com\/fr\/wp-content\/uploads\/2025\/04\/amorino-glacier-glace-fleur-img-2014-375x500.jpeg\" class=\"attachment-gallery size-gallery\" alt=\"AMorino glacier glace fleur IMG_2014\" data-full-url=\"https:\/\/pokaa.fr\/wp-content\/uploads\/2025\/04\/10\/amorino-glacier-glace-fleur-img-2014.jpeg\" decoding=\"async\" loading=\"lazy\"  \/>            <\/p>\n<p>                    \u00a9 Bastien Pietronave \/ Pokaa<\/p>\n<p>    <img width=\"800\" height=\"600\" src=\"https:\/\/www.europesays.com\/fr\/wp-content\/uploads\/2025\/04\/amorino-glacier-glace-fleur-img-2020-800x600.jpeg\" class=\"attachment-image-size-L size-image-size-L\" alt=\"AMorino glacier glace fleur IMG_2020\" decoding=\"async\" loading=\"lazy\"  \/>         \u00a9 Bastien Pietronave \/ Pokaa <\/p>\n<p><script async src=\"\/\/www.instagram.com\/embed.js\"><\/script><\/p>\n","protected":false},"excerpt":{"rendered":"Accueil \/ Bonnes adresses \/ Soleil et plaisirs sucr\u00e9s : le glacier Amorino ouvre une deuxi\u00e8me boutique \u00e0&hellip;\n","protected":false},"author":2,"featured_media":17352,"comment_status":"","ping_status":"","sticky":false,"template":"","format":"standard","meta":{"footnotes":""},"categories":[2820],"tags":[1111,11,7010,1777,674,1011,27,7011,775,12,25,640],"class_list":{"0":"post-17351","1":"post","2":"type-post","3":"status-publish","4":"format-standard","5":"has-post-thumbnail","7":"category-strasbourg","8":"tag-actu","9":"tag-actualites","10":"tag-amorino","11":"tag-eu","12":"tag-europe","13":"tag-fr","14":"tag-france","15":"tag-glacier","16":"tag-grand-est","17":"tag-news","18":"tag-republique-francaise","19":"tag-strasbourg"},"share_on_mastodon":{"url":"https:\/\/pubeurope.com\/@fr\/114319499491115052","error":""},"_links":{"self":[{"href":"https:\/\/www.europesays.com\/fr\/wp-json\/wp\/v2\/posts\/17351","targetHints":{"allow":["GET"]}}],"collection":[{"href":"https:\/\/www.europesays.com\/fr\/wp-json\/wp\/v2\/posts"}],"about":[{"href":"https:\/\/www.europesays.com\/fr\/wp-json\/wp\/v2\/types\/post"}],"author":[{"embeddable":true,"href":"https:\/\/www.europesays.com\/fr\/wp-json\/wp\/v2\/users\/2"}],"replies":[{"embeddable":true,"href":"https:\/\/www.europesays.com\/fr\/wp-json\/wp\/v2\/comments?post=17351"}],"version-history":[{"count":0,"href":"https:\/\/www.europesays.com\/fr\/wp-json\/wp\/v2\/posts\/17351\/revisions"}],"wp:featuredmedia":[{"embeddable":true,"href":"https:\/\/www.europesays.com\/fr\/wp-json\/wp\/v2\/media\/17352"}],"wp:attachment":[{"href":"https:\/\/www.europesays.com\/fr\/wp-json\/wp\/v2\/media?parent=17351"}],"wp:term":[{"taxonomy":"category","embeddable":true,"href":"https:\/\/www.europesays.com\/fr\/wp-json\/wp\/v2\/categories?post=17351"},{"taxonomy":"post_tag","embeddable":true,"href":"https:\/\/www.europesays.com\/fr\/wp-json\/wp\/v2\/tags?post=17351"}],"curies":[{"name":"wp","href":"https:\/\/api.w.org\/{rel}","templated":true}]}}