{"id":173510,"date":"2025-06-13T13:54:11","date_gmt":"2025-06-13T13:54:11","guid":{"rendered":"https:\/\/www.europesays.com\/fr\/173510\/"},"modified":"2025-06-13T13:54:11","modified_gmt":"2025-06-13T13:54:11","slug":"lambassade-disrael-ferme-son-accueil-au-public-en-france-et-dans-dautres-pays","status":"publish","type":"post","link":"https:\/\/www.europesays.com\/fr\/173510\/","title":{"rendered":"l&rsquo;ambassade d&rsquo;Isra\u00ebl ferme son accueil au public en France et dans d&rsquo;autres pays"},"content":{"rendered":"<p>Le chancelier allemand Friedrich Merz appelle Isra\u00ebl et l&rsquo;Iran \u00e0 \u00e9viter \u00ab toute nouvelle escalade \u00bb propre \u00e0 \u00ab d\u00e9stabiliser l&rsquo;ensemble de la r\u00e9gion \u00bb, tout en soulignant \u00ab le droit d&rsquo;Isra\u00ebl \u00e0 se d\u00e9fendre \u00bb, apr\u00e8s des frappes de ce pays sur des sites nucl\u00e9aires et militaires en Iran. <\/p>\n<p>Le dirigeant allemand a dit avoir \u00e9t\u00e9 \u00ab inform\u00e9 ce matin \u00bb par le Premier ministre Benjamin Netanyahou des op\u00e9rations militaires, et avoir dans la foul\u00e9e r\u00e9uni le cabinet de s\u00e9curit\u00e9 du gouvernement.<\/p>\n<p>Des mesures seront prises pour prot\u00e9ger les citoyens allemands au Moyen-Orient et pour renforcer la protection des int\u00e9r\u00eats isra\u00e9liens et juifs en Allemagne, selon un communiqu\u00e9 de la chancellerie.<\/p>\n","protected":false},"excerpt":{"rendered":"Le chancelier allemand Friedrich Merz appelle Isra\u00ebl et l&rsquo;Iran \u00e0 \u00e9viter \u00ab toute nouvelle escalade \u00bb propre \u00e0&hellip;\n","protected":false},"author":2,"featured_media":173511,"comment_status":"","ping_status":"","sticky":false,"template":"","format":"standard","meta":{"footnotes":""},"categories":[5],"tags":[11,3206,33,107,1011,27,329,14,12,316,28],"class_list":{"0":"post-173510","1":"post","2":"type-post","3":"status-publish","4":"format-standard","5":"has-post-thumbnail","7":"category-international","8":"tag-actualites","9":"tag-defense-guerre-conflit","10":"tag-economie","11":"tag-fil-info","12":"tag-fr","13":"tag-france","14":"tag-france-monde","15":"tag-international","16":"tag-news","17":"tag-politique","18":"tag-world"},"share_on_mastodon":{"url":"https:\/\/pubeurope.com\/@fr\/114676397746415903","error":""},"_links":{"self":[{"href":"https:\/\/www.europesays.com\/fr\/wp-json\/wp\/v2\/posts\/173510","targetHints":{"allow":["GET"]}}],"collection":[{"href":"https:\/\/www.europesays.com\/fr\/wp-json\/wp\/v2\/posts"}],"about":[{"href":"https:\/\/www.europesays.com\/fr\/wp-json\/wp\/v2\/types\/post"}],"author":[{"embeddable":true,"href":"https:\/\/www.europesays.com\/fr\/wp-json\/wp\/v2\/users\/2"}],"replies":[{"embeddable":true,"href":"https:\/\/www.europesays.com\/fr\/wp-json\/wp\/v2\/comments?post=173510"}],"version-history":[{"count":0,"href":"https:\/\/www.europesays.com\/fr\/wp-json\/wp\/v2\/posts\/173510\/revisions"}],"wp:featuredmedia":[{"embeddable":true,"href":"https:\/\/www.europesays.com\/fr\/wp-json\/wp\/v2\/media\/173511"}],"wp:attachment":[{"href":"https:\/\/www.europesays.com\/fr\/wp-json\/wp\/v2\/media?parent=173510"}],"wp:term":[{"taxonomy":"category","embeddable":true,"href":"https:\/\/www.europesays.com\/fr\/wp-json\/wp\/v2\/categories?post=173510"},{"taxonomy":"post_tag","embeddable":true,"href":"https:\/\/www.europesays.com\/fr\/wp-json\/wp\/v2\/tags?post=173510"}],"curies":[{"name":"wp","href":"https:\/\/api.w.org\/{rel}","templated":true}]}}