{"id":173512,"date":"2025-06-13T13:55:09","date_gmt":"2025-06-13T13:55:09","guid":{"rendered":"https:\/\/www.europesays.com\/fr\/173512\/"},"modified":"2025-06-13T13:55:09","modified_gmt":"2025-06-13T13:55:09","slug":"une-femme-de-82-ans-de-retour-en-france-neuf-mois-apres-avoir-rejoint-son-brouteur-en-cote-divoire","status":"publish","type":"post","link":"https:\/\/www.europesays.com\/fr\/173512\/","title":{"rendered":"Une femme de 82 ans de retour en France, neuf mois apr\u00e8s avoir rejoint son \u00ab\u00a0brouteur\u00a0\u00bb en C\u00f4te d\u2019Ivoire"},"content":{"rendered":"<p>Le soulagement est palpable, mais l\u2019affaire est loin d\u2019\u00eatre termin\u00e9e. D\u2019apr\u00e8s une information du <a href=\"https:\/\/www.leparisien.fr\/faits-divers\/elle-avait-rejoint-son-brouteur-en-cote-divoire-marie-jose-82-ans-est-rentree-en-france-12-06-2025-76IRMIHHVBBMVCGW6KVSGY6NSI.php\" target=\"_blank\" class=\"color-ultramarine c-link\" rel=\"nofollow noopener\">Parisien<\/a>, une femme de 82 ans originaire de Bois-Guillaume (<a href=\"https:\/\/www.20minutes.fr\/dossier\/seine_maritime-1\" class=\"color-ultramarine c-link\" rel=\"nofollow noopener\" target=\"_blank\">Seine-Maritime<\/a>) est rentr\u00e9e ce lundi en France apr\u00e8s avoir <a href=\"https:\/\/www.20minutes.fr\/societe\/4156508-20250602-hypnotisee-retraitee-82-ans-plaque-tout-rejoindre-brouteur-28-ans-afrique\" class=\"color-ultramarine c-link\" rel=\"nofollow noopener\" target=\"_blank\">s\u00e9journ\u00e9 plusieurs mois en C\u00f4te d\u2019Ivoire avec son \u00ab\u00a0brouteur\u00a0\u00bb<\/a>. Son fils a remu\u00e9 ciel et terre pendant des mois pour la faire revenir.<\/p>\n<p>La retrait\u00e9e, deux fois veuve, a commenc\u00e9\u00a0\u00e0 \u00e9changer en ligne avec un\u00a0Ivoirien de 28 ans en juin\u00a02024 et s\u2019est \u00e9prise de lui. En septembre, sans pr\u00e9venir ses proches, elle a pris l\u2019avion et l\u2019a rejoint \u00e0 Abidjan, coupant progressivement la communication avec sa famille. Au fil des mois, son fils de 61 ans a vu l\u2019\u00e9pargne de sa m\u00e8re fondre. Au total, 100.000 euros auraient \u00e9t\u00e9 dilapid\u00e9s dans des achats et placements en C\u00f4te d\u2019Ivoire.<\/p>\n<p>\u00ab\u00a0Je voudrais que mon fils me l\u00e2che\u00a0\u00bb<\/p>\n<p>Selon son fils, l\u2019octog\u00e9naire a \u00e9t\u00e9 victime d\u2019un \u00ab\u00a0brouteur\u00a0\u00bb, ces escrocs qui soutirent de l\u2019argent \u00e0 leurs victimes en entretenant avec elles une romance fictive. D\u00e9non\u00e7ant un \u00ab\u00a0abus de faiblesse\u00a0\u00bb et une \u00ab\u00a0escroquerie sentimentale sur personne \u00e2g\u00e9e\u00a0\u00bb, il\u00a0a\u00a0alert\u00e9 la justice et les m\u00e9dias \u00e0 de nombreuses reprises ces derni\u00e8res semaines. Il a aussi contact\u00e9 l\u2019ambassade\u00a0fran\u00e7aise \u00e0 Abidjan, qui\u00a0a convoqu\u00e9 le couple et\u00a0conclu que l\u2019octog\u00e9naire \u00e9tait bel et bien \u00ab\u00a0sous emprise\u00a0\u00bb.<\/p>\n<p>Mais\u00a0la Normande, elle, a toujours assur\u00e9 qu\u2019elle avait agi de son plein gr\u00e9 et qu\u2019elle \u00e9tait tr\u00e8s heureuse \u00e0 Abidjan. \u00ab\u00a0Je\u00a0voudrais que mon fils me l\u00e2che un peu\u00a0\u00bb, a-t-elle lanc\u00e9, accusant le sexag\u00e9naire d\u2019\u00eatre obs\u00e9d\u00e9 par son \u00ab\u00a0h\u00e9ritage\u00a0\u00bb. Leurs relations sont aujourd\u2019hui tr\u00e8s tendues. Selon nos confr\u00e8res, le fils est all\u00e9 \u00e0 la rencontre de sa m\u00e8re lundi \u00e0\u00a0l\u2019a\u00e9roport, mais cela ne se serait pas bien pass\u00e9.<\/p>\n<\/p>\n<p>On ignore dans quel contexte s\u2019est fait le retour de la retrait\u00e9e, dont le visa \u00e9tait de toute fa\u00e7on p\u00e9rim\u00e9 depuis plusieurs mois. Une chose est s\u00fbre\u00a0: elle est bien d\u00e9cid\u00e9e \u00e0 retourner rapidement en C\u00f4te d\u2019Ivoire. \u00ab\u00a0Je vais rentrer, r\u00e9gler mes affaires [\u2026] et je reviens vite vite vite ici. Ma vie, elle est ici et pas en France\u00a0\u00bb, a-t-elle indiqu\u00e9 dans une vid\u00e9o.\u00a0En attendant, le parquet de Rouen a rouvert l\u2019enqu\u00eate dans cette affaire et confi\u00e9 les investigations \u00e0 la police de Seine-Maritime.<\/p>\n","protected":false},"excerpt":{"rendered":"Le soulagement est palpable, mais l\u2019affaire est loin d\u2019\u00eatre termin\u00e9e. D\u2019apr\u00e8s une information du Parisien, une femme de&hellip;\n","protected":false},"author":2,"featured_media":173513,"comment_status":"","ping_status":"","sticky":false,"template":"","format":"standard","meta":{"footnotes":""},"categories":[4],"tags":[47,11,1639,3513,1011,27,12,5161,25,9590,5163,104],"class_list":{"0":"post-173512","1":"post","2":"type-post","3":"status-publish","4":"format-standard","5":"has-post-thumbnail","7":"category-france","8":"tag-actualite","9":"tag-actualites","10":"tag-cote-divoire","11":"tag-escroquerie","12":"tag-fr","13":"tag-france","14":"tag-news","15":"tag-normandie","16":"tag-republique-francaise","17":"tag-rouen","18":"tag-seine-maritime","19":"tag-societe"},"share_on_mastodon":{"url":"https:\/\/pubeurope.com\/@fr\/114676401684336686","error":""},"_links":{"self":[{"href":"https:\/\/www.europesays.com\/fr\/wp-json\/wp\/v2\/posts\/173512","targetHints":{"allow":["GET"]}}],"collection":[{"href":"https:\/\/www.europesays.com\/fr\/wp-json\/wp\/v2\/posts"}],"about":[{"href":"https:\/\/www.europesays.com\/fr\/wp-json\/wp\/v2\/types\/post"}],"author":[{"embeddable":true,"href":"https:\/\/www.europesays.com\/fr\/wp-json\/wp\/v2\/users\/2"}],"replies":[{"embeddable":true,"href":"https:\/\/www.europesays.com\/fr\/wp-json\/wp\/v2\/comments?post=173512"}],"version-history":[{"count":0,"href":"https:\/\/www.europesays.com\/fr\/wp-json\/wp\/v2\/posts\/173512\/revisions"}],"wp:featuredmedia":[{"embeddable":true,"href":"https:\/\/www.europesays.com\/fr\/wp-json\/wp\/v2\/media\/173513"}],"wp:attachment":[{"href":"https:\/\/www.europesays.com\/fr\/wp-json\/wp\/v2\/media?parent=173512"}],"wp:term":[{"taxonomy":"category","embeddable":true,"href":"https:\/\/www.europesays.com\/fr\/wp-json\/wp\/v2\/categories?post=173512"},{"taxonomy":"post_tag","embeddable":true,"href":"https:\/\/www.europesays.com\/fr\/wp-json\/wp\/v2\/tags?post=173512"}],"curies":[{"name":"wp","href":"https:\/\/api.w.org\/{rel}","templated":true}]}}