{"id":173518,"date":"2025-06-13T13:58:12","date_gmt":"2025-06-13T13:58:12","guid":{"rendered":"https:\/\/www.europesays.com\/fr\/173518\/"},"modified":"2025-06-13T13:58:12","modified_gmt":"2025-06-13T13:58:12","slug":"la-foule-au-rendez-vous-pour-gouter-la-cuisine-des-restaurateurs-locaux","status":"publish","type":"post","link":"https:\/\/www.europesays.com\/fr\/173518\/","title":{"rendered":"la foule au rendez-vous pour go\u00fbter la cuisine des restaurateurs locaux"},"content":{"rendered":"<p>Ce vendredi matin, c\u2019\u00e9tait un peu \u00ab\u00a0la gueule de bois\u00a0\u00bb pour les membres du collectif des Tables st\u00e9phanoises. L\u2019heure \u00e9tait \u00e0 la manutention et au rangement des installations du festival de la veille.<\/p>\n<p>\u00ab\u00a0Heureusement, il n\u2019y a plus de marchandise \u00e0 ranger, car tout a \u00e9t\u00e9 vendu\u00a0\u00bb, se satisfait Antoine Martinez, de retour derri\u00e8re ses fourneaux de La Java bleue.<\/p>\n<p>  Des files ininterrompues devant l\u2019entr\u00e9e<\/p>\n<p>Un retour au quotidien avec \u00ab\u00a0la satisfaction d\u2019avoir permis aux gens de passer un super moment. Nous avons propos\u00e9 de la cuisine de qualit\u00e9, parfois pr\u00e9par\u00e9e sur place, avec de bons produits et un vrai savoir-faire, et le public a appr\u00e9ci\u00e9\u00a0\u00bb.<\/p>\n<p>Et il est venu en nombre, si l\u2019on se fie aux files ininterrompues devant l\u2019entr\u00e9e. \u00ab\u00a0\u00c0 un moment, il a fallu arr\u00eater de faire rentrer du monde, car la jauge \u00e9tait pleine. Cela a \u00e9t\u00e9 \u00e0 la fois un cr\u00e8ve-c\u0153ur et une satisfaction pour nous, car cela a montr\u00e9 que nous \u00e9tions dans le vrai. Mais nous am\u00e9liorerons l\u2019organisation de la file d\u2019attente et augmenterons la jauge l\u2019an prochain.\u00a0\u00bb<\/p>\n<p>Car oui, \u00e9videmment, apr\u00e8s ce beau succ\u00e8s populaire, il y aura une nouvelle \u00e9dition du Cuisine urbaine fest\u2019 l\u2019an prochain. \u00ab\u00a0Nous avions quelques doutes pour cette premi\u00e8re, mais ils ont \u00e9t\u00e9 balay\u00e9s tr\u00e8s rapidement. Nous sommes tr\u00e8s fiers de cela.\u00a0\u00bb<\/p>\n","protected":false},"excerpt":{"rendered":"Ce vendredi matin, c\u2019\u00e9tait un peu \u00ab\u00a0la gueule de bois\u00a0\u00bb pour les membres du collectif des Tables st\u00e9phanoises.&hellip;\n","protected":false},"author":2,"featured_media":173519,"comment_status":"","ping_status":"","sticky":false,"template":"","format":"standard","meta":{"footnotes":""},"categories":[9653],"tags":[1111,11,2430,1687,7539,1777,674,3326,1011,27,12,25,4001,7538],"class_list":{"0":"post-173518","1":"post","2":"type-post","3":"status-publish","4":"format-standard","5":"has-post-thumbnail","7":"category-saint-etienne","8":"tag-actu","9":"tag-actualites","10":"tag-auvergne-rhone-alpes","11":"tag-culture-loisirs","12":"tag-edition-loire-sud","13":"tag-eu","14":"tag-europe","15":"tag-fete-locale","16":"tag-fr","17":"tag-france","18":"tag-news","19":"tag-republique-francaise","20":"tag-saint-etienne","21":"tag-saint-etienne-ville"},"share_on_mastodon":{"url":"https:\/\/pubeurope.com\/@fr\/114676413537018458","error":""},"_links":{"self":[{"href":"https:\/\/www.europesays.com\/fr\/wp-json\/wp\/v2\/posts\/173518","targetHints":{"allow":["GET"]}}],"collection":[{"href":"https:\/\/www.europesays.com\/fr\/wp-json\/wp\/v2\/posts"}],"about":[{"href":"https:\/\/www.europesays.com\/fr\/wp-json\/wp\/v2\/types\/post"}],"author":[{"embeddable":true,"href":"https:\/\/www.europesays.com\/fr\/wp-json\/wp\/v2\/users\/2"}],"replies":[{"embeddable":true,"href":"https:\/\/www.europesays.com\/fr\/wp-json\/wp\/v2\/comments?post=173518"}],"version-history":[{"count":0,"href":"https:\/\/www.europesays.com\/fr\/wp-json\/wp\/v2\/posts\/173518\/revisions"}],"wp:featuredmedia":[{"embeddable":true,"href":"https:\/\/www.europesays.com\/fr\/wp-json\/wp\/v2\/media\/173519"}],"wp:attachment":[{"href":"https:\/\/www.europesays.com\/fr\/wp-json\/wp\/v2\/media?parent=173518"}],"wp:term":[{"taxonomy":"category","embeddable":true,"href":"https:\/\/www.europesays.com\/fr\/wp-json\/wp\/v2\/categories?post=173518"},{"taxonomy":"post_tag","embeddable":true,"href":"https:\/\/www.europesays.com\/fr\/wp-json\/wp\/v2\/tags?post=173518"}],"curies":[{"name":"wp","href":"https:\/\/api.w.org\/{rel}","templated":true}]}}