{"id":173524,"date":"2025-06-13T14:02:09","date_gmt":"2025-06-13T14:02:09","guid":{"rendered":"https:\/\/www.europesays.com\/fr\/173524\/"},"modified":"2025-06-13T14:02:09","modified_gmt":"2025-06-13T14:02:09","slug":"retour-sur-30-ans-dactions-de-la-communaute-de-communes-de-la-vallee-du-gapeau","status":"publish","type":"post","link":"https:\/\/www.europesays.com\/fr\/173524\/","title":{"rendered":"Retour sur 30 ans d&rsquo;actions de la communaut\u00e9 de communes de la vall\u00e9e du Gapeau"},"content":{"rendered":"<p>C\u2019est en 1965, bien avant la cr\u00e9ation de la communaut\u00e9 de communes (CCVG) qu\u2019un premier syndicat intercommunal (SIVOM du canton de Solli\u00e8s-Pont) voit le jour, r\u00e9unissant les trois Solli\u00e8s et Belgentier. Rejointes en 1969 par La Farl\u00e8de et La Crau autour de la premi\u00e8re station d\u2019\u00e9puration, les communes entament une coop\u00e9ration fond\u00e9e sur l\u2019assainissement du Gapeau, longtemps pollu\u00e9 par les rejets domestiques.<\/p>\n<p>Trente ans de projets communs <\/p>\n<p>Depuis 1995, la CCVG a su d\u00e9velopper une politique ambitieuse, h\u00e9riti\u00e8re du dynamisme du SIVOM. Sous l\u2019impulsion d\u2019Andr\u00e9 Geoffroy, premier pr\u00e9sident et s\u00e9nateur du Var, la jeune structure acquiert progressivement de nombreuses comp\u00e9tences: pr\u00e9vention de la d\u00e9linquance, action sociale, voirie, eau, assainissement, d\u00e9chets, am\u00e9nagement num\u00e9rique, habitat, sports, etc.<\/p>\n<p>Une organisation solide <\/p>\n<p>D\u00e8s ses d\u00e9buts, la CCVG a su mutualiser les moyens pour mieux servir ses habitants. Cela a permis des r\u00e9alisations visibles et utiles : 150 km de r\u00e9seaux d\u2019assainissement g\u00e9r\u00e9s, trois d\u00e9chetteries cr\u00e9\u00e9es, une voirie communautaire modernis\u00e9e avec pr\u00e8s de 30 millions investis en vingt ans, et plus de 8 millions affect\u00e9s aux \u00e9quipements sportifs dans les communes.<\/p>\n<p>Dans le domaine social, le Centre intercommunal d\u2019action sociale (CIAS) joue un r\u00f4le essentiel. Il g\u00e8re aujourd\u2019hui un budget de 2,5 millions, assure la gestion du SSIAD, Service de soins infirmiers \u00e0 domicile (futur SAD en 2026) et continue d\u2019animer des dispositifs au service des personnes \u00e2g\u00e9es et fragiles.<\/p>\n<p>Une intercommunalit\u00e9 qui a su faire face aux \u00e9preuves <\/p>\n<p>L\u2019histoire de la CCVG a aussi \u00e9t\u00e9 marqu\u00e9e par des d\u00e9fis, \u00e0 commencer par le d\u00e9part de La Crau en 2009 vers la communaut\u00e9 d\u2019agglom\u00e9ration de Toulon Provence M\u00e9diterran\u00e9e. Ce retrait, v\u00e9cu comme une d\u00e9chirure, a n\u00e9cessit\u00e9 une r\u00e9organisation profonde. La CCVG est pass\u00e9e de 40.703 \u00e0 25.000 habitants, mais a su rebondir. Aujourd\u2019hui, les communes membres poursuivent ensemble une politique de proximit\u00e9 et d\u2019efficacit\u00e9. La continuit\u00e9 a \u00e9t\u00e9 assur\u00e9e par les pr\u00e9sidents qui se sont succ\u00e9d\u00e9: Christian Flour (2014-2018), Fran\u00e7ois Amat (2018-2020), puis Andr\u00e9 Garron, en poste depuis 2020.<\/p>\n<p>2025: une intercommunalit\u00e9 tourn\u00e9e vers l\u2019avenir <\/p>\n<p>Aujourd\u2019hui, la CCVG est une collectivit\u00e9 moderne, structur\u00e9e, peu endett\u00e9e et dot\u00e9e d\u2019un personnel qualifi\u00e9. Sa fiscalit\u00e9 est rest\u00e9e stable depuis sa cr\u00e9ation &#8211; hors taxe d\u2019enl\u00e8vement des ordures m\u00e9nag\u00e8res -, sans impact n\u00e9gatif pour les contribuables. Elle continue \u00e0 investir dans ses comp\u00e9tences historiques, mais aussi dans de nouveaux projets li\u00e9s au num\u00e9rique, \u00e0 l\u2019environnement, \u00e0 l\u2019inclusion sociale, ou encore \u00e0 la transition \u00e9cologique.<\/p>\n<p>Ce trenti\u00e8me anniversaire est l\u2019occasion de saluer non seulement l\u2019action de la CCVG depuis 1995, mais aussi l\u2019h\u00e9ritage visionnaire de ses pr\u00e9d\u00e9cesseurs depuis 1965, voire bien avant.<\/p>\n<p>Car au fond, la vall\u00e9e du Gapeau ne fait que prolonger ce qu\u2019elle a toujours \u00e9t\u00e9 : un territoire uni par la g\u00e9ographie, soud\u00e9 par l\u2019histoire, et aujourd\u2019hui organis\u00e9 pour l\u2019avenir.<\/p>\n<p>              <img ci-src=\"https:\/\/www.varmatin.com\/vie-locale\/f003c4a92f386d4039803cv_01196644-HXdrv27w.jpg?vh=5c85e1&amp;ci_seal=6414879ffd\" alt=\"\"\/><br \/>\n        L\u2019\u00e9quipe dirigeante actuelle, de gauche \u00e0 droite : J\u00e9r\u00e9my Fabre, Yves Palmi\u00e9ri, Andr\u00e9 Garron, Bruno Aycard et Nicolas G\u00e9rardin.  <strong>Photo R. L..<\/strong> <\/p>\n<p>            Les r\u00e9alisations majeures (montants en euros)<br \/>\n            Assainissement<\/p>\n<p>Nouvelle station d\u2019\u00e9puration (25 millions), capacit\u00e9 de 80 000 \u00e9quivalents habitants, dimensionn\u00e9e jusqu\u2019en 2050. R\u00e9seau de 150 km g\u00e9r\u00e9 pour 4,5 millions\/an.<\/p>\n<p>Eau potable<\/p>\n<p>Depuis 2017, modernisation du r\u00e9seau et secours de la commune de Belgentier (700 m\u00e8tres de canalisation, 1 million).<\/p>\n<p>Milieu naturel<\/p>\n<p>Entretien des berges du Gapeau depuis 2000, budget annuel de 500.000 euros, r\u00e9ussite face aux inondations.<\/p>\n<p>D\u00e9chets m\u00e9nagers<\/p>\n<p>Cr\u00e9ation de trois d\u00e9chetteries (Solli\u00e8s-Pont, La Crau, La Farl\u00e8de) pour un total de 4,7 millions. Collecte rationalis\u00e9e, 6 millions\/an d\u2019investissement.<\/p>\n<p>D\u00e9broussaillement <\/p>\n<p>Entretien r\u00e9gulier depuis les ann\u00e9es 1980 via le PIDAF (Plan de protection des for\u00eats contre les incendies), 300.000 euros\/an, aucun incendie majeur depuis.<\/p>\n<p>Voirie communautaire <\/p>\n<p>30 millions investis depuis 2003.<\/p>\n<p>Sport depuis 2001\u00a0<\/p>\n<p>Stades r\u00e9nov\u00e9s (8 millions), complexes sportifs modernes (Dominici, Estagnol, Pantalacci, Jo Saint-Cast).<\/p>\n<p>Social<\/p>\n<p>Cr\u00e9ation du Centre intercommunal d\u2019action sociale (CIAS) en 2004, du Service de soins infirmiers \u00e0 domicile (SSIAD) depuis vingt ans pour 2,5 millions\/an.<\/p>\n<p>Logement\u00a0<\/p>\n<p>Deux Plans locaux d\u2019habitat (PLH) lanc\u00e9s depuis 2012. Soutien direct aux bailleurs sociaux et r\u00e9novations pour 200.000 euros\/an.<\/p>\n<p>Jeunesse\u00a0<\/p>\n<p>Nombreuses actions de pr\u00e9vention, d\u2019\u00e9ducation et de soutien aux jeunes. Budget: 500.000 euros\/an.<\/p>\n<p>Divers\u00a0<\/p>\n<p>D\u00e9veloppement \u00e9conomique, mobilit\u00e9, transports scolaires, s\u00e9curit\u00e9 (vid\u00e9oprotection), tourisme, Plan climat-air-\u00e9nergie territorial (PCAET), gestion des zones agricoles et d\u2019activit\u00e9s, spectacles, aire d\u2019accueil des gens du voyage, etc.<\/p>\n<p>Fonds de concours aux communes<\/p>\n<p>14 millions distribu\u00e9s en vingt ans.<\/p>\n<p>            Les Grandes dates<br \/>\n            1799 (19 germinal an VII)<\/p>\n<p>Cr\u00e9ation des communes de Solli\u00e8s-Ville, Solli\u00e8s-Pont, Solli\u00e8s-Toucas, La Farl\u00e8de.<\/p>\n<p>1965<\/p>\n<p>Cr\u00e9ation du SIVOM du canton de Solli\u00e8s-Pont.<\/p>\n<p>1969<\/p>\n<p>Adh\u00e9sion de La Farl\u00e8de et La Crau au SIVOM.<\/p>\n<p>1986 <\/p>\n<p>Installation du SIVOM aux Ferrages \u00e0 Solli\u00e8s-Pont.<\/p>\n<p>1995<\/p>\n<p>Naissance de la communaut\u00e9 de communes de la vall\u00e9e du Gapeau (CCVG).<\/p>\n<p>2000<\/p>\n<p>Adoption de la taxe professionnelle unique.<\/p>\n<p>2007 <\/p>\n<p>Emm\u00e9nagement du si\u00e8ge au Moulin des S\u00e9n\u00e8s.<\/p>\n<p>2009<\/p>\n<p>D\u00e9part de La Crau vers TPM.<\/p>\n<p>2010 <\/p>\n<p>Inauguration de la nouvelle station d\u2019\u00e9puration (80.000 \u00e9quivalents habitants).<\/p>\n<p>2015 <\/p>\n<p>Dissolution du SIVOM du canton de Solli\u00e8s-Pont.<\/p>\n<p>2025<\/p>\n<p>La CCVG f\u00eate ses trente ans d\u2019existence&#8230; et soixante ans de coop\u00e9ration intercommunale.<\/p>\n","protected":false},"excerpt":{"rendered":"C\u2019est en 1965, bien avant la cr\u00e9ation de la communaut\u00e9 de communes (CCVG) qu\u2019un premier syndicat intercommunal (SIVOM&hellip;\n","protected":false},"author":2,"featured_media":173525,"comment_status":"","ping_status":"","sticky":false,"template":"","format":"standard","meta":{"footnotes":""},"categories":[9619],"tags":[1111,11,1777,674,1011,27,12,882,25,2310,3366],"class_list":{"0":"post-173524","1":"post","2":"type-post","3":"status-publish","4":"format-standard","5":"has-post-thumbnail","7":"category-toulon","8":"tag-actu","9":"tag-actualites","10":"tag-eu","11":"tag-europe","12":"tag-fr","13":"tag-france","14":"tag-news","15":"tag-provence-alpes-cote-dazur","16":"tag-republique-francaise","17":"tag-toulon","18":"tag-vie-locale"},"share_on_mastodon":{"url":"https:\/\/pubeurope.com\/@fr\/114676429223988124","error":""},"_links":{"self":[{"href":"https:\/\/www.europesays.com\/fr\/wp-json\/wp\/v2\/posts\/173524","targetHints":{"allow":["GET"]}}],"collection":[{"href":"https:\/\/www.europesays.com\/fr\/wp-json\/wp\/v2\/posts"}],"about":[{"href":"https:\/\/www.europesays.com\/fr\/wp-json\/wp\/v2\/types\/post"}],"author":[{"embeddable":true,"href":"https:\/\/www.europesays.com\/fr\/wp-json\/wp\/v2\/users\/2"}],"replies":[{"embeddable":true,"href":"https:\/\/www.europesays.com\/fr\/wp-json\/wp\/v2\/comments?post=173524"}],"version-history":[{"count":0,"href":"https:\/\/www.europesays.com\/fr\/wp-json\/wp\/v2\/posts\/173524\/revisions"}],"wp:featuredmedia":[{"embeddable":true,"href":"https:\/\/www.europesays.com\/fr\/wp-json\/wp\/v2\/media\/173525"}],"wp:attachment":[{"href":"https:\/\/www.europesays.com\/fr\/wp-json\/wp\/v2\/media?parent=173524"}],"wp:term":[{"taxonomy":"category","embeddable":true,"href":"https:\/\/www.europesays.com\/fr\/wp-json\/wp\/v2\/categories?post=173524"},{"taxonomy":"post_tag","embeddable":true,"href":"https:\/\/www.europesays.com\/fr\/wp-json\/wp\/v2\/tags?post=173524"}],"curies":[{"name":"wp","href":"https:\/\/api.w.org\/{rel}","templated":true}]}}