{"id":173526,"date":"2025-06-13T14:03:10","date_gmt":"2025-06-13T14:03:10","guid":{"rendered":"https:\/\/www.europesays.com\/fr\/173526\/"},"modified":"2025-06-13T14:03:10","modified_gmt":"2025-06-13T14:03:10","slug":"toulon-face-a-son-histoire-contre-castres","status":"publish","type":"post","link":"https:\/\/www.europesays.com\/fr\/173526\/","title":{"rendered":"Toulon face \u00e0 son histoire contre Castres"},"content":{"rendered":"<p><strong>Toulon\u00a0&#8211; Castres<\/strong><\/p>\n<p>Toulon, qui n\u2019a plus jou\u00e9 les demi-finales du Top\u00a014 depuis 2017, a l\u2019occasion de retrouver les sommets avec une nouvelle g\u00e9n\u00e9ration \u00a0 qui re\u00e7oit, en barrage samedi 14 juin, des Castrais port\u00e9s par le souvenir de leur centre fidjien d\u00e9c\u00e9d\u00e9 Josaia Raisuqe.<\/p>\n<p>\u00ab\u00a0Samedi c\u2019est le bon moment pour cette \u00e9quipe d\u2019\u00e9crire son histoire, pas l\u2019histoire de 2014 ou 2015, celle-l\u00e0, elle est finie\u00a0\u00bb\u00a0: si Pierre Mignoni avait voulu titiller l\u2019ego de ses hommes, il ne s\u2019y serait pas pris autrement. Le technicien varois, en poste depuis 2022 en tant que manageur, le sait\u00a0: en n\u2019ayant pas r\u00e9ussi \u00e0 se hisser dans le dernier carr\u00e9 depuis huit ans, le RCT ne tient pas son rang de club vainqueur de la Coupe d\u2019Europe trois fois de 2013 \u00e0 2015 et champion de France en 2014.<\/p>\n<p>Et il garde surtout en m\u00e9moire la claque douloureuse inflig\u00e9e par La\u00a0Rochelle (34-29) la saison derni\u00e8re au m\u00eame stade de la comp\u00e9tition, devant le public m\u00e9dus\u00e9 de Mayol. \u00ab\u00a0On retient les saisons o\u00f9 tu gagnes quelque chose. Il faut s\u2019appuyer sur la saison derni\u00e8re et notamment le barrage contre La\u00a0Rochelle pour essayer de faire mieux cette ann\u00e9e\u00a0\u00bb, estime le centre exp\u00e9riment\u00e9 des Rouge et Noir J\u00e9r\u00e9my Sinzelle (34\u00a0ans).<\/p>\n<p>Toulon a longtemps \u00e9t\u00e9 dans la lutte pour une qualification directe pour les demi-finales avant de baisser de r\u00e9gime lors des derniers matchs, pour finalement prendre la troisi\u00e8me place et recevoir le CO, sixi\u00e8me, ce samedi\u00a0.<\/p>\n<p>Toulon a \u00ab\u00a0beaucoup d\u2019armes\u00a0\u00bb<\/p>\n<p>Les Toulonnais, priv\u00e9s de leurs deux fl\u00e8ches sur les ailes Gabin Villi\u00e8re, victime d\u2019une commotion, et Ga\u00ebl Dr\u00e9an, compteront sur un pack massif et sur l\u2019exp\u00e9rience accumul\u00e9e cette saison, ponctu\u00e9e par une d\u00e9faite cruelle en <a target=\"_self\" href=\"https:\/\/www.lanouvellerepublique.fr\/sports\/champions-cup-thomas-ramos-terrasse-toulon-et-envoie-toulouse-en-demies-1744564481\" rel=\"nofollow noopener\">quart de finale de Champions Cup<\/a> \u00e0 Mayol contre le Stade Toulousain (21-18).<\/p>\n<p>\u00ab\u00a0Il y a clairement une progression, on sent que les mecs sont plus concern\u00e9s, qu\u2019ils ont pris un peu d\u2019exp\u00e9rience\u00a0\u00bb, affirme Sinzelle, rejoint par\u2026 Xavier Sadourny, le manageur castrais qui souligne combien les Toulonnais \u00ab\u00a0sont constants. C\u2019est leur deuxi\u00e8me barrage d\u2019affil\u00e9e \u00e0 la maison, ils ont une belle \u00e9quipe\u00a0\u00bb.<\/p>\n<p>Le deuxi\u00e8me ligne tarnais et form\u00e9 \u00e0 Toulon, Florent Vanverberghe d\u00e9taille\u00a0: \u00ab\u00a0Ils ont un gros buteur, Melvyn (Jaminet) qui, \u00e0 partir de 50 m\u00e8tres, va enquiller les points, leur facteur X Baptiste Serin qui retrouve les phases finales, [\u2026] d\u2019autres joueurs comme Facundo Isa, qui portent tr\u00e8s bien le ballon. Ils ont beaucoup d\u2019armes.\u00a0\u00bb<\/p>\n<p>Castres, port\u00e9 par la m\u00e9moire de Josaia Raisuqe<\/p>\n<p>Les Castrais auront, eux, un suppl\u00e9ment d\u2019\u00e2me. Sept ans apr\u00e8s avoir remport\u00e9 le Brennus en ayant pris, d\u00e9j\u00e0, la sixi\u00e8me place, le CO se rendra dans le Var sans ses centres Jack Goodhue et Adrea Cocagi, ni l\u2019ailier Christian Ambadiang, forfait.<\/p>\n<p>Mais plus que tout, ils joueront en m\u00e9moire de <a target=\"_self\" href=\"https:\/\/www.lanouvellerepublique.fr\/sports\/top-14-l-ailier-fidjien-de-castres-raisuqe-meurt-dans-un-accident-de-voiture-1746714322\" rel=\"nofollow noopener\">Josaia Raisuqe<\/a>, leur centre fidjien d\u00e9c\u00e9d\u00e9 d\u00e9but mai au volant de son v\u00e9hicule, percut\u00e9 par un train sur le chemin de l\u2019entra\u00eenement. \u00ab\u00a0C\u2019est au-del\u00e0 du rugby, c\u2019est aussi la vie. Quand tu perds quelqu\u2019un de proche, tu es oblig\u00e9 de te resserrer avec l\u2019autre et de te rapprocher de tout le monde. Cela nous a forg\u00e9s\u00a0\u00bb, explique Louis Le Brun. L\u2019ouvreur castrais confie encore\u00a0: \u00ab\u00a0J\u2019aurais pr\u00e9f\u00e9r\u00e9 que \u00e7a n\u2019arrive jamais, mais ce qui est s\u00fbr, c\u2019est qu\u2019on a quelqu\u2019un avec nous en plus, et qu\u2019on est 16, voire 17 si je compte les supporteurs.\u00a0\u00bb<\/p>\n<p>Samedi 14\u00a0juin \u00e0 21\u00a0h\u00a005. En direct sur Canal+.<\/p>\n","protected":false},"excerpt":{"rendered":"Toulon\u00a0&#8211; Castres Toulon, qui n\u2019a plus jou\u00e9 les demi-finales du Top\u00a014 depuis 2017, a l\u2019occasion de retrouver les&hellip;\n","protected":false},"author":2,"featured_media":173527,"comment_status":"","ping_status":"","sticky":false,"template":"","format":"standard","meta":{"footnotes":""},"categories":[9619],"tags":[1111,11,1777,674,1011,27,12,882,25,479,60,478,2310],"class_list":{"0":"post-173526","1":"post","2":"type-post","3":"status-publish","4":"format-standard","5":"has-post-thumbnail","7":"category-toulon","8":"tag-actu","9":"tag-actualites","10":"tag-eu","11":"tag-europe","12":"tag-fr","13":"tag-france","14":"tag-news","15":"tag-provence-alpes-cote-dazur","16":"tag-republique-francaise","17":"tag-rugby","18":"tag-sports","19":"tag-top-14","20":"tag-toulon"},"share_on_mastodon":{"url":"https:\/\/pubeurope.com\/@fr\/114676433109648988","error":""},"_links":{"self":[{"href":"https:\/\/www.europesays.com\/fr\/wp-json\/wp\/v2\/posts\/173526","targetHints":{"allow":["GET"]}}],"collection":[{"href":"https:\/\/www.europesays.com\/fr\/wp-json\/wp\/v2\/posts"}],"about":[{"href":"https:\/\/www.europesays.com\/fr\/wp-json\/wp\/v2\/types\/post"}],"author":[{"embeddable":true,"href":"https:\/\/www.europesays.com\/fr\/wp-json\/wp\/v2\/users\/2"}],"replies":[{"embeddable":true,"href":"https:\/\/www.europesays.com\/fr\/wp-json\/wp\/v2\/comments?post=173526"}],"version-history":[{"count":0,"href":"https:\/\/www.europesays.com\/fr\/wp-json\/wp\/v2\/posts\/173526\/revisions"}],"wp:featuredmedia":[{"embeddable":true,"href":"https:\/\/www.europesays.com\/fr\/wp-json\/wp\/v2\/media\/173527"}],"wp:attachment":[{"href":"https:\/\/www.europesays.com\/fr\/wp-json\/wp\/v2\/media?parent=173526"}],"wp:term":[{"taxonomy":"category","embeddable":true,"href":"https:\/\/www.europesays.com\/fr\/wp-json\/wp\/v2\/categories?post=173526"},{"taxonomy":"post_tag","embeddable":true,"href":"https:\/\/www.europesays.com\/fr\/wp-json\/wp\/v2\/tags?post=173526"}],"curies":[{"name":"wp","href":"https:\/\/api.w.org\/{rel}","templated":true}]}}