{"id":173534,"date":"2025-06-13T14:09:11","date_gmt":"2025-06-13T14:09:11","guid":{"rendered":"https:\/\/www.europesays.com\/fr\/173534\/"},"modified":"2025-06-13T14:09:11","modified_gmt":"2025-06-13T14:09:11","slug":"une-amende-pas-adaptee-pour-le-parquet-qui-fait-appel","status":"publish","type":"post","link":"https:\/\/www.europesays.com\/fr\/173534\/","title":{"rendered":"une amende pas \u00ab\u00a0adapt\u00e9e\u00a0\u00bb pour le parquet, qui fait appel"},"content":{"rendered":"<p>\u00ab Je consid\u00e8re que la contravention de troisi\u00e8me classe n&rsquo;est pas la r\u00e9ponse adapt\u00e9e, donc j&rsquo;ai fait appel pour que la cour d&rsquo;appel r\u00e9analyse ce dossier et d\u00e9termine si les menaces \u00e9taient simplement contraventionnelles ou d\u00e9lictuelles \u00bb, a indiqu\u00e9 le procureur Etienne Manteaux. Comme le rapporte <a href=\"https:\/\/www.ledauphine.com\/faits-divers-justice\/2025\/06\/12\/condamnation-d-imad-tintin-pour-menaces-de-violences-a-450-euros-d-amende-le-parquet-fait-appel\" target=\"_blank\" rel=\"nofollow noopener\">Le Dauphin\u00e9 Lib\u00e9r\u00e9<\/a>, le parquet de Grenoble a annonc\u00e9 faire appel de la condamnation \u00e0 une amende de 450 euros de <a href=\"https:\/\/www.ledauphine.com\/faits-divers-justice\/2025\/06\/10\/imad-tintin-condamne-a-une-amende-quand-la-politique-vient-mettre-son-nez-dans-la-justice-ce-n-est-pas-une-bonne-chose\" target=\"_blank\" rel=\"nofollow noopener\">l&rsquo;influenceur alg\u00e9rien \u00a0\u00bbImad Tintin\u00a0\u00bb<\/a> pour une vid\u00e9o publi\u00e9e sur les r\u00e9seaux sociaux consid\u00e9r\u00e9e comme \u00ab mena\u00e7ante \u00bb.<\/p>\n<p>\u00ab Menaces de commettre des violences \u00bb<\/p>\n<p>Imad Ould Brahim, 31 ans, avait \u00e9t\u00e9 interpell\u00e9 d\u00e9but janvier en m\u00eame temps que plusieurs autres influenceurs alg\u00e9riens, <a href=\"http:\/\/www.leprogres.fr\/societe\/2025\/03\/19\/deux-societes-intriquees-quels-sont-les-liens-entre-l-algerie-et-la-france\" target=\"_blank\" rel=\"nofollow noopener\">en plein bras de fer entre Paris et Alger<\/a>. Initialement poursuivi pour \u00ab provocation directe \u00e0 un acte de terrorisme \u00bb, il a finalement \u00e9t\u00e9 condamn\u00e9 mardi \u00e0 450 euros d&rsquo;amende, les faits ayant \u00e9t\u00e9 requalifi\u00e9s en \u00ab menaces de commettre des violences \u00bb sur la base d&rsquo;une nouvelle traduction de ses propos, \u00e9mis en arabe.<\/p>\n<p>Une premi\u00e8re traduction fournie par un autre influenceur alg\u00e9rien affirmait qu&rsquo;Imad Tintin appelait \u00e0 \u00ab br\u00fbler vif, tuer et violer sur le sol fran\u00e7ais \u00bb dans la vid\u00e9o, mais un expert a assur\u00e9 que cette phrase n&rsquo;y apparaissait pas.<\/p>\n<p>  Propos tenus \u00ab ignobles \u00bb<\/p>\n<p>La nouvelle traduction avait amen\u00e9 le parquet \u00e0 demander lors de l&rsquo;audience une requalification des faits en \u00ab menace de commettre un crime ou un d\u00e9lit contre les personnes \u00bb et une peine de six mois de prison dont quatre avec sursis.<\/p>\n<p>La d\u00e9fense avait de son c\u00f4t\u00e9 plaid\u00e9 la relaxe pure et simple et d\u00e9nonc\u00e9 la tournure \u00ab politique \u00bb prise par ce dossier, le ministre de l&rsquo;Int\u00e9rieur <a href=\"http:\/\/www.leprogres.fr\/p\/bruno-retailleau\" target=\"_blank\" rel=\"nofollow noopener\">Bruno Retailleau<\/a> ayant qualifi\u00e9 les propos tenus par Imad Tintin \u00ab d&rsquo;ignobles \u00bb. \u00ab Tout \u00e7a pour \u00e7a \u00bb, avait d\u00e9plor\u00e9 l&rsquo;avocat de l&rsquo;influenceur, Me Alexandre Rouvier lors de l&rsquo;audience.<\/p>\n","protected":false},"excerpt":{"rendered":"\u00ab Je consid\u00e8re que la contravention de troisi\u00e8me classe n&rsquo;est pas la r\u00e9ponse adapt\u00e9e, donc j&rsquo;ai fait appel&hellip;\n","protected":false},"author":2,"featured_media":173535,"comment_status":"","ping_status":"","sticky":false,"template":"","format":"standard","meta":{"footnotes":""},"categories":[9566],"tags":[1111,11,2430,1777,674,274,107,1011,27,329,2731,12,316,25],"class_list":{"0":"post-173534","1":"post","2":"type-post","3":"status-publish","4":"format-standard","5":"has-post-thumbnail","7":"category-grenoble","8":"tag-actu","9":"tag-actualites","10":"tag-auvergne-rhone-alpes","11":"tag-eu","12":"tag-europe","13":"tag-faits-divers-justice","14":"tag-fil-info","15":"tag-fr","16":"tag-france","17":"tag-france-monde","18":"tag-grenoble","19":"tag-news","20":"tag-politique","21":"tag-republique-francaise"},"share_on_mastodon":{"url":"https:\/\/pubeurope.com\/@fr\/114676456789610745","error":""},"_links":{"self":[{"href":"https:\/\/www.europesays.com\/fr\/wp-json\/wp\/v2\/posts\/173534","targetHints":{"allow":["GET"]}}],"collection":[{"href":"https:\/\/www.europesays.com\/fr\/wp-json\/wp\/v2\/posts"}],"about":[{"href":"https:\/\/www.europesays.com\/fr\/wp-json\/wp\/v2\/types\/post"}],"author":[{"embeddable":true,"href":"https:\/\/www.europesays.com\/fr\/wp-json\/wp\/v2\/users\/2"}],"replies":[{"embeddable":true,"href":"https:\/\/www.europesays.com\/fr\/wp-json\/wp\/v2\/comments?post=173534"}],"version-history":[{"count":0,"href":"https:\/\/www.europesays.com\/fr\/wp-json\/wp\/v2\/posts\/173534\/revisions"}],"wp:featuredmedia":[{"embeddable":true,"href":"https:\/\/www.europesays.com\/fr\/wp-json\/wp\/v2\/media\/173535"}],"wp:attachment":[{"href":"https:\/\/www.europesays.com\/fr\/wp-json\/wp\/v2\/media?parent=173534"}],"wp:term":[{"taxonomy":"category","embeddable":true,"href":"https:\/\/www.europesays.com\/fr\/wp-json\/wp\/v2\/categories?post=173534"},{"taxonomy":"post_tag","embeddable":true,"href":"https:\/\/www.europesays.com\/fr\/wp-json\/wp\/v2\/tags?post=173534"}],"curies":[{"name":"wp","href":"https:\/\/api.w.org\/{rel}","templated":true}]}}