{"id":173546,"date":"2025-06-13T14:15:12","date_gmt":"2025-06-13T14:15:12","guid":{"rendered":"https:\/\/www.europesays.com\/fr\/173546\/"},"modified":"2025-06-13T14:15:12","modified_gmt":"2025-06-13T14:15:12","slug":"upe-06-franck-cannata-un-adepte-de-la-co-construction","status":"publish","type":"post","link":"https:\/\/www.europesays.com\/fr\/173546\/","title":{"rendered":"UPE 06 : Franck Cannata, un adepte de la co-construction"},"content":{"rendered":"<p>                    <img loading=\"lazy\" decoding=\"async\" src=\"https:\/\/www.europesays.com\/fr\/wp-content\/uploads\/2025\/06\/63404d4ca5763906eb36f2543f4fcb.png\" class=\"img-responsive post-image\" width=\"680\" height=\"510\" alt=\"UPE 06 : Franck Cannata,\" title=\"UPE 06 : Franck Cannata, un adepte de la co-construction \"\/><\/p>\n<p class=\"chapo\">Il n\u2019est pas simple de succ\u00e9der au tr\u00e8s actif Pierre Ippolito \u00e0 la t\u00eate de l\u2019UPE 06. Son successeur \u00e0 partir du 1er juillet, qui s\u2019inscrit dans la continuit\u00e9, misera sur le collectif pour apporter du neuf.<\/p>\n<p>Le dirigeant de Transcan et pr\u00e9sident de la FNTR 06-83 a r\u00e9pondu aux questions de la presse locale quelques minutes apr\u00e8s son \u00e9lection au si\u00e8ge de l\u2019OGC Nice le jeudi 5 juin.<\/p>\n<p>Que ferez-vous en premier quand vous serez officiellement pr\u00e9sident\u00a0?<\/p>\n<p><b>\u2013<\/b>\u00a0Faire un point avec toute l\u2019\u00e9quipe, avec les permanents de l\u2019UPE 06. L\u2019erreur est d\u2019essayer de tout d\u00e9construire pour reconstruire donc il faut absolument surfer sur ce qui est existant et faire en sorte, si possible, de trouver des pistes compl\u00e9mentaires, des pistes qui permettront du d\u00e9veloppement, une meilleure coh\u00e9sion et une meilleure communication notamment. On a co-construit avec notre \u00e9quipe, avec le bureau, avec les conseillers du pr\u00e9sident et maintenant, il appartient que cette co-construction soit \u00e9galement partag\u00e9e avec les permanents.<\/p>\n<p>Comment avez-vous choisi votre \u00e9quipe\u00a0?<\/p>\n<p><b>\u2013<\/b>\u00a0Cela s\u2019est fait naturellement. La tr\u00e8s grande majorit\u00e9 des 12 personnes du bureau sont des gens avec qui je travaille au quotidien, il s\u2019agit parfois de clients, de fournisseurs, de confr\u00e8res ou de de coll\u00e8gues. Ce sont des gens avec lesquels j\u2019ai r\u00e9guli\u00e8rement des \u00e9changes. Il y a \u00e9galement des conseillers qui ont \u00e9t\u00e9 choisis autour d\u2019un savoir-faire, d\u2019une comp\u00e9tence, d\u2019une vision et de par leur profession et leurs exp\u00e9riences. Vous aurez tr\u00e8s prochainement le d\u00e9tail de chacun des postes. On est \u00e0 parit\u00e9 exacte, hommes-femmes, sur le bureau et sur les conseillers du pr\u00e9sident. Il y a des experts dans le bureau et des experts aux postes de conseillers. Pour arriver \u00e0 avoir un panel suffisamment \u00e9largi, on ne pouvait pas se contenter des 12 personnes du bureau. La vingtaine de personnes, au total, a vraiment une vision globale, \u00e0 la fois sur le territoire, avec une r\u00e9partition g\u00e9ographique, et dans les m\u00e9tiers.<\/p>\n<p> <a href=\"https:\/\/www.europesays.com\/fr\/wp-content\/uploads\/2025\/06\/equipe_franck_cannata-2.jpg\" class=\"spip_doc_lien mediabox\" type=\"image\/jpeg\"><br \/>\n\t\t<img loading=\"lazy\" decoding=\"async\" src=\"https:\/\/www.europesays.com\/fr\/wp-content\/uploads\/2025\/06\/equipe_franck_cannata-2.jpg\" width=\"1024\" height=\"695\" alt=\"\"\/><\/a><\/p>\n<p>\u00a9S.G\n<\/p>\n<p>Le collectif est quelque chose d\u2019important pour vous. C\u2019\u00e9tait une volont\u00e9 d\u00e8s le d\u00e9part d\u2019\u00eatre entour\u00e9\u00a0?<\/p>\n<p><b>\u2013<\/b>\u00a0C\u2019est primordial. Et c\u2019est d\u2019ailleurs comme cela que je fonctionne \u00e0 titre personnel dans mon entreprise et que l\u2019on fonctionne \u00e0 la FNTR. C\u2019est une co-construction permanente, avec \u00e9videmment des choix qui sont faits. Mais en tout cas, ce sont des partages permanents, autant que possible, pour qu\u2019il y ait une coh\u00e9sion syst\u00e9matique.<\/p>\n<p>Et vous vous inscrivez dans la continuit\u00e9 avec Pierre Ippolito.<\/p>\n<p><b>\u2013<\/b>\u00a0Dans une continuit\u00e9 \u00e9vidente, vu la qualit\u00e9 du travail qui a \u00e9t\u00e9 r\u00e9alis\u00e9 \u00e0 la fois par l\u2019\u00e9quipe \u00e9lue et, bien entendu, \u00e9galement, par les permanents.<\/p>\n<p>Comment allez-vous mettre en place les nouveaux chantiers que vous souhaitez lancer\u00a0?<\/p>\n<p><b>\u2013<\/b>\u00a0On les lancera par ordre de priorit\u00e9. Si on d\u00e9marre tous les chantiers en m\u00eame temps, il y a fort \u00e0 parier qu\u2019on n\u2019arrive pas \u00e0 tous les mener de front. Il y en a qui sont prioritaires, d\u2019autres qui peuvent un petit peu plus attendre. D\u2019une mani\u00e8re g\u00e9n\u00e9rale, ce sont des sujets qui sont d\u00e9j\u00e0 plus ou moins abord\u00e9s et il conviendra principalement de les acc\u00e9l\u00e9rer.<\/p>\n<p>Ces sujets, quels sont-ils\u00a0?<\/p>\n<p><b>\u2013<\/b>\u00a0La mobilit\u00e9, le logement et le fonds Boost. C\u2019est lanc\u00e9 et c\u2019est indispensable de continuer. Ce qui est prioritaire \u00e9galement c\u2019est le volet de l\u2019am\u00e9nagement du territoire car des choix sont en train d\u2019\u00eatre faits, des pistes sont \u00e9voqu\u00e9es et il ne faudrait pas que cela soit contradictoire avec la mobilit\u00e9 et le logement. Il y a un autre sujet, d\u2019actualit\u00e9\u00a0: l\u2019IA, la cybers\u00e9curit\u00e9, le num\u00e9rique. L\u2019IA, ce n\u2019est pas que ChatGPT et pour beaucoup d\u2019entreprises il y a des zones d\u2019ombre et elles ne savent pas trop comment aborder ces points.<\/p>\n<p>Comment voyez-vous votre r\u00f4le \u00e0 la t\u00eate de l\u2019UPE 06\u00a0?<\/p>\n<p><b>\u2013<\/b>\u00a0C\u2019est un r\u00f4le de coh\u00e9sion finalement et potentiellement un r\u00f4le de lobby lorsque ce sera n\u00e9cessaire. Rassembler les attentes des uns et des autres et imaginer les solutions en mettant en priorit\u00e9 l\u2019entreprise, le chef d\u2019entreprise et le territoire.<\/p>\n<p>Pierre Ippolito a r\u00e9cemment <a href=\"https:\/\/www.petitesaffiches.fr\/actualites,069\/economie,045\/pour-pierre-ippolito-le-logement,35580.html\" rel=\"nofollow noopener\" target=\"_blank\">d\u00e9clar\u00e9 que le logement devait \u00eatre une priorit\u00e9 des prochaines municipales<\/a>. Vous \u00eates en accord avec cette position\u00a0?<\/p>\n<p>Absolument. C\u2019est une \u00e9vidence et ce n\u2019est pas pour faire un copier-coller. C\u2019est une r\u00e9alit\u00e9 de notre territoire, m\u00eame si nous ne sommes pas les seuls. En tout cas, sur les Alpes-Maritimes, la topographie entra\u00eene une difficult\u00e9 encore plus importante qu\u2019ailleurs en France. Et \u00e9videmment, si on veut garder de la comp\u00e9titivit\u00e9, si on veut garder nos talents et si on veut aussi en attirer, c\u2019est absolument indispensable. Si on ne sait pas les loger de fa\u00e7on adapt\u00e9e, il y a automatiquement une probabilit\u00e9 qu\u2019ils aillent ailleurs.<\/p>\n<p>F\u00e9licit\u00e9 par son pr\u00e9d\u00e9cesseur et par sa concurrente<\/p>\n<p>\t\t<img loading=\"lazy\" decoding=\"async\" src=\"https:\/\/www.europesays.com\/fr\/wp-content\/uploads\/2025\/06\/vertical_article_small-8.png\" width=\"300\" height=\"370\" alt=\"\"\/><\/p>\n<p>Le toujours pr\u00e9sident de l\u2019UPE 06 (jusqu\u2019au 30 juin), <strong>Pierre Ippolito<\/strong> a f\u00e9licit\u00e9 son successeur, d\u00e9crivant \u00ab\u00a0une nouvelle page qui s\u2019ouvre pour notre syndicat, avec un futur pr\u00e9sident qui conna\u00eet bien notre \u00e9cosyst\u00e8me et porte une vision claire\u00a0: \u2018\u2019Faire de l\u2019UPE06 un centre de coop\u00e9ration \u00e9conomique, utile, agile, au service de toutes les entreprises du territoire\u00a0\u00a0\u00bb (\u2026). Franck pourra compter sur mon soutien total pour assure une transition fluide et constructive.\u00a0\u00bb Fair-play, l\u2019avocate sp\u00e9cialis\u00e9e en droit des affaires <strong>Marielle Walicki<\/strong>, qui s\u2019\u00e9tait pr\u00e9sent\u00e9e la premi\u00e8re \u00e0 l\u2019\u00e9lection pour la pr\u00e9sidence de l\u2019UPE 06, a \u00ab\u00a0f\u00e9licit\u00e9 Franck Cannata pour sa victoire\u00a0\u00bb. Elle a remerci\u00e9 \u00ab\u00a0chaleureusement l\u2019ensemble de  (son) \u00e9quipe, qui s\u2019est mobilis\u00e9e avec \u00e9nergie\u00a0\u00bb, avec une \u00ab\u00a0pens\u00e9e particuli\u00e8re pour Bruno Pourcines\u00a0\u00bb. \u00ab\u00a0Si j\u2019ai pu ouvrir une br\u00e8che pour d\u2019autres femmes qui souhaitent elles aussi se lancer dans l\u2019aventure d\u2019un mandat ou d\u2019une pr\u00e9sidence, alors j\u2019en suis tr\u00e8s fi\u00e8re (et un peu amus\u00e9e aussi). Il reste essentiel de soutenir nos entreprises, sur un territoire aussi singulier que le n\u00f4tre\u00a0\u00bb, a-t-elle ajout\u00e9 dans un post sur le r\u00e9seau LinkedIn.<br class=\"autobr\"\/><\/p>\n","protected":false},"excerpt":{"rendered":"Il n\u2019est pas simple de succ\u00e9der au tr\u00e8s actif Pierre Ippolito \u00e0 la t\u00eate de l\u2019UPE 06. Son&hellip;\n","protected":false},"author":2,"featured_media":173547,"comment_status":"","ping_status":"","sticky":false,"template":"","format":"standard","meta":{"footnotes":""},"categories":[2819],"tags":[1111,11,2408,1777,674,1011,27,12,2401,882,25],"class_list":{"0":"post-173546","1":"post","2":"type-post","3":"status-publish","4":"format-standard","5":"has-post-thumbnail","7":"category-nice","8":"tag-actu","9":"tag-actualites","10":"tag-appels-d","11":"tag-eu","12":"tag-europe","13":"tag-fr","14":"tag-france","15":"tag-news","16":"tag-nice","17":"tag-provence-alpes-cote-dazur","18":"tag-republique-francaise"},"share_on_mastodon":{"url":"https:\/\/pubeurope.com\/@fr\/114676480433292520","error":""},"_links":{"self":[{"href":"https:\/\/www.europesays.com\/fr\/wp-json\/wp\/v2\/posts\/173546","targetHints":{"allow":["GET"]}}],"collection":[{"href":"https:\/\/www.europesays.com\/fr\/wp-json\/wp\/v2\/posts"}],"about":[{"href":"https:\/\/www.europesays.com\/fr\/wp-json\/wp\/v2\/types\/post"}],"author":[{"embeddable":true,"href":"https:\/\/www.europesays.com\/fr\/wp-json\/wp\/v2\/users\/2"}],"replies":[{"embeddable":true,"href":"https:\/\/www.europesays.com\/fr\/wp-json\/wp\/v2\/comments?post=173546"}],"version-history":[{"count":0,"href":"https:\/\/www.europesays.com\/fr\/wp-json\/wp\/v2\/posts\/173546\/revisions"}],"wp:featuredmedia":[{"embeddable":true,"href":"https:\/\/www.europesays.com\/fr\/wp-json\/wp\/v2\/media\/173547"}],"wp:attachment":[{"href":"https:\/\/www.europesays.com\/fr\/wp-json\/wp\/v2\/media?parent=173546"}],"wp:term":[{"taxonomy":"category","embeddable":true,"href":"https:\/\/www.europesays.com\/fr\/wp-json\/wp\/v2\/categories?post=173546"},{"taxonomy":"post_tag","embeddable":true,"href":"https:\/\/www.europesays.com\/fr\/wp-json\/wp\/v2\/tags?post=173546"}],"curies":[{"name":"wp","href":"https:\/\/api.w.org\/{rel}","templated":true}]}}