{"id":173550,"date":"2025-06-13T14:18:11","date_gmt":"2025-06-13T14:18:11","guid":{"rendered":"https:\/\/www.europesays.com\/fr\/173550\/"},"modified":"2025-06-13T14:18:11","modified_gmt":"2025-06-13T14:18:11","slug":"ils-hebergeaient-des-personnes-agees-en-loire-atlantique-ces-deux-etablissements-ont-definitivement-ferme","status":"publish","type":"post","link":"https:\/\/www.europesays.com\/fr\/173550\/","title":{"rendered":"Ils h\u00e9bergeaient des personnes \u00e2g\u00e9es en Loire-Atlantique, ces deux \u00e9tablissements ont d\u00e9finitivement ferm\u00e9"},"content":{"rendered":"<p>            Par<br \/>\n        <strong><br \/>\n            <a href=\"https:\/\/actu.fr\/auteur\/laurent-fortin\" title=\"Consulter tous les articles de Laurent Fortin\" target=\"_blank\" rel=\"noopener\">Laurent Fortin<\/a><br \/>\n        <\/strong><\/p>\n<p>        Publi\u00e9 le<\/p>\n<p>            13 juin 2025 \u00e0 12h16        <\/p>\n<p><b>Brin de tension<\/b> ce lundi 5\u00a0mai aux abords du domicile collectif<a href=\"https:\/\/www.hopital-sevre-loire.fr\/domiciles-collectifs\" target=\"_blank\" rel=\"noopener\"> l\u2019Or\u00e9e de Gol\u00e8ne<\/a> \u00e0 <a href=\"https:\/\/actu.fr\/pays-de-la-loire\/haute-goulaine_44071\" target=\"_blank\" rel=\"noopener\"><b>Haute-Goulaine<\/b><\/a> pour le <b>d\u00e9part de la derni\u00e8re r\u00e9sidente \u00e2g\u00e9e de 98\u00a0ans<\/b>. Les <b>gendarmes \u00e9taient d\u2019ailleurs pr\u00e9sents<\/b>. Elle \u00e9tait seule depuis l\u2019automne, dans cet \u00e9tablissement vou\u00e9 \u00e0 fermer ses portes depuis l\u2019annonce en<b> janvier\u00a02024.<\/b> Plusieurs fois somm\u00e9e de quitter les lieux par la direction du centre hospitalier S\u00e8vre et Loire propri\u00e9taire des b\u00e2timents, l\u2019une de ses filles refusait son transfert vers un Ehpad.<\/p>\n<p class=\" wall-content\">L\u2019organisme avait saisi le procureur pour diligenter <b>une expertise m\u00e9dicale<\/b>, via le juge des tutelles, dans le cadre <b>d\u2019une mesure de protection<\/b>. Une situation de crispation aussi pour le personnel, partag\u00e9 entre les injonctions de son employeur d\u00e9sireux de fermer vite et leur volont\u00e9 de veiller au bien-\u00eatre de la vieille dame. Un signalement <b>d\u2019un salari\u00e9 a d\u2019ailleurs \u00e9t\u00e9 d\u00e9pos\u00e9 en brigade pour qu\u2019une enqu\u00eate soit men\u00e9e<\/b>, pour faire la lumi\u00e8re sur les conditions de vie de cette personne lors des derni\u00e8res semaines. Selon plusieurs \u00e9l\u00e9ments, \u00ab\u2009elle aurait \u00e9t\u00e9 priv\u00e9e de visites\u2009\u00bb.<\/p>\n<p>N\u00e9gocier pour racheter<\/p>\n<p class=\" wall-content\">En attendant, l\u2019Or\u00e9e de Gol\u00e8ne est <b>d\u00e9sormais barricad\u00e9e et sous surveillance vid\u00e9o<\/b>. Son avenir\u2009?<b> Un rachat du foncier par la municipalit\u00e9,<\/b> comme elle s\u2019y \u00e9tait engag\u00e9e.<\/p>\n<blockquote class=\"ac-article-quote wall-content\">\n<p>Comme ce n\u2019\u00e9tait pas pr\u00e9vu au programme, on va passer par l\u2019\u00e9tablissement public foncier qui va faire l\u2019acquisition \u00e0 notre place.<\/p>\n<p>Le maire de Haute-Goulaine, Fabrice Cuchot.<\/p><\/blockquote>\n<blockquote class=\"ac-article-quote wall-content\">\n<p>On n\u2019a pas attendu la fermeture pour anticiper les \u00e9changes avec le centre hospitalier S\u00e8vre et Loire. On doit se revoir prochainement pour finaliser l\u2019achat des 3\u2009500 m\u00b2.<\/p>\n<\/blockquote>\n<p class=\" wall-content\">Pour m\u00e9moire, l<b>a ville avait c\u00e9d\u00e9 ce terrain au franc symbolique, en 1998.<\/b> Elle va donc racheter un espace, certes construit, qu\u2019elle a donn\u00e9.<\/p>\n<p class=\" wall-content\">Elle veillera \u00e0 ce que le montant ne soit pas exorbitant.<\/p>\n<blockquote class=\"ac-article-quote wall-content\">\n<p>Je suis serein sur l\u2019issue de cette n\u00e9gociation.<\/p>\n<p>L\u2019\u00e9lu<\/p><\/blockquote>\n<p class=\" wall-content\">Il a aussi r\u00e9p\u00e9t\u00e9 que \u00ab\u2009l\u2019habitat programm\u00e9 sera prioritaire pour les personnes \u00e2g\u00e9es\u2009\u00bb.<\/p>\n<blockquote class=\"ac-article-quote wall-content\">\n<p>Ce n\u2019est pas une garantie que nous avions du conseil d\u00e9partemental. C\u2019est pourquoi, nous avons choisi une autre orientation que celle de La\u00a0Haye-Fouassi\u00e8re. Par contre, je ne sais pas comment sera organis\u00e9 l\u2019espace \u00e0 terme. Est-ce qu\u2019il y aura une d\u00e9molition\u2009? Est-ce qu\u2019il y aura plusieurs formes d\u2019habitat\u2009? Est-ce qu\u2019il y aura une r\u00e9sidence autonomie\u2009? Un habitat inclusif\u2009? Il faudra travailler le dossier. Pour l\u2019instant, la volont\u00e9, c\u2019est de ma\u00eetriser le foncier.<\/p>\n<\/blockquote>\n<p>PAS ENCORE D&rsquo;ENFANTS AUX NYMPH\u00c9AS<\/p>\n<p>Du c\u00f4t\u00e9 des Nymph\u00e9as, le site a \u00e9t\u00e9 rachet\u00e9 par le conseil d\u00e9partemental depuis mars dernier. Une acquisition r\u00e9alis\u00e9e autour d&rsquo;un million d&rsquo;euros au centre hospitalier S\u00e8vre et Loire. La collectivit\u00e9 doit r\u00e9aliser une \u00e9tude d&rsquo;ici la fin de l&rsquo;ann\u00e9e pour \u00e9laborer un sc\u00e9nario d&rsquo;avenir \u00e0 cet espace ferm\u00e9 depuis No\u00ebl. L&rsquo;installation d&rsquo;une r\u00e9sidence autonomie avec un bailleur est envisag\u00e9e. \u00ab Mais il y a d&rsquo;autres solutions possibles \u00bb, avait martel\u00e9 Lyliane Jean, vice-pr\u00e9sidente en charge de la politique de l&rsquo;\u00e2ge et de la solidarit\u00e9.<br \/>&#13;<br \/>\nMais contrairement \u00e0 ce qu&rsquo;avait indiqu\u00e9 le D\u00e9partement avant que ce projet ne prenne forme, il n&rsquo;y a pas d&rsquo;enfants accueillis. En effet, le site devait \u00eatre occup\u00e9 d\u00e8s le 1er avril, par des enfants que les services de la protection de l&rsquo;enfance accompagnent. Une dizaine devait venir de Saint-Nazaire. Un groupe accompagn\u00e9 par l&rsquo;association Linkiaa qui continuera \u00e0 travailler sur leur avenir. Or, aucune pr\u00e9sence n&rsquo;a \u00e9t\u00e9 signal\u00e9e dans l&rsquo;ex-b\u00e2timent de La Haye-Fouassi\u00e8re. \u00ab Mais cette occupation temporaire est bien en cours de pr\u00e9paration entre les services du D\u00e9partement et Linkiaa, indique-t-on quai Ceineray. Des travaux pour accueillir les enfants sont en train d&rsquo;\u00eatre finalis\u00e9s pour assurer leur s\u00e9curit\u00e9 et leur bien-\u00eatre. Une \u00e9quipe est en cours de recrutement \u00bb.<\/p>\n<p class=\" wall-content\">En revanche, celui qui est aussi vice-pr\u00e9sident de la communaut\u00e9 d\u2019agglom\u00e9ration Clisson S\u00e8vre et Maine, en charge de l\u2019habitat, sait qu\u2019il <b>devra densifier au maximum sur cette partie du centre-bourg.<\/b><\/p>\n<p class=\" wall-content\">Sans doute pour donner <b>un toit \u00e0 plus que 19\u00a0personnes<\/b>.<\/p>\n<blockquote class=\"ac-article-quote wall-content\">\n<p>Il n\u2019est pas impossible qu\u2019il y ait plusieurs projets immobiliers.<\/p>\n<p>Le maire<\/p><\/blockquote>\n<p class=\" wall-content\">Il sait aussi que, devant <b>rattraper son retard en mati\u00e8re de logement social<\/b>, il devra faire appel \u00e0 un ou des bailleurs.<\/p>\n<p class=\" wall-content\">En tout cas,<b> un an et demi apr\u00e8s son annonce, le centre hospitalier est parvenu \u00e0 ses fins en fermant ses deux \u00e9tablissements<\/b>. En laissant toutefois <b>des aigreurs dans les familles des r\u00e9sidents.<\/b><\/p>\n<p class=\" wall-content\">Suivez toute l\u2019actualit\u00e9 de vos villes et m\u00e9dias favoris en vous inscrivant \u00e0 <a href=\"https:\/\/moncompte.actu.fr\" title=\"D\u00e9couvez Mon Actu\" rel=\"nofollow noopener\" data-trk=\"{&quot;cta&quot;:{&quot;action&quot;:&quot;https:\\\/\\\/moncompte.actu.fr&quot;,&quot;category&quot;:&quot;mon compte&quot;,&quot;from&quot;:&quot;article footer&quot;,&quot;name&quot;:&quot;Mon actu&quot;,&quot;type&quot;:&quot;cta&quot;}}\" target=\"_blank\">Mon Actu<\/a>.<\/p>\n<ul class=\"ac-article-tag wall-content\">\n<li><a href=\"https:\/\/actu.fr\/tag\/logements-sociaux\" data-trk=\"{&quot;cta&quot;:{&quot;action&quot;:&quot;Logements sociaux&quot;,&quot;category&quot;:&quot;tag&quot;,&quot;from&quot;:&quot;article footer&quot;,&quot;name&quot;:&quot;Logements sociaux&quot;,&quot;type&quot;:&quot;cta&quot;}}\" target=\"_blank\" rel=\"noopener\">#Logements sociaux<\/a><\/li>\n<li><a href=\"https:\/\/actu.fr\/tag\/vignoble-nantais\" data-trk=\"{&quot;cta&quot;:{&quot;action&quot;:&quot;Vignoble nantais&quot;,&quot;category&quot;:&quot;tag&quot;,&quot;from&quot;:&quot;article footer&quot;,&quot;name&quot;:&quot;Vignoble nantais&quot;,&quot;type&quot;:&quot;cta&quot;}}\" target=\"_blank\" rel=\"noopener\">#Vignoble nantais<\/a><\/li>\n<\/ul>\n","protected":false},"excerpt":{"rendered":"Par Laurent Fortin Publi\u00e9 le 13 juin 2025 \u00e0 12h16 Brin de tension ce lundi 5\u00a0mai aux abords&hellip;\n","protected":false},"author":2,"featured_media":173551,"comment_status":"","ping_status":"","sticky":false,"template":"","format":"standard","meta":{"footnotes":""},"categories":[2818],"tags":[1111,11,1777,674,1011,27,6459,766,12,2636,25,104,2900],"class_list":{"0":"post-173550","1":"post","2":"type-post","3":"status-publish","4":"format-standard","5":"has-post-thumbnail","7":"category-nantes","8":"tag-actu","9":"tag-actualites","10":"tag-eu","11":"tag-europe","12":"tag-fr","13":"tag-france","14":"tag-logements-sociaux","15":"tag-nantes","16":"tag-news","17":"tag-pays-de-la-loire","18":"tag-republique-francaise","19":"tag-societe","20":"tag-vignoble-nantais"},"share_on_mastodon":{"url":"https:\/\/pubeurope.com\/@fr\/114676492047864159","error":""},"_links":{"self":[{"href":"https:\/\/www.europesays.com\/fr\/wp-json\/wp\/v2\/posts\/173550","targetHints":{"allow":["GET"]}}],"collection":[{"href":"https:\/\/www.europesays.com\/fr\/wp-json\/wp\/v2\/posts"}],"about":[{"href":"https:\/\/www.europesays.com\/fr\/wp-json\/wp\/v2\/types\/post"}],"author":[{"embeddable":true,"href":"https:\/\/www.europesays.com\/fr\/wp-json\/wp\/v2\/users\/2"}],"replies":[{"embeddable":true,"href":"https:\/\/www.europesays.com\/fr\/wp-json\/wp\/v2\/comments?post=173550"}],"version-history":[{"count":0,"href":"https:\/\/www.europesays.com\/fr\/wp-json\/wp\/v2\/posts\/173550\/revisions"}],"wp:featuredmedia":[{"embeddable":true,"href":"https:\/\/www.europesays.com\/fr\/wp-json\/wp\/v2\/media\/173551"}],"wp:attachment":[{"href":"https:\/\/www.europesays.com\/fr\/wp-json\/wp\/v2\/media?parent=173550"}],"wp:term":[{"taxonomy":"category","embeddable":true,"href":"https:\/\/www.europesays.com\/fr\/wp-json\/wp\/v2\/categories?post=173550"},{"taxonomy":"post_tag","embeddable":true,"href":"https:\/\/www.europesays.com\/fr\/wp-json\/wp\/v2\/tags?post=173550"}],"curies":[{"name":"wp","href":"https:\/\/api.w.org\/{rel}","templated":true}]}}