{"id":173556,"date":"2025-06-13T14:21:14","date_gmt":"2025-06-13T14:21:14","guid":{"rendered":"https:\/\/www.europesays.com\/fr\/173556\/"},"modified":"2025-06-13T14:21:14","modified_gmt":"2025-06-13T14:21:14","slug":"girondins-cinq-bordelaises-championnes-de-france-universitaire","status":"publish","type":"post","link":"https:\/\/www.europesays.com\/fr\/173556\/","title":{"rendered":"Girondins : Cinq Bordelaises championnes de France Universitaire"},"content":{"rendered":"<p><img decoding=\"async\" src=\"https:\/\/www.europesays.com\/fr\/wp-content\/uploads\/2025\/06\/671_d4ed2c3a6d37e8c86a0b5232b1b73451.jpg\" alt=\"Girondins : Cinq Bordelaises championnes de France Universitaire\" class=\"img-responsive mt-3\"\/><\/p>\n<p class=\"text-center mb-3\" style=\"font-size: 14px\">\u00a9 Iconsport<\/p>\n<p>      <strong>Qualifi\u00e9es pour les Championnats d\u2019Europe la saison prochaine<\/strong><\/p>\n<p style=\"text-align: justify;\">Elles \u00e9taient cinq : Axelle Graveleau, Sarah Guellil, Mathilde Meunier, Valentine Marcandella et Ilona Koko.<\/p>\n<p style=\"text-align: justify;\">Trois jours seulement apr\u00e8s avoir valid\u00e9 leur ticket pour la D3 avec les Girondins de Bordeaux, les cinq joueuses ont pris la direction de Metz pour jouer les phases finales du championnat universitaire de football f\u00e9minin.<\/p>\n<p style=\"text-align: justify;\">Les Bordelaises s\u2019imposent en finale face \u00e0 Valenciennes sur un score de 3 \u00e0 0.<\/p>\n<p style=\"text-align: justify;\">Ce titre de Championnes de France les qualifie pour le Championnat d\u2019Europe la saison prochaine qui se d\u00e9roulera \u00e0 Naples. Un titre que les bordelaises avaient d\u00e9j\u00e0 gagn\u00e9 en 2022 et en 2023.<\/p>\n<p>\u00a0<img decoding=\"async\" src=\"https:\/\/www.europesays.com\/fr\/wp-content\/uploads\/2025\/06\/Capture d\u2019e\u0301cran 2025-06-13 a\u0300 16.02.05.png\" alt=\"Capture d\u2019e\u0301cran 2025-06-13 a\u0300 16.02.05.png (2.32 MB)\" style=\"width:700px;max-width:100%;\"\/><\/p>\n<p>\u00a0<\/p>\n<p>\u00c0 lire &gt;&gt; <strong><a href=\"https:\/\/www.webgirondins.com\/actualite-girondins-national-2-les-chiffres-fous-du-budget-des-girondins-comment-lopez-va-financer-129392\" target=\"_blank\" rel=\"noopener\">National 2 : Les chiffres fous du budget des Girondins &#8211; Comment Lopez va financer ?<\/a><\/strong><\/p>\n<p>\u00a0<\/p>\n<p>Notre podcast court \u00e0 \u00e9couter :<\/p>\n<p>\u00a0<\/p>\n","protected":false},"excerpt":{"rendered":"\u00a9 Iconsport Qualifi\u00e9es pour les Championnats d\u2019Europe la saison prochaine Elles \u00e9taient cinq : Axelle Graveleau, Sarah Guellil,&hellip;\n","protected":false},"author":2,"featured_media":144331,"comment_status":"","ping_status":"","sticky":false,"template":"","format":"standard","meta":{"footnotes":""},"categories":[2817],"tags":[1111,11,3853,1997,30861,30862,30865,3216,1777,674,1011,27,1987,4567,3289,17297,12,2219,25,5104,30863,30864,1264],"class_list":{"0":"post-173556","1":"post","2":"type-post","3":"status-publish","4":"format-standard","5":"has-post-thumbnail","7":"category-bordeaux","8":"tag-actu","9":"tag-actualites","10":"tag-annecy","11":"tag-bordeaux","12":"tag-bordelaises","13":"tag-championnes","14":"tag-choment","15":"tag-cinq","16":"tag-eu","17":"tag-europe","18":"tag-fr","19":"tag-france","20":"tag-girondins","21":"tag-grace","22":"tag-leur","23":"tag-montee","24":"tag-news","25":"tag-nouvelle-aquitaine","26":"tag-republique-francaise","27":"tag-suite","28":"tag-universitaire","29":"tag-validee","30":"tag-victoire"},"share_on_mastodon":{"url":"https:\/\/pubeurope.com\/@fr\/114676504412531278","error":""},"_links":{"self":[{"href":"https:\/\/www.europesays.com\/fr\/wp-json\/wp\/v2\/posts\/173556","targetHints":{"allow":["GET"]}}],"collection":[{"href":"https:\/\/www.europesays.com\/fr\/wp-json\/wp\/v2\/posts"}],"about":[{"href":"https:\/\/www.europesays.com\/fr\/wp-json\/wp\/v2\/types\/post"}],"author":[{"embeddable":true,"href":"https:\/\/www.europesays.com\/fr\/wp-json\/wp\/v2\/users\/2"}],"replies":[{"embeddable":true,"href":"https:\/\/www.europesays.com\/fr\/wp-json\/wp\/v2\/comments?post=173556"}],"version-history":[{"count":0,"href":"https:\/\/www.europesays.com\/fr\/wp-json\/wp\/v2\/posts\/173556\/revisions"}],"wp:featuredmedia":[{"embeddable":true,"href":"https:\/\/www.europesays.com\/fr\/wp-json\/wp\/v2\/media\/144331"}],"wp:attachment":[{"href":"https:\/\/www.europesays.com\/fr\/wp-json\/wp\/v2\/media?parent=173556"}],"wp:term":[{"taxonomy":"category","embeddable":true,"href":"https:\/\/www.europesays.com\/fr\/wp-json\/wp\/v2\/categories?post=173556"},{"taxonomy":"post_tag","embeddable":true,"href":"https:\/\/www.europesays.com\/fr\/wp-json\/wp\/v2\/tags?post=173556"}],"curies":[{"name":"wp","href":"https:\/\/api.w.org\/{rel}","templated":true}]}}