{"id":173561,"date":"2025-06-13T14:24:16","date_gmt":"2025-06-13T14:24:16","guid":{"rendered":"https:\/\/www.europesays.com\/fr\/173561\/"},"modified":"2025-06-13T14:24:16","modified_gmt":"2025-06-13T14:24:16","slug":"la-mel-hausse-vraiment-le-ton-et-exige-des-solutions","status":"publish","type":"post","link":"https:\/\/www.europesays.com\/fr\/173561\/","title":{"rendered":"la MEL hausse (vraiment) le ton et exige des solutions"},"content":{"rendered":"<p>            Par<br \/>\n        <strong><br \/>\n            <a href=\"https:\/\/actu.fr\/auteur\/redaction-lille\" title=\"Consulter tous les articles de R\u00e9daction Lille\" target=\"_blank\" rel=\"noopener\">R\u00e9daction Lille<\/a><br \/>\n        <\/strong><\/p>\n<p>        Publi\u00e9 le<\/p>\n<p>            13 juin 2025 \u00e0 15h24        <\/p>\n<p><a href=\"https:\/\/actu.fr\/hauts-de-france\/lille_59350\/metro-de-lille-la-ligne-1-enfin-de-nouveau-en-service-apres-plusieurs-jours-darret_62651390.html\" target=\"_blank\" rel=\"noopener\">Du 15 au 17 mai<\/a> puis <a href=\"https:\/\/actu.fr\/hauts-de-france\/lille_59350\/metro-de-lille-ilevia-la-ligne-1-touchee-par-des-interruptions-en-pleine-pride_62683597.html\" target=\"_blank\" rel=\"noopener\">le 24 mai 2025<\/a>, <b>la ligne 1 du m\u00e9tro<\/b> de la <b>m\u00e9tropole de Lille <\/b>a \u00e9t\u00e9 durement perturb\u00e9e par<b> deux incidents d\u2019ampleur exceptionnelle<\/b>, par leur dur\u00e9e et leur caract\u00e8re technique in\u00e9dit. Ce vendredi 13 juin 2025 lors d\u2019une commission, la <a href=\"https:\/\/actu.fr\/tag\/metropole-europeenne-de-lille\" target=\"_blank\" rel=\"noopener\">MEL<\/a> a demand\u00e9 \u00e0 <a href=\"https:\/\/actu.fr\/tag\/ilevia\" target=\"_blank\" rel=\"noopener\">Il\u00e9via<\/a> et <b>Alstom<\/b> de rendre des comptes et a exig\u00e9 \u00ab\u00a0<b>des r\u00e9ponses concr\u00e8tes et un plan d\u2019action imm\u00e9diat<\/b>\u00ab\u00a0. Dans un communiqu\u00e9 de presse transmis dans la foul\u00e9e, la MEL fait le point sur ce qui a \u00e9t\u00e9 \u00e9nonc\u00e9 et act\u00e9 avec les deux acteurs des transports en communs lillois.<\/p>\n<p>Il\u00e9via et Alstom somm\u00e9s de s\u2019expliquer sur les deux incidents majeurs du mois de mai<\/p>\n<p class=\" wall-content\">En mai 2025, le r\u00e9seau de transports de la m\u00e9tropole de Lille, a \u00e9t\u00e9 confront\u00e9 \u00e0 deux s\u00e9ries d\u2019incidents. \u00ab\u00a0Ces <b>dysfonctionnements successifs, in\u00e9dits tant par leur nature que par leur dur\u00e9e<\/b>, ont <b>lourdement p\u00e9nalis\u00e9 les usagers du m\u00e9tro<\/b>\u00ab\u00a0, insiste la M\u00e9tropole Europ\u00e9enne de Lille (MEL).<\/p>\n<p class=\" wall-content\">Cette derni\u00e8re a aussit\u00f4t exig\u00e9 d\u2019Il\u00e9via et d\u2019Alstom une <b>\u00ab\u00a0transparence totale\u00a0\u00bb<\/b> ainsi que des <b>\u00ab\u00a0explications pr\u00e9cises\u00a0\u00bb<\/b> sur les causes des pannes. \u00ab\u00a0Ils ont \u00e9t\u00e9 convoqu\u00e9s devant la commission Transports, Mobilit\u00e9, Accessibilit\u00e9 et Pr\u00e9vention-S\u00e9curit\u00e9, r\u00e9unie ce vendredi 13 juin, afin de rendre compte devant les \u00e9lus m\u00e9tropolitains de la gestion de ces incidents et de pr\u00e9senter les garanties n\u00e9cessaires pour \u00e9viter toute r\u00e9p\u00e9tition\u00a0\u00bb, poursuit la MEL.<\/p>\n<p class=\" wall-content\">Alstom et Il\u00e9via ont expliqu\u00e9 que <a href=\"https:\/\/actu.fr\/hauts-de-france\/lille_59350\/panne-de-metro-a-lille-la-ligne-1-interrompue-pour-une-duree-indeterminee-le-point-sur-la-situation_62648946.html\" target=\"_blank\" rel=\"noopener\">le premier incident, survenu du 15 au 17 mai<\/a>, a paralys\u00e9 le r\u00e9seau pendant pr\u00e8s de 72 heures. En cause : la <b>d\u00e9synchronisation d\u2019un serveur<\/b>, ext\u00e9rieur au syst\u00e8me de transport lui-m\u00eame, qui a entra\u00een\u00e9 la<b> mise en s\u00e9curit\u00e9 automatique et r\u00e9p\u00e9t\u00e9e<\/b> du r\u00e9seau. \u00ab\u00a0Malgr\u00e9 une mobilisation continue, <b>l\u2019origine du dysfonctionnement n\u2019a \u00e9t\u00e9 identifi\u00e9e qu\u2019au bout de 48 heures de recherches intensives<\/b>. Il a ensuite fallu plusieurs heures de v\u00e9rifications pour garantir une reprise du service en toute s\u00e9curit\u00e9\u00a0\u00bb, rappelle la MEL<\/p>\n<p>Vid\u00e9os : en ce moment sur Actu<\/p>\n<p class=\" wall-content\">Le second \u00e9pisode, le 24 mai, a vu survenir <b>quasi simultan\u00e9ment plusieurs incidents techniques<\/b> sur des rames des deux lignes de m\u00e9tro. \u00ab\u00a0La survenue conjointe de ces d\u00e9faillances, jusqu\u2019alors jug\u00e9e improbable, a provoqu\u00e9 <b>une d\u00e9sorganisation majeure du trafic dans un contexte particuli\u00e8rement sensible<\/b> : la tenue simultan\u00e9e de la <a href=\"https:\/\/actu.fr\/hauts-de-france\/lille_59350\/la-marche-des-fiertes-cest-samedi-a-lille-village-parcours-transports-ce-quil-faut-savoir_62675159.html\" target=\"_blank\" rel=\"noopener\">Marche des Fiert\u00e9s<\/a> et d\u2019un <a href=\"https:\/\/actu.fr\/hauts-de-france\/lille_59350\/bruce-springsteen-a-lille-dernieres-places-disponibles-pour-le-concert-hors-normes-du-boss_62246958.html\" target=\"_blank\" rel=\"noopener\">concert de Bruce Springsteen<\/a>.\u00a0\u00bb<\/p>\n<p class=\" wall-content\">\u00ab\u00a0Ces incidents ont lourdement perturb\u00e9 le quotidien des usagers, insiste encore la MEL. Si les causes ont \u00e9t\u00e9 identifi\u00e9es (dysfonctionnement serveur, d\u00e9fauts successifs sur plusieurs rames), la MEL attend d\u00e9sormais des <b>garanties claires sur la fiabilit\u00e9 du syst\u00e8me et la capacit\u00e9 des op\u00e9rateurs \u00e0 r\u00e9agir efficacement<\/b> dans l\u2019hypoth\u00e8se de tout nouvel incident.\u00a0\u00bb<\/p>\n<p>\u00ab\u00a0D\u2019importantes lacunes ont \u00e9t\u00e9 reconnues\u00a0\u00bb<\/p>\n<p class=\" wall-content\">\u00c0 la suite de ces \u00e9v\u00e9nements, un <b>diagnostic complet<\/b> a \u00e9t\u00e9 conduit, \u00e0 la fois sur les <b>infrastructures du syst\u00e8me de pilotage automatique<\/b> et sur les <b>proc\u00e9dures\u00a0d\u2019intervention de l\u2019exploitant<\/b>, contribuant ainsi \u00e0 fiabiliser encore davantage le syst\u00e8me et \u00e0 r\u00e9duire la probabilit\u00e9 de nouvelles pannes.\u00a0<\/p>\n<p class=\" wall-content\">Sur le <b>plan technique<\/b>, \u00ab\u00a0les causes des dysfonctionnements ont \u00e9t\u00e9 clairement identifi\u00e9es\u00a0\u00bb. Mais sur le <b>plan op\u00e9rationnel<\/b>, \u00ab\u00a0<b>d\u2019importantes lacunes ont \u00e9t\u00e9 reconnues<\/b> dans les processus de d\u00e9tection, de r\u00e9action et d\u2019information aux voyageurs. <b>Les usagers sont fortement impact\u00e9s<\/b> par ces pannes \u00e0 r\u00e9p\u00e9tition, ce qui suscite une <b>l\u00e9gitime inqui\u00e9tude<\/b>. Toutefois, <b>leur s\u00e9curit\u00e9 n\u2019a \u00e0 aucun moment \u00e9t\u00e9 compromise<\/b>, le nouveau syst\u00e8me \u00e9tant tr\u00e8s s\u00e9curitaire.\u00a0\u00bb<\/p>\n<p>La MEL exige un \u00ab\u00a0plan d\u2019action imm\u00e9diat\u00a0\u00bb pour \u00e9viter un nouveau fiasco<\/p>\n<p class=\" wall-content\">Face \u00e0 cette situation, la MEL assure qu\u2019elle \u00ab\u00a0ne se satisfera pas d\u2019un simple constat\u00a0\u00bb et<b> exige qu\u2019Il\u00e9via \u00ab\u00a0tire pleinement les enseignements de ces \u00e9pisodes<\/b> et prenne sans d\u00e9lai des <b>engagements concrets<\/b>\u00ab\u00a0. Elle demande ainsi :<\/p>\n<ul class=\" wall-content\">\n<li>Une <b>mobilisation de tous les acteurs<\/b> en vue d\u2019une <a href=\"https:\/\/actu.fr\/hauts-de-france\/lille_59350\/metro-de-lille-la-metropole-annonce-lacquisition-de-15-nouvelles-rames-pour-la-ligne-1_62039584.html\" target=\"_blank\" rel=\"noopener\">mise en service des rames de 52 m\u00e8tres en f\u00e9vrier 2026<\/a>, tel que pr\u00e9vu.<\/li>\n<li>Une <b>anticipation rigoureuse des situations de crise<\/b>, avec un dispositif d\u2019accompagnement renforc\u00e9 pour les usagers.<\/li>\n<li>Un <b>plan d\u2019action imm\u00e9diat d\u2019Il\u00e9via et d\u2019Alstom<\/b>, incluant une refonte compl\u00e8te des cha\u00eenes d\u2019alerte et des protocoles de gestion de crise.<\/li>\n<\/ul>\n<p class=\" wall-content\">Ce plan devra pr\u00e9voir :<\/p>\n<ul class=\" wall-content\">\n<li>Une <b>r\u00e9action op\u00e9rationnelle rapide<\/b> en cas d\u2019incident,<\/li>\n<li>Une\u00a0<b>meilleure\u00a0communication<\/b>\u00a0qui soit\u00a0claire, continue et\u00a0proactive envers les voyageurs ainsi que des outils de communication optimis\u00e9s,<\/li>\n<li>Un\u00a0<b>plan\u00a0de substitution efficace<\/b>, avec un service de bus renforc\u00e9 assurant une continuit\u00e9 de service.<\/li>\n<\/ul>\n<p>Des p\u00e9nalit\u00e9s en cas de \u00ab\u00a0nouveaux manquements graves\u00a0\u00bb<\/p>\n<p class=\" wall-content\">La MEL, Il\u00e9via et Alstom se sont par ailleurs mis d\u2019accord sur les points suivants :<\/p>\n<ul class=\" wall-content\">\n<li>Le d\u00e9ploiement en juillet prochain d\u2019une<b> nouvelle version du logiciel d\u2019exploitation<\/b>, qui constitue un jalon cl\u00e9 dans la correction d\u2019un grand nombre des anomalies rencontr\u00e9es ces derniers mois.<\/li>\n<li>La <b>mise en \u0153uvre d\u2019actions correctives sur les syst\u00e8mes d\u2019alarme<\/b>, les \u00e9quipements de supervision et les proc\u00e9dures de maintenance.<\/li>\n<\/ul>\n<p class=\" wall-content\">Si ces mesures ne sont pas suivies des faits, la MEL \u00ab\u00a0n\u2019h\u00e9sitera pas \u00e0 utiliser l\u2019ensemble des leviers contractuels \u00e0 sa disposition, y compris l\u2019application stricte des p\u00e9nalit\u00e9s pr\u00e9vues en cas de nouveaux manquements graves\u00a0\u00bb. Voil\u00e0 qui est dit.<\/p>\n<p class=\" wall-content\">Suivez toute l\u2019actualit\u00e9 de vos villes et m\u00e9dias favoris en vous inscrivant \u00e0 <a href=\"https:\/\/moncompte.actu.fr\" title=\"D\u00e9couvez Mon Actu\" rel=\"nofollow noopener\" data-trk=\"{&quot;cta&quot;:{&quot;action&quot;:&quot;https:\\\/\\\/moncompte.actu.fr&quot;,&quot;category&quot;:&quot;mon compte&quot;,&quot;from&quot;:&quot;article footer&quot;,&quot;name&quot;:&quot;Mon actu&quot;,&quot;type&quot;:&quot;cta&quot;}}\" target=\"_blank\">Mon Actu<\/a>.<\/p>\n","protected":false},"excerpt":{"rendered":"Par R\u00e9daction Lille Publi\u00e9 le 13 juin 2025 \u00e0 15h24 Du 15 au 17 mai puis le 24&hellip;\n","protected":false},"author":2,"featured_media":173562,"comment_status":"","ping_status":"","sticky":false,"template":"","format":"standard","meta":{"footnotes":""},"categories":[2815],"tags":[1111,11,1777,674,1011,27,811,4288,1307,4863,12,25,104,2803],"class_list":{"0":"post-173561","1":"post","2":"type-post","3":"status-publish","4":"format-standard","5":"has-post-thumbnail","7":"category-lille","8":"tag-actu","9":"tag-actualites","10":"tag-eu","11":"tag-europe","12":"tag-fr","13":"tag-france","14":"tag-hauts-de-france","15":"tag-ilevia","16":"tag-lille","17":"tag-metropole-europeenne-de-lille","18":"tag-news","19":"tag-republique-francaise","20":"tag-societe","21":"tag-transport"},"share_on_mastodon":{"url":"https:\/\/pubeurope.com\/@fr\/114676515932010026","error":""},"_links":{"self":[{"href":"https:\/\/www.europesays.com\/fr\/wp-json\/wp\/v2\/posts\/173561","targetHints":{"allow":["GET"]}}],"collection":[{"href":"https:\/\/www.europesays.com\/fr\/wp-json\/wp\/v2\/posts"}],"about":[{"href":"https:\/\/www.europesays.com\/fr\/wp-json\/wp\/v2\/types\/post"}],"author":[{"embeddable":true,"href":"https:\/\/www.europesays.com\/fr\/wp-json\/wp\/v2\/users\/2"}],"replies":[{"embeddable":true,"href":"https:\/\/www.europesays.com\/fr\/wp-json\/wp\/v2\/comments?post=173561"}],"version-history":[{"count":0,"href":"https:\/\/www.europesays.com\/fr\/wp-json\/wp\/v2\/posts\/173561\/revisions"}],"wp:featuredmedia":[{"embeddable":true,"href":"https:\/\/www.europesays.com\/fr\/wp-json\/wp\/v2\/media\/173562"}],"wp:attachment":[{"href":"https:\/\/www.europesays.com\/fr\/wp-json\/wp\/v2\/media?parent=173561"}],"wp:term":[{"taxonomy":"category","embeddable":true,"href":"https:\/\/www.europesays.com\/fr\/wp-json\/wp\/v2\/categories?post=173561"},{"taxonomy":"post_tag","embeddable":true,"href":"https:\/\/www.europesays.com\/fr\/wp-json\/wp\/v2\/tags?post=173561"}],"curies":[{"name":"wp","href":"https:\/\/api.w.org\/{rel}","templated":true}]}}