{"id":173568,"date":"2025-06-13T14:28:13","date_gmt":"2025-06-13T14:28:13","guid":{"rendered":"https:\/\/www.europesays.com\/fr\/173568\/"},"modified":"2025-06-13T14:28:13","modified_gmt":"2025-06-13T14:28:13","slug":"travaux-ce-lieu-emblematique-de-lyon-va-se-refaire-une-beaute","status":"publish","type":"post","link":"https:\/\/www.europesays.com\/fr\/173568\/","title":{"rendered":"Travaux : ce lieu embl\u00e9matique de Lyon va se refaire une beaut\u00e9"},"content":{"rendered":"<p>La Place Bellevue, dans le 1er arrondissement de Lyon, va faire peau neuve ! D\u00e8s ce mois de juin, cet embl\u00e9matique balcon sur la ville entamera sa transformation pour devenir un espace plus vert, plus agr\u00e9able et mieux adapt\u00e9 aux pi\u00e9tons.<\/p>\n<p>C&rsquo;est l&rsquo;une des plus belles vues de Lyon. <b>La place Bellevue<\/b>, situ\u00e9e juste en dessous du Gros Caillou de la Croix-Rousse, va s&rsquo;offrir une petite cure de jouvence, dans le 1er arrondissement.<\/p>\n<p>La Ville et la M\u00e9tropole de Lyon veulent en faire un espace plus vert, plus accessible et plus convivial <b>entre juin et d\u00e9cembre 2025<\/b>.<\/p>\n<p>Les am\u00e9nagements pr\u00e9vus sur la place Bellevue<\/p>\n<p>Les objectifs du chantier sont les suivants :\u00a0<\/p>\n<p>&#8211; r\u00e9nover un lieu tr\u00e8s fr\u00e9quent\u00e9 et d\u00e9grad\u00e9<\/p>\n<p>&#8211; am\u00e9liorer la circulation pi\u00e9tonne<\/p>\n<p>&#8211; replanter des arbres et des arbustes<\/p>\n<p>&#8211; r\u00e9nover l&rsquo;aire canine<\/p>\n<p>&#8211; favoriser la biodiversit\u00e9 (pr\u00e9sence de faucons cr\u00e9cerelles signal\u00e9e).<\/p>\n<p>Le co\u00fbt du chantier : 650.000 euros<\/p>\n<p>\u00ab\u00a0La place \u00e9tendue pour les pi\u00e9tons donnera la part belle \u00e0 la v\u00e9g\u00e9tation pour rafra\u00eechir nos rues\u00a0\u00bb, pr\u00e9cise Gautier Chapuis, adjoint au maire d\u00e9l\u00e9gu\u00e9 \u00e0 la v\u00e9g\u00e9talisation et \u00e0 la biodiversit\u00e9 notamment.<\/p>\n<p>Pendant les travaux, <b>la circulation sera interrompue rue Bodin<\/b>, l&rsquo;aire canine du parc Bellevue sera ferm\u00e9e temporairement.<\/p>\n<p>Le co\u00fbt total des travaux s&rsquo;\u00e9l\u00e8ve \u00e0 <b>650.000 euros<\/b>.<\/p>\n<p><img loading=\"lazy\" decoding=\"async\" src=\"https:\/\/www.europesays.com\/fr\/wp-content\/uploads\/2025\/06\/1749824893_184_img\" width=\"350\" height=\"200\" border=\"0\" title=\"Le mus\u00c3\u00a9e des Confluences, sous le soleil lyonnais.\"\/><\/p>\n<p>\u25baCulture<\/p>\n<p style=\"font-size: 22px;\"><b>Lyon : le mus\u00e9e des Confluences f\u00eate ses 10 ans ce week-end<\/b><\/p>\n<p>Ce week-end des 14 et 15 juin, le Mus\u00e9e des Confluences&#8230;<\/p>\n<p><\/p>\n","protected":false},"excerpt":{"rendered":"La Place Bellevue, dans le 1er arrondissement de Lyon, va faire peau neuve ! D\u00e8s ce mois de&hellip;\n","protected":false},"author":2,"featured_media":173569,"comment_status":"","ping_status":"","sticky":false,"template":"","format":"standard","meta":{"footnotes":""},"categories":[1889],"tags":[1111,11,2430,4107,2838,1777,674,1011,27,2428,6177,12,30866,25,2086],"class_list":{"0":"post-173568","1":"post","2":"type-post","3":"status-publish","4":"format-standard","5":"has-post-thumbnail","7":"category-lyon","8":"tag-actu","9":"tag-actualites","10":"tag-auvergne-rhone-alpes","11":"tag-chantier","12":"tag-croix-rousse","13":"tag-eu","14":"tag-europe","15":"tag-fr","16":"tag-france","17":"tag-lyon","18":"tag-mtropole-de-lyon","19":"tag-news","20":"tag-place-bellevue","21":"tag-republique-francaise","22":"tag-travaux"},"share_on_mastodon":{"url":"https:\/\/pubeurope.com\/@fr\/114676532104842116","error":""},"_links":{"self":[{"href":"https:\/\/www.europesays.com\/fr\/wp-json\/wp\/v2\/posts\/173568","targetHints":{"allow":["GET"]}}],"collection":[{"href":"https:\/\/www.europesays.com\/fr\/wp-json\/wp\/v2\/posts"}],"about":[{"href":"https:\/\/www.europesays.com\/fr\/wp-json\/wp\/v2\/types\/post"}],"author":[{"embeddable":true,"href":"https:\/\/www.europesays.com\/fr\/wp-json\/wp\/v2\/users\/2"}],"replies":[{"embeddable":true,"href":"https:\/\/www.europesays.com\/fr\/wp-json\/wp\/v2\/comments?post=173568"}],"version-history":[{"count":0,"href":"https:\/\/www.europesays.com\/fr\/wp-json\/wp\/v2\/posts\/173568\/revisions"}],"wp:featuredmedia":[{"embeddable":true,"href":"https:\/\/www.europesays.com\/fr\/wp-json\/wp\/v2\/media\/173569"}],"wp:attachment":[{"href":"https:\/\/www.europesays.com\/fr\/wp-json\/wp\/v2\/media?parent=173568"}],"wp:term":[{"taxonomy":"category","embeddable":true,"href":"https:\/\/www.europesays.com\/fr\/wp-json\/wp\/v2\/categories?post=173568"},{"taxonomy":"post_tag","embeddable":true,"href":"https:\/\/www.europesays.com\/fr\/wp-json\/wp\/v2\/tags?post=173568"}],"curies":[{"name":"wp","href":"https:\/\/api.w.org\/{rel}","templated":true}]}}