{"id":17357,"date":"2025-04-11T13:13:18","date_gmt":"2025-04-11T13:13:18","guid":{"rendered":"https:\/\/www.europesays.com\/fr\/17357\/"},"modified":"2025-04-11T13:13:18","modified_gmt":"2025-04-11T13:13:18","slug":"pourquoi-la-perle-de-la-cote-dazur-est-le-nouvel-eldorado-des-americains","status":"publish","type":"post","link":"https:\/\/www.europesays.com\/fr\/17357\/","title":{"rendered":"pourquoi la perle de la C\u00f4te d&rsquo;Azur est le nouvel eldorado des Am\u00e9ricains"},"content":{"rendered":"<p class=\"article-p mdl\"><strong>Nice<\/strong>, la perle de la <strong>C\u00f4te d&rsquo;Azur<\/strong>, attire de plus en plus de touristes am\u00e9ricains. Depuis quelques ann\u00e9es, la ville est devenue un v\u00e9ritable <strong>paradis pour les voyageurs venus des \u00c9tats-Unis<\/strong>. De la gastronomie ni\u00e7oise aux nouvelles liaisons a\u00e9riennes, en passant par une explosion du tourisme de luxe, Nice est devenue un incontournable pour les Am\u00e9ricains, comme l&rsquo;a remarqu\u00e9\u00a0<a class=\"link\" href=\"https:\/\/www.lemonde.fr\/economie\/article\/2025\/04\/08\/l-engouement-des-americains-qui-voyagent-ou-s-expatrient-a-nice-on-a-trouve-notre-ville-francaise-ideale_6592435_3234.html\" target=\"_blank\" rel=\"noopener\">Le Monde<\/a>.<\/p>\n<p class=\"article-p mdl\">Le nombre de <strong>touristes am\u00e9ricains<\/strong> \u00e0 Nice a explos\u00e9 depuis 2022. En 2024, <strong>620.000 s\u00e9jours<\/strong> ont \u00e9t\u00e9 recens\u00e9s dans les h\u00f4tels de la r\u00e9gion, une augmentation de 10% par rapport \u00e0 2019 (selon les donn\u00e9es de C\u00f4te d&rsquo;Azur France Tourisme). Un chiffre qui marque un <strong>record historique<\/strong>. Les Am\u00e9ricains ont m\u00eame d\u00e9pass\u00e9, pour la premi\u00e8re fois, les Italiens, et sont d\u00e9sormais les premiers touristes \u00e9trangers \u00e0 Nice, devant les Britanniques, les Allemands et les Hollandais.<\/p>\n<p>Plusieurs facteurs expliquent cet engouement pour Nice. D&rsquo;abord, ces derni\u00e8res ann\u00e9es, on a constat\u00e9 une\u00a0<strong>\u00e9conomie am\u00e9ricaine florissante, <\/strong>gr\u00e2ce \u00e0 un <strong>dollar fort<\/strong> et des <strong>salaires \u00e9lev\u00e9s<\/strong>, les Am\u00e9ricains trouvent la C\u00f4te d&rsquo;Azur plus abordable. Leur pouvoir d&rsquo;achat leur permet de profiter pleinement des <strong>plages de luxe<\/strong>, des <strong>h\u00f4tels cinq \u00e9toiles<\/strong> et des <strong>restaurants gastronomiques.<\/strong><\/p>\n<p class=\"article-p mdl\">Par ailleurs,<strong> l&rsquo;offre a\u00e9rienne est en plein essor ! <\/strong>Les liaisons entre <strong>Nice et les \u00c9tats-Unis<\/strong> se sont multipli\u00e9es depuis la fin de la pand\u00e9mie. En 2024, le trafic a\u00e9rien vers les \u00c9tats-Unis a bondi de <strong>40 %<\/strong>. Nice est d\u00e9sormais reli\u00e9e \u00e0 <strong>New York<\/strong>, <strong>Atlanta<\/strong>, <strong>Philadelphie<\/strong> et, d\u00e8s le mois prochain, <strong>Washington<\/strong>, avec des vols directs r\u00e9guliers. L\u2019a\u00e9roport de Nice ambitionne m\u00eame de franchir les 18 millions de passagers d\u2019ici 2030.\n<\/p>\n<p>            Les Am\u00e9ricains, des touristes g\u00e9n\u00e9reux<\/p>\n<p class=\"article-p mdl\">Les <strong>touristes am\u00e9ricains<\/strong> sont \u00e9galement r\u00e9put\u00e9s pour leurs <strong>d\u00e9penses<\/strong>. En moyenne, un Am\u00e9ricain d\u00e9pense <strong>200 euros par jour<\/strong> \u00e0 Nice, bien plus que les <strong>75 euros<\/strong> des Fran\u00e7ais. Ils sont aussi g\u00e9n\u00e9reux avec les <strong>pourboires <\/strong>et appr\u00e9cient les bonnes mani\u00e8res, ce qui fait le bonheur des <strong>commer\u00e7ants ni\u00e7ois<\/strong>.<\/p>\n<p>            Une nouvelle communaut\u00e9 d\u2019expatri\u00e9s am\u00e9ricains<\/p>\n<p class=\"article-p mdl\">Nice ne se contente pas de recevoir des touristes : elle attire aussi une communaut\u00e9 grandissante d&rsquo;<strong>expatri\u00e9s am\u00e9ricains<\/strong>. Les agences immobili\u00e8res constatent une <strong>explosion de la demande<\/strong> pour des biens en vente ou en location. Depuis trois ans, mais surtout ces derniers mois, de nombreux Am\u00e9ricains choisissent de s&rsquo;installer sur la C\u00f4te d&rsquo;Azur, s\u00e9duits par la qualit\u00e9 de vie et le climat doux.<\/p>\n<p>    La r\u00e9daction vous recommande<\/p>\n<p class=\"s-newsletter__title\">\n                L\u2019actualit\u00e9 par la r\u00e9daction de RTL dans votre bo\u00eete mail.\n            <\/p>\n<p class=\"s-newsletter__subtitle\">\n                Gr\u00e2ce \u00e0 votre compte RTL abonnez-vous \u00e0 la newsletter RTL info pour suivre toute l&rsquo;actualit\u00e9 au quotidien\n            <\/p>\n<p>\n                                    Lire la suite\n                                <\/p>\n","protected":false},"excerpt":{"rendered":"Nice, la perle de la C\u00f4te d&rsquo;Azur, attire de plus en plus de touristes am\u00e9ricains. Depuis quelques ann\u00e9es,&hellip;\n","protected":false},"author":2,"featured_media":17358,"comment_status":"","ping_status":"","sticky":false,"template":"","format":"standard","meta":{"footnotes":""},"categories":[2819],"tags":[1111,11,7013,1777,674,107,1011,27,12,2401,882,362,25,602],"class_list":{"0":"post-17357","1":"post","2":"type-post","3":"status-publish","4":"format-standard","5":"has-post-thumbnail","7":"category-nice","8":"tag-actu","9":"tag-actualites","10":"tag-cote-dazur","11":"tag-eu","12":"tag-europe","13":"tag-fil-info","14":"tag-fr","15":"tag-france","16":"tag-news","17":"tag-nice","18":"tag-provence-alpes-cote-dazur","19":"tag-replay","20":"tag-republique-francaise","21":"tag-tourisme"},"share_on_mastodon":{"url":"https:\/\/pubeurope.com\/@fr\/114319511035837135","error":""},"_links":{"self":[{"href":"https:\/\/www.europesays.com\/fr\/wp-json\/wp\/v2\/posts\/17357","targetHints":{"allow":["GET"]}}],"collection":[{"href":"https:\/\/www.europesays.com\/fr\/wp-json\/wp\/v2\/posts"}],"about":[{"href":"https:\/\/www.europesays.com\/fr\/wp-json\/wp\/v2\/types\/post"}],"author":[{"embeddable":true,"href":"https:\/\/www.europesays.com\/fr\/wp-json\/wp\/v2\/users\/2"}],"replies":[{"embeddable":true,"href":"https:\/\/www.europesays.com\/fr\/wp-json\/wp\/v2\/comments?post=17357"}],"version-history":[{"count":0,"href":"https:\/\/www.europesays.com\/fr\/wp-json\/wp\/v2\/posts\/17357\/revisions"}],"wp:featuredmedia":[{"embeddable":true,"href":"https:\/\/www.europesays.com\/fr\/wp-json\/wp\/v2\/media\/17358"}],"wp:attachment":[{"href":"https:\/\/www.europesays.com\/fr\/wp-json\/wp\/v2\/media?parent=17357"}],"wp:term":[{"taxonomy":"category","embeddable":true,"href":"https:\/\/www.europesays.com\/fr\/wp-json\/wp\/v2\/categories?post=17357"},{"taxonomy":"post_tag","embeddable":true,"href":"https:\/\/www.europesays.com\/fr\/wp-json\/wp\/v2\/tags?post=17357"}],"curies":[{"name":"wp","href":"https:\/\/api.w.org\/{rel}","templated":true}]}}