{"id":173570,"date":"2025-06-13T14:29:12","date_gmt":"2025-06-13T14:29:12","guid":{"rendered":"https:\/\/www.europesays.com\/fr\/173570\/"},"modified":"2025-06-13T14:29:12","modified_gmt":"2025-06-13T14:29:12","slug":"lyon-une-voiture-incendiee-rue-de-labbe-rozier","status":"publish","type":"post","link":"https:\/\/www.europesays.com\/fr\/173570\/","title":{"rendered":"Lyon. Une voiture incendi\u00e9e rue de l\u2019Abb\u00e9-Rozier"},"content":{"rendered":"<p>Dimanche 8 juin, vers 4 heures du matin, une voiture a pris feu devant un immeuble de la rue de l\u2019Abb\u00e9-Rozier, \u00e0 proximit\u00e9 du parking LPA. Plus de peur que de mal, car les sapeurs-pompiers, rapidement sur les lieux, n\u2019ont pas mis beaucoup de temps \u00e0 \u00e9teindre l\u2019incendie. Si aucune \u00e9vacuation d\u2019habitant n\u2019a \u00e9t\u00e9 n\u00e9cessaire, le feu s\u2019est malgr\u00e9 tout propag\u00e9 au sein du garage du num\u00e9ro\u00a06 de la rue.<\/p>\n<p>Les constatations ont \u00e9t\u00e9 r\u00e9alis\u00e9es par la police. Si la voiture est toujours sur les lieux, \u00ab\u00a0c\u2019est que nous attendons que l\u2019assureur vienne r\u00e9cup\u00e9rer l\u2019\u00e9pave de son assur\u00e9\u00a0\u00bb, indique la mairie du 1er \u00a0au Progr\u00e8s.<\/p>\n","protected":false},"excerpt":{"rendered":"Dimanche 8 juin, vers 4 heures du matin, une voiture a pris feu devant un immeuble de la&hellip;\n","protected":false},"author":2,"featured_media":173571,"comment_status":"","ping_status":"","sticky":false,"template":"","format":"standard","meta":{"footnotes":""},"categories":[1889],"tags":[1111,11,2430,271,272,2757,1777,674,274,1011,27,1310,2428,2756,12,25,2429],"class_list":{"0":"post-173570","1":"post","2":"type-post","3":"status-publish","4":"format-standard","5":"has-post-thumbnail","7":"category-lyon","8":"tag-actu","9":"tag-actualites","10":"tag-auvergne-rhone-alpes","11":"tag-crime","12":"tag-delit-et-contravention","13":"tag-edition-lyon-villeurbanne","14":"tag-eu","15":"tag-europe","16":"tag-faits-divers-justice","17":"tag-fr","18":"tag-france","19":"tag-incendie","20":"tag-lyon","21":"tag-lyon-bassin","22":"tag-news","23":"tag-republique-francaise","24":"tag-rhone"},"share_on_mastodon":{"url":"https:\/\/pubeurope.com\/@fr\/114676535613027549","error":""},"_links":{"self":[{"href":"https:\/\/www.europesays.com\/fr\/wp-json\/wp\/v2\/posts\/173570","targetHints":{"allow":["GET"]}}],"collection":[{"href":"https:\/\/www.europesays.com\/fr\/wp-json\/wp\/v2\/posts"}],"about":[{"href":"https:\/\/www.europesays.com\/fr\/wp-json\/wp\/v2\/types\/post"}],"author":[{"embeddable":true,"href":"https:\/\/www.europesays.com\/fr\/wp-json\/wp\/v2\/users\/2"}],"replies":[{"embeddable":true,"href":"https:\/\/www.europesays.com\/fr\/wp-json\/wp\/v2\/comments?post=173570"}],"version-history":[{"count":0,"href":"https:\/\/www.europesays.com\/fr\/wp-json\/wp\/v2\/posts\/173570\/revisions"}],"wp:featuredmedia":[{"embeddable":true,"href":"https:\/\/www.europesays.com\/fr\/wp-json\/wp\/v2\/media\/173571"}],"wp:attachment":[{"href":"https:\/\/www.europesays.com\/fr\/wp-json\/wp\/v2\/media?parent=173570"}],"wp:term":[{"taxonomy":"category","embeddable":true,"href":"https:\/\/www.europesays.com\/fr\/wp-json\/wp\/v2\/categories?post=173570"},{"taxonomy":"post_tag","embeddable":true,"href":"https:\/\/www.europesays.com\/fr\/wp-json\/wp\/v2\/tags?post=173570"}],"curies":[{"name":"wp","href":"https:\/\/api.w.org\/{rel}","templated":true}]}}