{"id":173588,"date":"2025-06-13T14:41:15","date_gmt":"2025-06-13T14:41:15","guid":{"rendered":"https:\/\/www.europesays.com\/fr\/173588\/"},"modified":"2025-06-13T14:41:15","modified_gmt":"2025-06-13T14:41:15","slug":"les-usines-indiennes-ont-exporte-a-fond-vers-les-etats-unis-pendant-la-crise-douaniere-avec-la-chine","status":"publish","type":"post","link":"https:\/\/www.europesays.com\/fr\/173588\/","title":{"rendered":"Les usines indiennes ont export\u00e9 \u00e0 fond vers les \u00c9tats-Unis pendant la crise douani\u00e8re avec la Chine"},"content":{"rendered":"<p><strong>Les fabricants d&rsquo;iPhone bas\u00e9s en Inde ont fait carburer leurs usines pour livrer les \u00c9tats-Unis dans des volumes records ces trois derniers mois<\/strong>.<\/p>\n<p>Foxconn et son concurrent de moindre taille Tata ont envoy\u00e9 quasiment toute leur production d&rsquo;iPhone vers les \u00c9tats-Unis entre mars et mai <a href=\"https:\/\/www.reuters.com\/world\/china\/foxconn-sends-97-india-iphone-exports-us-apple-tackles-trumps-tariffs-2025-06-13\/\" rel=\"nofollow noopener\" target=\"_blank\">indique<\/a> Reuters. Les usines indiennes de ces fournisseurs ont permis \u00e0 Apple d&rsquo;approvisionner son premier march\u00e9 mondial en esquivant les droits de douane impos\u00e9s \u00e0 la Chine qui s&rsquo;\u00e9taient envol\u00e9s jusqu&rsquo;\u00e0 145 % au plus fort de la crise d\u00e9clench\u00e9e par le pr\u00e9sident am\u00e9ricain. Alors que l&rsquo;Inde ne se voyait appliquer que 27\u00a0% de hausse.<\/p>\n<p><img decoding=\"async\" loading=\"lazy\" src=\"https:\/\/www.europesays.com\/fr\/wp-content\/uploads\/2025\/06\/mg-7b67c3e6-w2324-w828-w1300.jpg\"   data-jslghtbx=\"https:\/\/cdn.mgig.fr\/2025\/06\/mg-7b67c3e6-w2324.jpg\"\/>Assemblage d&rsquo;iPhone en Inde. Image [Apple](https:\/\/www.apple.com\/fr\/supply-chain\/).<\/p>\n<p>Sur le dernier trimestre, Foxconn a export\u00e9 pour 3,2 milliards de dollars d&rsquo;iPhone depuis l&rsquo;Inde, soit 97\u00a0% de sa production contre 50 % en moyenne un an plus t\u00f4t. Sur le seul mois de mai, la valeur des iPhone envoy\u00e9s a repr\u00e9sent\u00e9 presque 1 milliard de dollars, juste derri\u00e8re le record \u00e9tabli en mars avec 1,3 milliard.<\/p>\n<p>Autre indicateur de l&rsquo;importance de cette r\u00e9affectation g\u00e9ographique, sur les 5 premiers mois de l&rsquo;ann\u00e9e, Foxconn a envoy\u00e9 pour 4,4 milliards de dollars d&rsquo;iPhone depuis l&rsquo;Inde vers les \u00c9tats-Unis au lieu de 3,7 milliards sur l&rsquo;ensemble de l&rsquo;ann\u00e9e 2024. Pour acc\u00e9l\u00e9rer ce mouvement, Apple a aussi obtenu des douanes indiennes qu&rsquo;elles r\u00e9duisent de 30 heures \u00e0 6 heures le d\u00e9lai pour les proc\u00e9dures administratives.<\/p>\n<p>L&rsquo;Inde demeure une option plus int\u00e9ressante pour Apple malgr\u00e9 un accord trouv\u00e9 cette semaine entre les gouvernements am\u00e9ricain et chinois qui doit voir les taxes douani\u00e8res s&rsquo;\u00e9lever \u00e0 55 %. Les importations depuis l&rsquo;Inde sont toujours tax\u00e9es \u00e0 hauteur de 10 % avec des n\u00e9gociations en cours pour \u00e9viter une hausse \u00e0 plus de 25 %.<\/p>\n<p>Avant que n&rsquo;\u00e9clate cette crise douani\u00e8re, l&rsquo;Inde exportait d\u00e9j\u00e0 vers les \u00c9tats-Unis, mais aussi en direction d&rsquo;autres march\u00e9s comme le Royaume-Uni, les Pays-Bas ou la R\u00e9publique tch\u00e8que. C&rsquo;est maintenant le march\u00e9 am\u00e9ricain qui avale quasiment toute la production, mais il y a des miettes pour les autres pays. Des iPhone 16e Indiens peuvent arriver aussi chez nous.<\/p>\n<p> <a href=\"https:\/\/www.igen.fr\/iphone\/2025\/06\/les-iphone-16e-recus-en-france-peuvent-aussi-provenir-dinde-150329\" class=\"related-article igen\" rel=\"nofollow noopener\" target=\"_blank\"> <img decoding=\"async\" src=\"https:\/\/www.europesays.com\/fr\/wp-content\/uploads\/2025\/06\/mga-4ad2b92e-w375-w1500-w750_accroche.jpg\" alt=\"Les iPhone 16e re\u00e7us en France peuvent aussi provenir d\" inde=\"\"\/> <\/p>\n<p class=\"\">Les iPhone 16e re\u00e7us en France peuvent aussi provenir d&rsquo;Inde<\/p>\n<p><\/a> <\/p>\n<p>En faisant <a href=\"https:\/\/www.macg.co\/aapl\/2022\/12\/apple-veut-faire-assembler-ses-derniers-produits-en-dehors-de-chine-133187\" rel=\"nofollow noopener\" target=\"_blank\">d\u00e9velopper depuis quelques ann\u00e9es<\/a> des lignes d&rsquo;assemblage d&rsquo;iPhone par ses fournisseurs en dehors de Chine, Apple a pu contourner les effets de cette envol\u00e9e des droits de douane. Mais on a vu Donald Trump <a href=\"https:\/\/www.igen.fr\/iphone\/2025\/05\/la-nouvelle-menace-de-25-de-droits-de-douane-toucherait-tous-les-fabricants-de-smartphone-et-ne-fera-pas-changer-davis-apple-150141\" rel=\"nofollow noopener\" target=\"_blank\">agac\u00e9 de constater qu&rsquo;Apple<\/a> ne faisait que d\u00e9placer vers un voisin de la Chine ses capacit\u00e9s de production au lieu d&rsquo;envisager de les d\u00e9m\u00e9nager un jour sur le sol am\u00e9ricain.<\/p>\n<p> <a href=\"https:\/\/www.igen.fr\/iphone\/2025\/04\/coups-bas-et-mauvaises-manieres-entre-linde-et-la-chine-pour-la-fabrication-des-iphone-149683\" class=\"related-article igen\" rel=\"nofollow noopener\" target=\"_blank\"> <img decoding=\"async\" src=\"https:\/\/www.europesays.com\/fr\/wp-content\/uploads\/2025\/06\/mga-7e8e03c6-w375-w1500-w750_accroche.jpg\" alt=\"Coups bas et mauvaises mani\u00e8res entre l\" inde=\"\" et=\"\" la=\"\" chine=\"\" pour=\"\" fabrication=\"\" des=\"\" iphone=\"\"\/> <\/p>\n<p class=\"\">Coups bas et mauvaises mani\u00e8res entre l&rsquo;Inde et la Chine pour la fabrication des iPhone<\/p>\n<p><\/a> <\/p>\n<p> <a href=\"https:\/\/www.igen.fr\/iphone\/2023\/08\/le-parcours-seme-dembuches-de-la-fabrication-des-iphone-en-inde-138605\" class=\"related-article igen\" rel=\"nofollow noopener\" target=\"_blank\"> <img decoding=\"async\" src=\"https:\/\/www.europesays.com\/fr\/wp-content\/uploads\/2025\/06\/mga-947da827-w375-w1500-w750_accroche.jpg\" alt=\"Le parcours sem\u00e9 d\" emb=\"\" de=\"\" la=\"\" fabrication=\"\" des=\"\" iphone=\"\" en=\"\" inde=\"\"\/> <\/p>\n<p class=\"\">Le parcours sem\u00e9 d&#8217;emb\u00fbches de la fabrication des iPhone en Inde<\/p>\n<p><\/a> <\/p>\n","protected":false},"excerpt":{"rendered":"Les fabricants d&rsquo;iPhone bas\u00e9s en Inde ont fait carburer leurs usines pour livrer les \u00c9tats-Unis dans des volumes&hellip;\n","protected":false},"author":2,"featured_media":173589,"comment_status":"","ping_status":"","sticky":false,"template":"","format":"standard","meta":{"footnotes":""},"categories":[1589],"tags":[11,309,981,73,1866,5595,12,30867,1864,1865,1863,308],"class_list":{"0":"post-173588","1":"post","2":"type-post","3":"status-publish","4":"format-standard","5":"has-post-thumbnail","7":"category-etats-unis","8":"tag-actualites","9":"tag-chine","10":"tag-douane","11":"tag-etats-unis","12":"tag-etats-unis-damerique","13":"tag-inde","14":"tag-news","15":"tag-production-iphone","16":"tag-united-states","17":"tag-united-states-of-america","18":"tag-us","19":"tag-usa"},"share_on_mastodon":{"url":"https:\/\/pubeurope.com\/@fr\/114676582915628135","error":""},"_links":{"self":[{"href":"https:\/\/www.europesays.com\/fr\/wp-json\/wp\/v2\/posts\/173588","targetHints":{"allow":["GET"]}}],"collection":[{"href":"https:\/\/www.europesays.com\/fr\/wp-json\/wp\/v2\/posts"}],"about":[{"href":"https:\/\/www.europesays.com\/fr\/wp-json\/wp\/v2\/types\/post"}],"author":[{"embeddable":true,"href":"https:\/\/www.europesays.com\/fr\/wp-json\/wp\/v2\/users\/2"}],"replies":[{"embeddable":true,"href":"https:\/\/www.europesays.com\/fr\/wp-json\/wp\/v2\/comments?post=173588"}],"version-history":[{"count":0,"href":"https:\/\/www.europesays.com\/fr\/wp-json\/wp\/v2\/posts\/173588\/revisions"}],"wp:featuredmedia":[{"embeddable":true,"href":"https:\/\/www.europesays.com\/fr\/wp-json\/wp\/v2\/media\/173589"}],"wp:attachment":[{"href":"https:\/\/www.europesays.com\/fr\/wp-json\/wp\/v2\/media?parent=173588"}],"wp:term":[{"taxonomy":"category","embeddable":true,"href":"https:\/\/www.europesays.com\/fr\/wp-json\/wp\/v2\/categories?post=173588"},{"taxonomy":"post_tag","embeddable":true,"href":"https:\/\/www.europesays.com\/fr\/wp-json\/wp\/v2\/tags?post=173588"}],"curies":[{"name":"wp","href":"https:\/\/api.w.org\/{rel}","templated":true}]}}