{"id":173598,"date":"2025-06-13T14:46:10","date_gmt":"2025-06-13T14:46:10","guid":{"rendered":"https:\/\/www.europesays.com\/fr\/173598\/"},"modified":"2025-06-13T14:46:10","modified_gmt":"2025-06-13T14:46:10","slug":"en-direct-orages-29-departements-places-en-alerte-orange","status":"publish","type":"post","link":"https:\/\/www.europesays.com\/fr\/173598\/","title":{"rendered":"EN DIRECT &#8211; Orages : 29 d\u00e9partements plac\u00e9s en alerte orange"},"content":{"rendered":"<p>Neuf nouveaux d\u00e9partements du Nord-Ouest passent en vigilance orange aux orages. Il s&rsquo;agit de l&rsquo;Eure-et-Loir (28), l&rsquo;Oise (60), le Nord (59), les Yvelines (78), le Val d&rsquo;Oise (95), Paris et la petite couronne. Deux d\u00e9partements du Sud-Ouest s&rsquo;ajoutent \u00e0 cette liste : l&rsquo;Ari\u00e8ge (09) et le Tarn-et-Garonne (82).\u00a0<\/p>\n<p>Sont concern\u00e9s \u00e0 partir de 16h : l&rsquo;Ari\u00e8ge (09), le Calvados (14), la Dordogne (24), l&rsquo;Eure (27), l&rsquo;Eure-et-Loir (28), la Haute-Garonne (31), le Gers (32), la Gironde (33), les Landes (40), le Lot-et-Garonne (47), la Manche (50), la Mayenne (53), le Nord (59), l&rsquo;Oise (60), l&rsquo;Orne (61), le Pas-de-Calais (62), les Pyr\u00e9n\u00e9es-Atlantiques (64), les Hautes-Pyr\u00e9n\u00e9es (65), la Sarthe (72), Paris et la petite couronne, la Seine-Maritime (76), les Yvelines (78), la Somme (80), le Tarn-et-Garonne (82) et le Val d&rsquo;Oise (95).<\/p>\n","protected":false},"excerpt":{"rendered":"Neuf nouveaux d\u00e9partements du Nord-Ouest passent en vigilance orange aux orages. Il s&rsquo;agit de l&rsquo;Eure-et-Loir (28), l&rsquo;Oise (60),&hellip;\n","protected":false},"author":2,"featured_media":173599,"comment_status":"","ping_status":"","sticky":false,"template":"","format":"standard","meta":{"footnotes":""},"categories":[2],"tags":[1111,11,1921,1011,27,1922,12,25,30869,133,11009],"class_list":{"0":"post-173598","1":"post","2":"type-post","3":"status-publish","4":"format-standard","5":"has-post-thumbnail","7":"category-actualites","8":"tag-actu","9":"tag-actualites","10":"tag-article-video","11":"tag-fr","12":"tag-france","13":"tag-info","14":"tag-news","15":"tag-republique-francaise","16":"tag-un-nouvel-episode-caniculaire-et-orageux","17":"tag-video","18":"tag-video-meteo-et-intemperies"},"share_on_mastodon":{"url":"https:\/\/pubeurope.com\/@fr\/114676602515885564","error":""},"_links":{"self":[{"href":"https:\/\/www.europesays.com\/fr\/wp-json\/wp\/v2\/posts\/173598","targetHints":{"allow":["GET"]}}],"collection":[{"href":"https:\/\/www.europesays.com\/fr\/wp-json\/wp\/v2\/posts"}],"about":[{"href":"https:\/\/www.europesays.com\/fr\/wp-json\/wp\/v2\/types\/post"}],"author":[{"embeddable":true,"href":"https:\/\/www.europesays.com\/fr\/wp-json\/wp\/v2\/users\/2"}],"replies":[{"embeddable":true,"href":"https:\/\/www.europesays.com\/fr\/wp-json\/wp\/v2\/comments?post=173598"}],"version-history":[{"count":0,"href":"https:\/\/www.europesays.com\/fr\/wp-json\/wp\/v2\/posts\/173598\/revisions"}],"wp:featuredmedia":[{"embeddable":true,"href":"https:\/\/www.europesays.com\/fr\/wp-json\/wp\/v2\/media\/173599"}],"wp:attachment":[{"href":"https:\/\/www.europesays.com\/fr\/wp-json\/wp\/v2\/media?parent=173598"}],"wp:term":[{"taxonomy":"category","embeddable":true,"href":"https:\/\/www.europesays.com\/fr\/wp-json\/wp\/v2\/categories?post=173598"},{"taxonomy":"post_tag","embeddable":true,"href":"https:\/\/www.europesays.com\/fr\/wp-json\/wp\/v2\/tags?post=173598"}],"curies":[{"name":"wp","href":"https:\/\/api.w.org\/{rel}","templated":true}]}}