{"id":173605,"date":"2025-06-13T14:53:09","date_gmt":"2025-06-13T14:53:09","guid":{"rendered":"https:\/\/www.europesays.com\/fr\/173605\/"},"modified":"2025-06-13T14:53:09","modified_gmt":"2025-06-13T14:53:09","slug":"basket-ball-retrogradation-confirmee-pour-le-tgb-qui-jouera-en-region-la-saison-prochaine","status":"publish","type":"post","link":"https:\/\/www.europesays.com\/fr\/173605\/","title":{"rendered":"Basket-ball\u00a0: R\u00e9trogradation confirm\u00e9e pour le TGB qui jouera en R\u00e9gion la saison prochaine"},"content":{"rendered":"<p>\n                                                                    l&rsquo;essentiel<br \/>\n                                                                Coup de tonnerre en Ligue f\u00e9minine puisque l\u2019embl\u00e9matique TGB, vice-champion de France cette saison, a vu sa r\u00e9trogradation confirm\u00e9e apr\u00e8s son passage, jeudi 5\u00a0juin dernier, devant la chambre d\u2019appel de la FFBB.\n                            <\/p>\n<p>Cette fois, l\u2019\u00e9p\u00e9e de Damocl\u00e8s est tomb\u00e9e sur la t\u00eate du TGB vice-champion de France\u00a0qui n\u2019avait pas satisfait aux exigences de la Commission de contr\u00f4le de gestion et avait fait appel de la <a href=\"https:\/\/www.nrpyrenees.fr\/2025\/05\/27\/basket-ball-lbwl-le-tgb-une-nouvelle-fois-retrograde-en-ligue-regionale-12718690.php\" target=\"_self\" rel=\"noopener\">r\u00e9trogradation <\/a>en ligue r\u00e9gionale prononc\u00e9e le 27\u00a0mai dernier.<\/p>\n<p>Pas de 3e joker<\/p>\n<p>Nonobstant ce\u00a0recours et un passage le jeudi 5\u00a0juin dernier devant la chambre d\u2019appel de la F\u00e9d\u00e9ration fran\u00e7aise de basket-ball (FFBB), la r\u00e9trogradation annonc\u00e9e a\u00a0\u00e9t\u00e9 maintenue contrairement aux deux pr\u00e9c\u00e9dentes saisons o\u00f9 le club tarbais s\u2019\u00e9tait maintenu dans l\u2019\u00e9lite du basket-ball devant la chambre d\u2019appel de la F\u00e9d\u00e9ration fran\u00e7aise.<\/p>\n<p>Malgr\u00e9 <a href=\"https:\/\/www.nrpyrenees.fr\/2025\/05\/27\/basket-ball-le-club-est-solide-reagit-le-tgb-apres-sa-retrogradation-en-ligue-regionale-12724725.php\" target=\"_self\" rel=\"noopener\">une r\u00e9action rassurante de la pr\u00e9sidente du TGB<\/a>, Jeannie Cointre, qui avait \u00e9voqu\u00e9 une \u00ab\u00a0situation temporaire. Le TGB fournira l\u2019ensemble des documents et garanties compl\u00e9mentaires n\u00e9cessaires afin de d\u00e9montrer sa solidit\u00e9 financi\u00e8re, sa gestion rigoureuse et sa pleine l\u00e9gitimit\u00e9 \u00e0 \u00e9voluer au plus haut niveau du basket f\u00e9minin fran\u00e7ais.\u00a0\u00bb, le club de Tarbes s\u2019est bel et bien fait \u00e9pingler pour sa gestion d\u00e9faillante.<\/p>\n<p>Bien au-del\u00e0 des 250.000 euros de dettes<\/p>\n<p>On peut \u00e9voquer ici un d\u00e9ficit important de plusieurs centaines de milliers d\u2019euros, sans doute bien au-del\u00e0 des 246.000 euros qui avait conduit \u00e0 la premi\u00e8re r\u00e9trogradation du club en LF 2 en 2015, en plus des difficult\u00e9s \u00e0 remettre \u00e0 niveau le fonds de r\u00e9serve dont une partie des 73.000 euros d\u2019exc\u00e9dent de la saison 2023-2024 avait permis de reconstituer.<\/p>\n<p>Sont venus s\u2019ajouter \u00e0 ces difficult\u00e9s chroniques une amende d\u2019environ\u00a065.000 euros pour non-respect durant la saison des obligations arbitrales, de la table de marque, contribution marketing play-off 2023-2024, frais NF2 Espoirs, rejets pr\u00e9l\u00e8vements engagements,\u00a0etc. ainsi qu\u2019un d\u00e9faut sur le nombre de contrats administratifs impos\u00e9s par la F\u00e9d\u00e9ration aux clubs professionnels.<\/p>\n<p>Sanction lapidaire<\/p>\n<p>C\u2019est, donc, un coup de tonnerre cons\u00e9cutif\u00a0\u00e0\u00a0une sanction lapidaire que vient de prendre la FFBB \u00e0 l\u2019encontre du Tarbes Gespe Bigorre dont le titre de vice-champion de France n\u2019a pas plaid\u00e9 en sa faveur malgr\u00e9 des recettes de billetterie en hausse et un coup de pouce important de la municipalit\u00e9 tarbaise (50.000 euros) et du D\u00e9partement (30.000 euros) qui n\u2019auront finalement servi qu\u2019\u00e0 \u00e9ponger.<\/p>\n<p>C\u2019est d\u00e9sormais de nombreux d\u00e9fis qu\u2019aura \u00e0 relever le club tarbais tant dans son \u00e9quipe fanion que dans son centre de formation.<\/p>\n<p>Appel possible<\/p>\n<p>Les clubs ont la possibilit\u00e9 de contester ces d\u00e9cisions aupr\u00e8s du Tribunal Administratif. Pr\u00e9alablement \u00e0 cette saisine, un recours est obligatoire aupr\u00e8s du CNOSF, dans un d\u00e9lai de quinze (15) jours conform\u00e9ment \u00e0 l\u2019article R.141-15 du Code du sport.<\/p>\n<p>De son c\u00f4t\u00e9, l\u2019autre club concern\u00e9 par une possible rel\u00e9gation, La Roche Vend\u00e9e, a vu son maintien en Wonderligue accept\u00e9 par la chambre d\u2019appel de la FFBB. Le club vend\u00e9en l\u2019a fait savoir dans un communiqu\u00e9 et indique plusieurs points qui ont permis la d\u00e9cision comme \u00ab\u00a0une transparence continue avec les instances f\u00e9d\u00e9rales, une solidarit\u00e9 sans faille entre tous les acteurs du club, le soutien fort et d\u00e9terminant de nos partenaires priv\u00e9s.\u00a0\u00bb<\/p>\n","protected":false},"excerpt":{"rendered":"l&rsquo;essentiel Coup de tonnerre en Ligue f\u00e9minine puisque l\u2019embl\u00e9matique TGB, vice-champion de France cette saison, a vu sa&hellip;\n","protected":false},"author":2,"featured_media":173606,"comment_status":"","ping_status":"","sticky":false,"template":"","format":"standard","meta":{"footnotes":""},"categories":[1414],"tags":[1465,1464,1011,27,60],"class_list":{"0":"post-173605","1":"post","2":"type-post","3":"status-publish","4":"format-standard","5":"has-post-thumbnail","7":"category-basket","8":"tag-basket","9":"tag-basketball","10":"tag-fr","11":"tag-france","12":"tag-sports"},"share_on_mastodon":{"url":"https:\/\/pubeurope.com\/@fr\/114676629731843016","error":""},"_links":{"self":[{"href":"https:\/\/www.europesays.com\/fr\/wp-json\/wp\/v2\/posts\/173605","targetHints":{"allow":["GET"]}}],"collection":[{"href":"https:\/\/www.europesays.com\/fr\/wp-json\/wp\/v2\/posts"}],"about":[{"href":"https:\/\/www.europesays.com\/fr\/wp-json\/wp\/v2\/types\/post"}],"author":[{"embeddable":true,"href":"https:\/\/www.europesays.com\/fr\/wp-json\/wp\/v2\/users\/2"}],"replies":[{"embeddable":true,"href":"https:\/\/www.europesays.com\/fr\/wp-json\/wp\/v2\/comments?post=173605"}],"version-history":[{"count":0,"href":"https:\/\/www.europesays.com\/fr\/wp-json\/wp\/v2\/posts\/173605\/revisions"}],"wp:featuredmedia":[{"embeddable":true,"href":"https:\/\/www.europesays.com\/fr\/wp-json\/wp\/v2\/media\/173606"}],"wp:attachment":[{"href":"https:\/\/www.europesays.com\/fr\/wp-json\/wp\/v2\/media?parent=173605"}],"wp:term":[{"taxonomy":"category","embeddable":true,"href":"https:\/\/www.europesays.com\/fr\/wp-json\/wp\/v2\/categories?post=173605"},{"taxonomy":"post_tag","embeddable":true,"href":"https:\/\/www.europesays.com\/fr\/wp-json\/wp\/v2\/tags?post=173605"}],"curies":[{"name":"wp","href":"https:\/\/api.w.org\/{rel}","templated":true}]}}