{"id":173609,"date":"2025-06-13T14:55:11","date_gmt":"2025-06-13T14:55:11","guid":{"rendered":"https:\/\/www.europesays.com\/fr\/173609\/"},"modified":"2025-06-13T14:55:11","modified_gmt":"2025-06-13T14:55:11","slug":"verstappen-nenvisage-de-se-battre-quavec-mercedes-et-ferrari-a-montreal","status":"publish","type":"post","link":"https:\/\/www.europesays.com\/fr\/173609\/","title":{"rendered":"Verstappen n&rsquo;envisage de se battre qu&rsquo;avec Mercedes et Ferrari \u00e0 Montr\u00e9al"},"content":{"rendered":"<p><a href=\"https:\/\/fr.motorsport.com\/driver\/max-verstappen\/93029\/\" target=\"_blank\" rel=\"noopener\">Max Verstappen<\/a> estime qu&rsquo;il n&rsquo;aura pas les moyens de lutter contre <a href=\"https:\/\/fr.motorsport.com\/team\/mclaren\/609\/\" target=\"_blank\" rel=\"noopener\">McLaren<\/a> \u00e0 Montr\u00e9al et assure se focaliser sur <a href=\"https:\/\/fr.motorsport.com\/team\/ferrari\/615\/\" target=\"_blank\" rel=\"noopener\">Ferrari<\/a> et\u00a0<a href=\"https:\/\/fr.motorsport.com\/team\/mercedes\/611\/\" target=\"_blank\" rel=\"noopener\">Mercedes<\/a> dans la lutte pour le podium.\u00a0<\/p>\n<p>En d\u00e9pit de ses succ\u00e8s lors des trois pr\u00e9c\u00e9dentes \u00e9ditions de l&rsquo;\u00e9preuve qu\u00e9b\u00e9coise, le N\u00e9erlandais s&rsquo;avance en 2025 sans l&rsquo;\u00e9tiquette de favori qui semble d\u00e9sormais coller aux basques des MCL39 d&rsquo;<a href=\"https:\/\/fr.motorsport.com\/driver\/oscar-piastri\/835356\/\" target=\"_blank\" rel=\"noopener\">Oscar Piastri<\/a> et <a href=\"https:\/\/fr.motorsport.com\/driver\/lando-norris\/289708\/\" target=\"_blank\" rel=\"noopener\">Lando Norris<\/a>. Toutefois, comme on l&rsquo;a vu sur plusieurs courses pr\u00e9c\u00e9dentes et \u2013 pas plus tard que lors du GP d&rsquo;Espagne \u2013, il s&rsquo;en faut de peu pour que Verstappen trouble la marche en avant des hommes en orange papaye.<\/p>\n<blockquote>\n<p>Il sera d\u00e9j\u00e0 assez difficile de se battre pour le podium.<\/p>\n<\/blockquote>\n<p>Cependant, avec un Circuit Gilles-Villeneuve sans courbes rapides et o\u00f9 c&rsquo;est le train arri\u00e8re des monoplaces qui est le facteur limitant, la <a href=\"https:\/\/fr.motorsport.com\/team\/red-bull\/553\/\" target=\"_blank\" rel=\"noopener\">Red Bull<\/a> RB21 pourrait particuli\u00e8rement souffrir et donc peiner \u00e0 v\u00e9ritablement jouer les poils \u00e0 gratter ou mieux. Dans dans ces conditions, le quadruple champion du monde regarde dans le r\u00e9troviseur avant de d\u00e9marrer l&rsquo;\u00e9preuve.<\/p>\n<p>\u00ab\u00a0C&rsquo;est un peu diff\u00e9rent cette fois-ci. Mais je pense que si nous pouvons nous battre pour un podium avec Ferrari et Mercedes, ce serait d\u00e9j\u00e0 un bon r\u00e9sultat. [Les McLaren] sont plus rapides. Je n&rsquo;y pense m\u00eame pas. Je me concentre davantage sur les autres \u00e9quipes.\u00a0Je sais que l&rsquo;ann\u00e9e derni\u00e8re, par exemple, Mercedes \u00e9tait tr\u00e8s forte ici. Je pense que si l&rsquo;on compare l&rsquo;an pass\u00e9 \u00e0 cette saison, ils sont peut-\u00eatre encore plus comp\u00e9titifs. Il sera donc d\u00e9j\u00e0 assez difficile de se battre pour le podium.\u00a0\u00bb<\/p>\n<p>   <img decoding=\"async\" draggable=\"false\" src=\"https:\/\/www.europesays.com\/fr\/wp-content\/uploads\/2025\/06\/george-russell-mercedes-max-ve.jpg\" alt=\"George Russell, Mercedes, Max Verstappen, Red Bull Racing\" width=\"1200\" height=\"800\" loading=\"lazy\"\/> <\/p>\n<p class=\"title\">George Russell, Mercedes, Max Verstappen, Red Bull Racing<\/p>\n<p class=\"photographer\">Photo de: Gongora \/ NurPhoto via Getty Images<\/p>\n<p>Outre la question de l&rsquo;\u00e9quilibre, qui s&rsquo;est am\u00e9lior\u00e9 depuis l&rsquo;an pass\u00e9 \u00e0 la m\u00eame \u00e9poque, Verstappen voit dans le manque de performance de la RB21 sur les circuits mettant l&rsquo;accent sur le train arri\u00e8re et avec des vibreurs prononc\u00e9s comme un obstacle pour viser mieux.<\/p>\n<p>\u00ab\u00a0Je pense que, par rapport \u00e0 l&rsquo;ann\u00e9e derni\u00e8re, nous avons d\u00e9j\u00e0 rendu notre voiture plus facile \u00e0 piloter. Nous n&rsquo;avons pas de gros probl\u00e8mes en termes d&rsquo;\u00e9quilibre. Bien s\u00fbr, nous connaissons certaines de nos faiblesses : les virages lents, les vibreurs et les surfaces bossel\u00e9es ne sont pas id\u00e9ales pour nous. Mais nous sommes sur la bonne voie par rapport \u00e0 l&rsquo;ann\u00e9e derni\u00e8re. Il nous reste maintenant \u00e0 gagner un peu plus en performance globale.\u00a0\u00bb<\/p>\n<p style=\"text-align: right;\">Avec Emily Selleck et\u00a0Filip Cleeren<\/p>\n<p>Lire aussi :<\/p>\n<p>Dans cet article<\/p>\n<p>    Fabien Gaillard\n<\/p>\n<p>    Formule 1\n<\/p>\n<p>    Max Verstappen\n<\/p>\n<p>    Red Bull\n<\/p>\n<p>    Mercedes\n<\/p>\n<p>    Ferrari\n<\/p>\n<p>Soyez le premier inform\u00e9 et souscrivez aux alertes mails pour recevoir les infos en temps r\u00e9el<\/p>\n<p>    S&rsquo;abonner aux alertes de news<\/p>\n","protected":false},"excerpt":{"rendered":"Max Verstappen estime qu&rsquo;il n&rsquo;aura pas les moyens de lutter contre McLaren \u00e0 Montr\u00e9al et assure se focaliser&hellip;\n","protected":false},"author":2,"featured_media":173610,"comment_status":"","ping_status":"","sticky":false,"template":"","format":"standard","meta":{"footnotes":""},"categories":[1412],"tags":[30180,1451,2251,1452,1453,1454,1455,1011,27,30179,2236,4320,2255,60],"class_list":{"0":"post-173609","1":"post","2":"type-post","3":"status-publish","4":"format-standard","5":"has-post-thumbnail","7":"category-f1","8":"tag-circuit-gilles-villeneuve","9":"tag-f1","10":"tag-ferrari","11":"tag-formula-1","12":"tag-formula1","13":"tag-formule-1","14":"tag-formule1","15":"tag-fr","16":"tag-france","17":"tag-gp-du-canada","18":"tag-max-verstappen","19":"tag-mercedes","20":"tag-red-bull","21":"tag-sports"},"share_on_mastodon":{"url":"https:\/\/pubeurope.com\/@fr\/114676637654279205","error":""},"_links":{"self":[{"href":"https:\/\/www.europesays.com\/fr\/wp-json\/wp\/v2\/posts\/173609","targetHints":{"allow":["GET"]}}],"collection":[{"href":"https:\/\/www.europesays.com\/fr\/wp-json\/wp\/v2\/posts"}],"about":[{"href":"https:\/\/www.europesays.com\/fr\/wp-json\/wp\/v2\/types\/post"}],"author":[{"embeddable":true,"href":"https:\/\/www.europesays.com\/fr\/wp-json\/wp\/v2\/users\/2"}],"replies":[{"embeddable":true,"href":"https:\/\/www.europesays.com\/fr\/wp-json\/wp\/v2\/comments?post=173609"}],"version-history":[{"count":0,"href":"https:\/\/www.europesays.com\/fr\/wp-json\/wp\/v2\/posts\/173609\/revisions"}],"wp:featuredmedia":[{"embeddable":true,"href":"https:\/\/www.europesays.com\/fr\/wp-json\/wp\/v2\/media\/173610"}],"wp:attachment":[{"href":"https:\/\/www.europesays.com\/fr\/wp-json\/wp\/v2\/media?parent=173609"}],"wp:term":[{"taxonomy":"category","embeddable":true,"href":"https:\/\/www.europesays.com\/fr\/wp-json\/wp\/v2\/categories?post=173609"},{"taxonomy":"post_tag","embeddable":true,"href":"https:\/\/www.europesays.com\/fr\/wp-json\/wp\/v2\/tags?post=173609"}],"curies":[{"name":"wp","href":"https:\/\/api.w.org\/{rel}","templated":true}]}}