{"id":173620,"date":"2025-06-13T15:01:10","date_gmt":"2025-06-13T15:01:10","guid":{"rendered":"https:\/\/www.europesays.com\/fr\/173620\/"},"modified":"2025-06-13T15:01:10","modified_gmt":"2025-06-13T15:01:10","slug":"cyril-hanouna-dement-toute-proximite-avec-iris-mittenaere","status":"publish","type":"post","link":"https:\/\/www.europesays.com\/fr\/173620\/","title":{"rendered":"Cyril Hanouna d\u00e9ment toute proximit\u00e9 avec Iris Mittenaere"},"content":{"rendered":"<p><strong>VID\u00c9O <\/strong>&#8211; Dans la tourmente depuis les r\u00e9centes d\u00e9clarations de son ex-fianc\u00e9 Diego El Glaoui, l\u2019ancienne Miss France est \u00e9galement accus\u00e9e par un blogueur de mentir sur ses liens avec l\u2019animateur d\u2019Europe 1.<\/p>\n<p class=\"fig-paragraph\">\u00abQu\u2019est-ce que je viens faire dans cette sauce\u00a0?\u00bb, se demande ce vendredi matin Cyril Hanouna. Selon le blogueur\u00a0<a href=\"https:\/\/tvmag.lefigaro.fr\/programme-tv\/people\/cet-influenceur-a-la-con-jacques-pradel-dezingue-l-enquete-d-aqababe-sur-l-affaire-dupont-de-ligonnes-20250523\" target=\"_blank\" data-fig-type=\"Article\" rel=\"noopener\" data-gtm-custom-categorie=\"navigation\" data-gtm-custom-action=\"crossclick\" data-gtm-custom-label=\"Contextuel\" data-gtm-event=\"customEventSPE\" data-fig-domain=\"TVMAG\">Aqababe<\/a>, des messages, \u00e9crits ou notes vocales sign\u00e9es d\u2019<strong>Iris Mittenaere<\/strong> donneraient l\u2019impression que la jeune femme et l\u2019ex-pr\u00e9sentateur de \u00ab<a href=\"https:\/\/tvmag.lefigaro.fr\/programme-tv\/actu-tele\/cyril-hanouna-rouvre-la-chaine-touche-pas-a-mon-poste-pour-une-soiree-exceptionnelle-20250403\" target=\"_blank\" data-fig-type=\"Article\" rel=\"noopener\" data-gtm-custom-categorie=\"navigation\" data-gtm-custom-action=\"crossclick\" data-gtm-custom-label=\"Contextuel\" data-gtm-event=\"customEventSPE\" data-fig-domain=\"TVMAG\">Touche pas \u00e0 mon poste\u00a0!<\/a>\u00bb se connaissent bien, voire sont tr\u00e8s proches. Inform\u00e9 par ces rumeurs,\u00a0<a href=\"https:\/\/tvmag.lefigaro.fr\/programme-tv\/actu-tele\/chroniqueurs-nouvelles-sequences-cyril-hanouna-fait-des-revelations-sur-sa-future-emission-tout-beau-tout-9-sur-w9-20250613\" target=\"_blank\" data-fig-type=\"Article\" rel=\"noopener\" data-gtm-custom-categorie=\"navigation\" data-gtm-custom-action=\"crossclick\" data-gtm-custom-label=\"Contextuel\" data-gtm-event=\"customEventSPE\" data-fig-domain=\"TVMAG\"><strong>Cyril Hanouna<\/strong>\u00a0<\/a>d\u00e9ment un lien quelconque avec la\u00a0<a href=\"https:\/\/tvmag.lefigaro.fr\/programme-tv\/miss-france\" target=\"_blank\" data-fig-type=\"Section\" rel=\"noopener\" data-gtm-custom-categorie=\"navigation\" data-gtm-custom-action=\"crossclick\" data-gtm-custom-label=\"Contextuel\" data-gtm-event=\"customEventSPE\" data-fig-domain=\"TVMAG\">Miss<\/a>\u00a0: \u00abJe n\u2019ai jamais vu Iris et je ne lui ai jamais parl\u00e9 de ma vie\u00a0!\u00bb dans une story Instagram.<\/p>\n<p class=\"fig-paragraph\">Ces d\u00e9clarations interviennent alors que quelques jours plus t\u00f4t,\u00a0<a href=\"http:\/\/tvmag.lefigaro.fr\/programme-tv\/people\/diego-el-glaoui-l-ex-fiance-d-iris-mittenaere-deja-recase-avec-une-ancienne-candidate-a-miss-france-20240827\" target=\"_blank\" data-fig-type=\"Article\" rel=\"noopener\" data-gtm-custom-categorie=\"navigation\" data-gtm-custom-action=\"crossclick\" data-gtm-custom-label=\"Contextuel\" data-gtm-event=\"customEventSPE\" data-fig-domain=\"TVMAG\">Diego El Glaoui<\/a>, l\u2019ex-fianc\u00e9 d\u2019Iris Mittenaere, r\u00e9v\u00e9lait les raisons de sa rupture avec la Miss France 2016. Il r\u00e9agissait \u00e0 des rumeurs apparues sur les r\u00e9seaux sociaux quelques heures plut\u00f4t, d\u00e9j\u00e0 \u00e0 travers le blogueur Aqababe. \u00abJ\u2019ai d\u00e9couvert que j\u2019avais \u00e9t\u00e9 tromp\u00e9 peu apr\u00e8s nos fian\u00e7ailles et durant plusieurs mois. Et malgr\u00e9 cela, j\u2019ai choisi de pardonner, de me battre pour notre promesse d\u2019engagement \u00e9ternel, de redonner une chance \u00e0 notre couple, et de ne pas l\u2019exposer\u00bb, pouvait-on lire.<\/p>\n<p>    Capture d\u2019\u00e9cran de la story de Cyril Hanouna concernant Iris Mittenaere<br \/>\n                Capture d\u2019\u00e9cran<\/p>\n<p class=\"fig-body-link\">\n            \u00c0 lire aussi<br \/>\n        <a class=\"fig-body-link__link\" href=\"http:\/\/tvmag.lefigaro.fr\/programme-tv\/people\/il-est-temps-que-cela-cesse-iris-mittenaere-reagit-aux-accusations-de-tromperie-et-mensonges-20250612\" target=\"_blank\" data-fig-type=\"Article\" rel=\"noopener\" data-gtm-custom-categorie=\"navigation\" data-gtm-custom-action=\"crossclick\" data-gtm-custom-label=\"Contextuel\" data-gtm-event=\"customEventSPE\" data-fig-domain=\"TVMAG\">\u00abIl est temps que cela cesse\u00bb\u00a0: Iris Mittenaere r\u00e9agit aux accusations de tromperies et mensonges<br \/>\n    <\/a>\n<\/p>\n<p class=\"fig-paragraph\">Celui qui exprime son souhait de ne pas exposer son ancienne compagne avait poursuivi. \u00abJe n\u2019ai pas r\u00e9ussi \u00e0 surmonter cette \u00e9preuve, et j\u2019ai d\u00e9cid\u00e9 de tourner d\u00e9finitivement la page. Aujourd\u2019hui, je ne souhaite ni raviver les blessures, ni pointer du doigt. Je demande simplement que nos vies priv\u00e9es soient respect\u00e9es, \u00e0 moi comme \u00e0 elle. Quant \u00e0 moi, je suis pass\u00e9 \u00e0 autre chose et je suis d\u00e9sormais en paix et heureux\u00bb.<\/p>\n<p class=\"fig-paragraph\">Ce jeudi 12 juin, celle qui a \u00e9galement \u00e9t\u00e9 sacr\u00e9e Miss Univers en 2016 s\u2019est exprim\u00e9e dans un communiqu\u00e9\u00a0: \u00abDepuis plusieurs jours, je fais l\u2019objet d\u2019une campagne de haine et de diffamation sur les r\u00e9seaux sociaux. Des propos mensongers, volontairement d\u00e9form\u00e9s ou sortis de leur contexte ont \u00e9t\u00e9 relay\u00e9s pour tenter de nuire \u00e0 mon image, \u00e0 ma parole et \u00e0 mon engagement\u00bb, d\u00e9non\u00e7ait-elle tout en d\u00e9plorant que beaucoup de femmes \u00e9taient victimes de cyberharc\u00e8lement contre tr\u00e8s peu d\u2019hommes.<\/p>\n<blockquote class=\"fig-quote&#10;    \">\n<p class=\"fig-quote__text\">\u00ab Je suis d\u00e9termin\u00e9e \u00e0 faire respecter mes droits\u00a0\u00bb<\/p>\n<p>            Iris Mittenaere\n    <\/p><\/blockquote>\n<p class=\"fig-paragraph\">Toujours dans ce communiqu\u00e9, elle annon\u00e7ait son intention de saisir la justice. \u00ab Je suis d\u00e9termin\u00e9e \u00e0 faire respecter mes droits. Une plainte p\u00e9nale a \u00e9t\u00e9 d\u00e9pos\u00e9e aupr\u00e8s du Procureur de la R\u00e9publique de Paris pour divulgation de correspondances priv\u00e9es, diffamation publique et incitation au cyberharc\u00e8lement. Parall\u00e8lement, une proc\u00e9dure d\u2019urgence civile est engag\u00e9e pour atteinte \u00e0 l\u2019intimit\u00e9 de ma vie priv\u00e9e. J\u2019ai donc donn\u00e9 mandat \u00e0 mes avocats de tout mettre en \u0153uvre pour faire cesser ces agissements\u00a0\u00bb, pouvait-on lire encore.<\/p>\n<p class=\"fig-paragraph\">Pour l\u2019heure, la meneuse de revue n\u2019a pas encore r\u00e9agi ni aux nouvelles accusations d\u2019<a href=\"https:\/\/tvmag.lefigaro.fr\/programme-tv\/people\/le-blogueur-aqababe-condamne-a-de-la-prison-avec-sursis-apres-avoir-menace-de-mort-le-chroniqueur-de-tpmp-guillaume-genton-20240118\" target=\"_blank\" data-fig-type=\"Article\" rel=\"noopener\" data-gtm-custom-categorie=\"navigation\" data-gtm-custom-action=\"crossclick\" data-gtm-custom-label=\"Contextuel\" data-gtm-event=\"customEventSPE\" data-fig-domain=\"TVMAG\">Aqababe<\/a>, ni \u00e0 la version du<a href=\"https:\/\/tvmag.lefigaro.fr\/programme-tv\/actu-tele\/ils-sont-tres-gentils-mais-tout-le-monde-s-en-fout-cyril-hanouna-se-paie-lea-salame-et-hugo-clement-20250612\" target=\"_blank\" data-fig-type=\"Article\" rel=\"noopener\" data-gtm-custom-categorie=\"navigation\" data-gtm-custom-action=\"crossclick\" data-gtm-custom-label=\"Contextuel\" data-gtm-event=\"customEventSPE\" data-fig-domain=\"TVMAG\">\u00a0pr\u00e9sentateur<\/a>\u00a0de l\u2019\u00e9mission \u00ab<a href=\"https:\/\/tvmag.lefigaro.fr\/programme-tv\/actu-tele\/europe-1-met-un-terme-a-l-emission-on-marche-sur-la-tete-avec-cyril-hanouna-20250603\" target=\"_blank\" data-fig-type=\"Article\" rel=\"noopener\" data-gtm-custom-categorie=\"navigation\" data-gtm-custom-action=\"crossclick\" data-gtm-custom-label=\"Contextuel\" data-gtm-event=\"customEventSPE\" data-fig-domain=\"TVMAG\">On marche sur la t\u00eate<\/a>\u00bb sur Europe 1.<\/p>\n","protected":false},"excerpt":{"rendered":"VID\u00c9O &#8211; Dans la tourmente depuis les r\u00e9centes d\u00e9clarations de son ex-fianc\u00e9 Diego El Glaoui, l\u2019ancienne Miss France&hellip;\n","protected":false},"author":2,"featured_media":173621,"comment_status":"","ping_status":"","sticky":false,"template":"","format":"standard","meta":{"footnotes":""},"categories":[1356],"tags":[976,1000,1083,58,59,1011,27,1714,1718,7308,1713,973,1717,1715,1716,252,1364],"class_list":{"0":"post-173620","1":"post","2":"type-post","3":"status-publish","4":"format-standard","5":"has-post-thumbnail","7":"category-television","8":"tag-actu-people","9":"tag-celebrites","10":"tag-cyril-hanouna","11":"tag-divertissement","12":"tag-entertainment","13":"tag-fr","14":"tag-france","15":"tag-info-people","16":"tag-infos-people-du-jour","17":"tag-iris-mittenaere","18":"tag-news-people","19":"tag-people","20":"tag-photo-people","21":"tag-potins-de-stars","22":"tag-potins-people","23":"tag-television","24":"tag-tv"},"share_on_mastodon":{"url":"https:\/\/pubeurope.com\/@fr\/114676661442656833","error":""},"_links":{"self":[{"href":"https:\/\/www.europesays.com\/fr\/wp-json\/wp\/v2\/posts\/173620","targetHints":{"allow":["GET"]}}],"collection":[{"href":"https:\/\/www.europesays.com\/fr\/wp-json\/wp\/v2\/posts"}],"about":[{"href":"https:\/\/www.europesays.com\/fr\/wp-json\/wp\/v2\/types\/post"}],"author":[{"embeddable":true,"href":"https:\/\/www.europesays.com\/fr\/wp-json\/wp\/v2\/users\/2"}],"replies":[{"embeddable":true,"href":"https:\/\/www.europesays.com\/fr\/wp-json\/wp\/v2\/comments?post=173620"}],"version-history":[{"count":0,"href":"https:\/\/www.europesays.com\/fr\/wp-json\/wp\/v2\/posts\/173620\/revisions"}],"wp:featuredmedia":[{"embeddable":true,"href":"https:\/\/www.europesays.com\/fr\/wp-json\/wp\/v2\/media\/173621"}],"wp:attachment":[{"href":"https:\/\/www.europesays.com\/fr\/wp-json\/wp\/v2\/media?parent=173620"}],"wp:term":[{"taxonomy":"category","embeddable":true,"href":"https:\/\/www.europesays.com\/fr\/wp-json\/wp\/v2\/categories?post=173620"},{"taxonomy":"post_tag","embeddable":true,"href":"https:\/\/www.europesays.com\/fr\/wp-json\/wp\/v2\/tags?post=173620"}],"curies":[{"name":"wp","href":"https:\/\/api.w.org\/{rel}","templated":true}]}}