{"id":173622,"date":"2025-06-13T15:02:15","date_gmt":"2025-06-13T15:02:15","guid":{"rendered":"https:\/\/www.europesays.com\/fr\/173622\/"},"modified":"2025-06-13T15:02:15","modified_gmt":"2025-06-13T15:02:15","slug":"veronique-sanson-et-jean-louis-aubert-en-urgence-ils-doivent-tout-changer-pour-leur-prochain-concert","status":"publish","type":"post","link":"https:\/\/www.europesays.com\/fr\/173622\/","title":{"rendered":"V\u00e9ronique Sanson et Jean-Louis Aubert\u00a0: en urgence, ils doivent tout changer pour leur prochain concert"},"content":{"rendered":"<p>      R\u00e9sum\u00e9<\/p>\n<p>La m\u00e9t\u00e9o vient jouer les trouble-f\u00eates \u00e0 Nancy ce 14  juin. Alors que V\u00e9ronique Sanson et Jean-Louis Aubert devaient initialement se produire en plein air, ils doivent se rabattre sur l&rsquo;int\u00e9rieur de la salle du Z\u00e9nith.<\/p>\n<p>        Sommaire<\/p>\n<p>Chaque ann\u00e9e, la ville de Nancy (Meurthe-et-Moselle) propose un <strong>grand rendez-vous intitul\u00e9 le Nancy Open Air<\/strong>. Des festivit\u00e9s qui se tiennent, cette ann\u00e9e, <strong>du 6\u00a0juin au 5\u00a0juillet<\/strong>. L&rsquo;occasion pour les spectateurs de d\u00e9couvrir diff\u00e9rents artistes sur sc\u00e8ne. Ainsi, pour la soir\u00e9e de cl\u00f4ture, c&rsquo;est <strong><a href=\"https:\/\/www.public.fr\/kendji-girac-candidat-pour-leurovision-2026-malgre-la-defaite-de-louane-mon-equipe-me-pousse\" target=\"_blank\" rel=\"noopener\">Kendji Girac<\/a> et Soprano<\/strong> qui monteront sur sc\u00e8ne. Le 28\u00a0juin, <strong><a href=\"https:\/\/www.public.fr\/danse-avec-les-stars-meme-sil-y-a-rencontre-sa-femme-artus-nen-garde-pas-du-tout-un-bon-souvenir\" target=\"_blank\" rel=\"noopener\">Artus <\/a><\/strong>pr\u00e9sentera son one man show alors que <strong>V\u00e9ronique Sanson et Jean-Louis Aubert<\/strong> sont attendus ce <strong>samedi 13\u00a0juin<\/strong> au Z\u00e9nith du Grand Nancy.<\/p>\n<p>Initialement, <a href=\"https:\/\/www.public.fr\/veronique-sanson-tres-emue-lex-de-pierre-palmade-revele-etre-toujours-amoureuse-de-michel-berger\" target=\"_blank\" rel=\"noopener\">la chanteuse de 76 ans<\/a> et son Alter-ego devaient se produire en plein air. Malheureusement, <strong>un \u00e9l\u00e9ment ind\u00e9pendant de leur volont\u00e9<\/strong> et de celle des organisateurs <strong>vient jouer les trouble-f\u00eates<\/strong>. Il s&rsquo;agit de <strong>la m\u00e9t\u00e9o<\/strong>. En effet, <strong>de gros orages sont attendus<\/strong> ce week-end en Lorraine. Du coup, les Productions Label LN ne peuvent prendre le risque de tremper <a href=\"https:\/\/www.public.fr\/diaporamas\/veronique-sanson-a-pris-un-coup-de-couteau-dans-la-main-la-chanteuse-raconte-son-calvaire\" target=\"_blank\" rel=\"noopener\">les artistes<\/a> et leurs milliers de spectateurs. Ainsi, ce 12\u00a0juin, un communiqu\u00e9 a \u00e9t\u00e9 publi\u00e9. <\/p>\n<p>\u00ab\u00a0<strong>En raison des incertitudes m\u00e9t\u00e9orologiques <\/strong>annonc\u00e9es pour le samedi 14\u00a0juin 2025, et <strong>dans un souci d\u2019offrir au public les meilleures conditions d\u2019accueil<\/strong>, les Productions Label LN, en accord avec L Productions &amp; Caramba, ont d\u00e9cid\u00e9 de passer le concert de V\u00e9ronique Sanson et Jean-Louis Aubert en version indoor\u00a0\u00bb peut-on lire dans ce texte. Avis aux spectateurs\u00a0: \u00ab\u00a0<strong>Les billets d\u00e9j\u00e0 achet\u00e9s restent valables <\/strong>sans aucune d\u00e9marche suppl\u00e9mentaire\u00a0\u00bb. L&rsquo;an dernier, d\u00e9j\u00e0, le concert du groupe IAM et de <a href=\"https:\/\/www.public.fr\/les-disputes-les-mensonges-les-acces-de-colere-mc-solaar-et-ophelie-winter-les-vraies-raisons-de-leur-ruptur\" target=\"_blank\" rel=\"noopener\">MC Solaar<\/a> avait \u00e9t\u00e9 <strong>annul\u00e9 pour les m\u00eames raisons<\/strong>.<\/p>\n<p>V\u00e9ronique Sanson et Jean-Louis Aubert\u00a0: les deux artistes ont la p\u00eache\u00a0!<\/p>\n<p>Elle \u00e0 76 ans et lui 70 mais <strong>n&rsquo;allez pas leur parler de retraite\u00a0<\/strong>! Pour le moment, <a href=\"https:\/\/www.google.com\/url?sa=t&amp;source=web&amp;rct=j&amp;opi=89978449&amp;url=https:\/\/vsd.fr\/80727-veronique-sanson-evoque-comme-jamais-sa-relation-passionnelle-avec-maurane\/&amp;ved=2ahUKEwivj_ub9u2NAxXCTKQEHRCgOC8QFnoECBkQAQ&amp;usg=AOvVaw0-iTvsJCcXl9Jvme6PZgh-\" target=\"_blank\" rel=\"noopener\">les deux artistes <\/a>continuent de s&rsquo;\u00e9clater sur sc\u00e8ne et ne se m\u00e9nagent pas. D&rsquo;ailleurs avec ce concert \u00e0 Nancy, V\u00e9ronique Sanson va donner le <strong>coup d&rsquo;envoi de sa grande tourn\u00e9e des festivals<\/strong>. Pas de farniente au programme cet \u00e9t\u00e9. En effet, <a href=\"https:\/\/www.google.com\/url?sa=t&amp;source=web&amp;rct=j&amp;opi=89978449&amp;url=https:\/\/vsd.fr\/61944-pas-toujours-eu-une-vie-extremement-rangee-veronique-sanson-pas-a-laise-avec-son-passe\/&amp;ved=2ahUKEwivj_ub9u2NAxXCTKQEHRCgOC8QFnoECBoQAQ&amp;usg=AOvVaw0_tWIV6cPMZU0EDxhX7vgm\" target=\"_blank\" rel=\"noopener\">l&rsquo;ex de Pierre Palmade<\/a> doit participer \u00e0 neuf rendez-vous. Elle est notamment attendue \u00e0 Toulouse, La\u00a0Rochelle ou encore Puget-sur-Argens.<\/p>\n<p>Quant \u00e0 Jean-Louis Aubert, la situation est quasi similaire. <a href=\"https:\/\/www.google.com\/url?sa=t&amp;source=web&amp;rct=j&amp;opi=89978449&amp;url=https:\/\/vsd.fr\/76264-jean-louis-aubert-tragedie-en-plein-concert\/&amp;ved=2ahUKEwiO0f3n9-2NAxUXTqQEHd85B7YQFnoECBoQAQ&amp;usg=AOvVaw3DjfR6uCPateFBU30wQ5ew\" target=\"_blank\" rel=\"noopener\">Le natif de Nantua <\/a>dans l&rsquo;Ain est attendu sur la sc\u00e8ne de <strong>nombreux festivals<\/strong>. Par ailleurs, depuis le d\u00e9but de l&rsquo;ann\u00e9e <a href=\"https:\/\/www.google.com\/url?sa=t&amp;source=web&amp;rct=j&amp;opi=89978449&amp;url=https:\/\/vsd.fr\/69450-jean-louis-aubert-traumatise-il-se-confie-sur-la-fin-de-telephone\/&amp;ved=2ahUKEwiO0f3n9-2NAxUXTqQEHd85B7YQFnoECBYQAQ&amp;usg=AOvVaw1eRSaeJBQyVBB0np7PnXrm\" target=\"_blank\" rel=\"noopener\">l&rsquo;ancien membre du groupe T\u00e9l\u00e9phone<\/a> c\u00e9l\u00e8bre ses<strong> 50 ans de carri\u00e8re<\/strong> sur sc\u00e8ne. Il sera notamment le <strong>13\u00a0d\u00e9cembre prochain \u00e0 Paris La D\u00e9fense Arena <\/strong>pour son Pafinitour. \u00c0 70 ans, Jean-Louis Aubert a semble-t-il <strong>de l&rsquo;\u00e9nergie \u00e0 revendre\u00a0!<\/strong><\/p>\n<p>      Mentionn\u00e9s dans cet article<\/p>\n<p>\u00c0 lire aussi<\/p>\n","protected":false},"excerpt":{"rendered":"R\u00e9sum\u00e9 La m\u00e9t\u00e9o vient jouer les trouble-f\u00eates \u00e0 Nancy ce 14 juin. Alors que V\u00e9ronique Sanson et Jean-Louis&hellip;\n","protected":false},"author":2,"featured_media":173623,"comment_status":"","ping_status":"","sticky":false,"template":"","format":"standard","meta":{"footnotes":""},"categories":[1355],"tags":[1697,58,59,849,1011,27,30870,2357,8527,1361,873,1702,7747,15151],"class_list":{"0":"post-173622","1":"post","2":"type-post","3":"status-publish","4":"format-standard","5":"has-post-thumbnail","7":"category-musique","8":"tag-concert","9":"tag-divertissement","10":"tag-entertainment","11":"tag-festival","12":"tag-fr","13":"tag-france","14":"tag-jean-louis-aubert","15":"tag-meteo-france","16":"tag-meteorologie","17":"tag-music","18":"tag-musique","19":"tag-nancy","20":"tag-tempete","21":"tag-veronique-sanson"},"share_on_mastodon":{"url":"https:\/\/pubeurope.com\/@fr\/114676665176135581","error":""},"_links":{"self":[{"href":"https:\/\/www.europesays.com\/fr\/wp-json\/wp\/v2\/posts\/173622","targetHints":{"allow":["GET"]}}],"collection":[{"href":"https:\/\/www.europesays.com\/fr\/wp-json\/wp\/v2\/posts"}],"about":[{"href":"https:\/\/www.europesays.com\/fr\/wp-json\/wp\/v2\/types\/post"}],"author":[{"embeddable":true,"href":"https:\/\/www.europesays.com\/fr\/wp-json\/wp\/v2\/users\/2"}],"replies":[{"embeddable":true,"href":"https:\/\/www.europesays.com\/fr\/wp-json\/wp\/v2\/comments?post=173622"}],"version-history":[{"count":0,"href":"https:\/\/www.europesays.com\/fr\/wp-json\/wp\/v2\/posts\/173622\/revisions"}],"wp:featuredmedia":[{"embeddable":true,"href":"https:\/\/www.europesays.com\/fr\/wp-json\/wp\/v2\/media\/173623"}],"wp:attachment":[{"href":"https:\/\/www.europesays.com\/fr\/wp-json\/wp\/v2\/media?parent=173622"}],"wp:term":[{"taxonomy":"category","embeddable":true,"href":"https:\/\/www.europesays.com\/fr\/wp-json\/wp\/v2\/categories?post=173622"},{"taxonomy":"post_tag","embeddable":true,"href":"https:\/\/www.europesays.com\/fr\/wp-json\/wp\/v2\/tags?post=173622"}],"curies":[{"name":"wp","href":"https:\/\/api.w.org\/{rel}","templated":true}]}}