{"id":173624,"date":"2025-06-13T15:03:09","date_gmt":"2025-06-13T15:03:09","guid":{"rendered":"https:\/\/www.europesays.com\/fr\/173624\/"},"modified":"2025-06-13T15:03:09","modified_gmt":"2025-06-13T15:03:09","slug":"amazon-mgm-va-encore-se-payer-la-tete-de-star-wars","status":"publish","type":"post","link":"https:\/\/www.europesays.com\/fr\/173624\/","title":{"rendered":"Amazon MGM va (encore) se payer la t\u00eate de Star Wars"},"content":{"rendered":"<p>\u201cIl y a 38 ans, il n\u2019y avait qu\u2019une trilogie Star Wars. Depuis, on a eu une trilogie prequel, une nouvelle trilogie et une suite du prequel, un prequel de la suite\u2026\u201d\u00a0Alors que Lucasfilm poursuit son exploration de l\u2019univers de George Lucas, sur le petit \u00e9cran et le grand \u00e9cran, une autre franchise de science-fiction va revenir apr\u00e8s pr\u00e8s de<strong> 40 ans de silence radio.<\/strong> Annonc\u00e9 l\u2019an dernier, Spaceballs 2 donne enfin de ses nouvelles. La parodie de Mels Brooks s\u2019offre un premier teaser, qui tourne en d\u00e9rision l\u2019expansion de la galaxie tr\u00e8s tr\u00e8s lointaine.<\/p>\n<p>Si aucune image n\u2019a \u00e9t\u00e9 montr\u00e9e, la vid\u00e9o consiste en une reprise du g\u00e9n\u00e9rique d\u00e9roulant de Star Wars rappelant les productions Star Wars n\u00e9es depuis 1987, Amazon MGM Studios n\u2019a pas publi\u00e9 le teaser pour le plaisir de la blague. Le studio confirme la fen\u00eatre de sortie de ce projet singulier, <strong>c\u2019est en 2027<\/strong> que les spectateurs ont rendez-vous avec <strong>Spaceballs 2\u00a0ou\u00a0La Folle Histoire de l\u2019espace 2\u00a0<\/strong>(si Amazon d\u00e9cide de miser sur le titre original).<\/p>\n<p> \u201cMay the Schwartz be with you\u201d\u00a0 <\/p>\n<p>En 1987, Mel Brooks s\u2019attaque \u00e0 <a href=\"https:\/\/www.journaldugeek.com\/2025\/06\/03\/le-streaming-est-mort-disney-jette-deja-leponge-avec-star-wars\/\" target=\"_blank\" rel=\"noopener\">Star Wars<\/a>. Le r\u00e9alisateur Mel Brooks a fait de la parodie sa marque de fabrique et entend d\u00e9tourner les codes de la galaxie tr\u00e8s tr\u00e8s lointaine pour mieux les moquer. Dark Vador devient Casque Noir tandis que Leia et Han Solo sont alors r\u00e9invent\u00e9s pour devenir <strong>La princesse Vespa et Yop Solo<\/strong>. L\u2019histoire est un peu diff\u00e9rente puisqu\u2019il est question pour Yop Solo et son fid\u00e8le<strong> homme-chien Beurk<\/strong> de sauver la princesse des griffes de Casque Noir.<\/p>\n<p>L\u2019approche de cette suite reste un myst\u00e8re, mais on sait d\u00e9j\u00e0 qu\u2019une partie de la distribution originale sera de la partie. Selon les informations de Deadline, <strong>Bill Pullman et Rick Moranis<\/strong> reprendront leurs r\u00f4les respectifs, \u00e0 savoir Yop Solo et Casque Noir. Le film va m\u00eame devenir une histoire de famille en convoquant le fils du premier\u00a0: <strong>Lewis Pullman.<\/strong> R\u00e9cemment aper\u00e7u dans le MCU pour <a href=\"https:\/\/www.journaldugeek.com\/2025\/06\/04\/thunderbolts-est-il-vraiment-un-flop-de-plus-pour-marvel\/\" target=\"_blank\" rel=\"noopener\">Thunderbolts*<\/a> l\u2019acteur devrait avoir un r\u00f4le important pour le r\u00e9cit. On ne sait pas encore lequel. Son lien de parent\u00e9 avec l\u2019interpr\u00e8te de Yop Solo laisse \u00e0 penser qu\u2019il pourrait pr\u00eater ses traits \u00e0 une parodie de <strong>Kylo Ren<\/strong> alias Ben Solo. L\u2019actrice <strong>Keke Palmer<\/strong> rejoindra aussi le casting. Mel Brooks, \u00e0 d\u00e9faut de se charger de la mise en sc\u00e8ne, retrouvera son r\u00f4le de Yogurt (Yoda).<\/p>\n<p>C\u2019est le cin\u00e9aste<strong> Josh Greenbaum (Backstreet Dogs)<\/strong>\u00a0qui sera derri\u00e8re la cam\u00e9ra et qui se chargera d\u2019adapter un sc\u00e9nario de Benji Samit, Dan Hernandez et Josh Gad. Ce dernier s\u2019offre aussi une partition dont les d\u00e9tails sont tenus secrets. Il faudra sans doute attendre un peu pour en apprendre plus ou voir des premi\u00e8res images, le tournage n\u2019a pas encore commenc\u00e9. La promesse <strong>d\u2019une sortie en 2027<\/strong> laisse entendre que le projet avance dans le bon sens.<\/p>\n<\/p>\n<p>    <a href=\"https:\/\/www.youtube.com\/user\/JournalduGeek?sub_confirmation=1\" target=\"_blank\" rel=\"nofollow noopener\"><br \/>\n        S&rsquo;abonner \u00e0 Journal du Geek<br \/>\n    <\/a> <\/p>\n<blockquote>\n<p class=\"text-base text-neutral-700 dark:text-neutral-300\">\ud83d\udfe3 Pour ne manquer aucune news sur le Journal du Geek, abonnez-vous sur <a href=\"https:\/\/news.google.com\/publications\/CAAqBwgKMNr_hAswwYyCAw?hl=fr&amp;gl=FR&amp;ceid=FR%3Afr\" target=\"_blank\" rel=\"noopener\">Google Actualit\u00e9s<\/a> et sur <a href=\"https:\/\/whatsapp.com\/channel\/0029VaClM5y4tRry12tb7D2h\" target=\"_blank\" rel=\"noopener\">notre WhatsApp<\/a>. Et si vous nous adorez, on a <a href=\"https:\/\/www.journaldugeek.com\/newsletter\/\" target=\"_blank\" rel=\"noopener\">une newsletter tous les matins<\/a>.<\/p>\n<\/blockquote>\n","protected":false},"excerpt":{"rendered":"\u201cIl y a 38 ans, il n\u2019y avait qu\u2019une trilogie Star Wars. Depuis, on a eu une trilogie&hellip;\n","protected":false},"author":2,"featured_media":173625,"comment_status":"","ping_status":"","sticky":false,"template":"","format":"standard","meta":{"footnotes":""},"categories":[1354],"tags":[30871,58,59,1346,1011,27,1360,1480],"class_list":{"0":"post-173624","1":"post","2":"type-post","3":"status-publish","4":"format-standard","5":"has-post-thumbnail","7":"category-films","8":"tag-amazon-mgm-studios","9":"tag-divertissement","10":"tag-entertainment","11":"tag-films","12":"tag-fr","13":"tag-france","14":"tag-movies","15":"tag-star-wars"},"share_on_mastodon":{"url":"https:\/\/pubeurope.com\/@fr\/114676669032968291","error":""},"_links":{"self":[{"href":"https:\/\/www.europesays.com\/fr\/wp-json\/wp\/v2\/posts\/173624","targetHints":{"allow":["GET"]}}],"collection":[{"href":"https:\/\/www.europesays.com\/fr\/wp-json\/wp\/v2\/posts"}],"about":[{"href":"https:\/\/www.europesays.com\/fr\/wp-json\/wp\/v2\/types\/post"}],"author":[{"embeddable":true,"href":"https:\/\/www.europesays.com\/fr\/wp-json\/wp\/v2\/users\/2"}],"replies":[{"embeddable":true,"href":"https:\/\/www.europesays.com\/fr\/wp-json\/wp\/v2\/comments?post=173624"}],"version-history":[{"count":0,"href":"https:\/\/www.europesays.com\/fr\/wp-json\/wp\/v2\/posts\/173624\/revisions"}],"wp:featuredmedia":[{"embeddable":true,"href":"https:\/\/www.europesays.com\/fr\/wp-json\/wp\/v2\/media\/173625"}],"wp:attachment":[{"href":"https:\/\/www.europesays.com\/fr\/wp-json\/wp\/v2\/media?parent=173624"}],"wp:term":[{"taxonomy":"category","embeddable":true,"href":"https:\/\/www.europesays.com\/fr\/wp-json\/wp\/v2\/categories?post=173624"},{"taxonomy":"post_tag","embeddable":true,"href":"https:\/\/www.europesays.com\/fr\/wp-json\/wp\/v2\/tags?post=173624"}],"curies":[{"name":"wp","href":"https:\/\/api.w.org\/{rel}","templated":true}]}}