{"id":173626,"date":"2025-06-13T15:04:11","date_gmt":"2025-06-13T15:04:11","guid":{"rendered":"https:\/\/www.europesays.com\/fr\/173626\/"},"modified":"2025-06-13T15:04:11","modified_gmt":"2025-06-13T15:04:11","slug":"selon-une-etude-et-si-le-vieillissement-du-cerveau-etait-une-question-de-sucre","status":"publish","type":"post","link":"https:\/\/www.europesays.com\/fr\/173626\/","title":{"rendered":"Selon une \u00e9tude, et si le vieillissement du cerveau \u00e9tait une question de sucre ?"},"content":{"rendered":"<p>Saviez-vous que le vieillissement c\u00e9r\u00e9bral pourrait bien se cacher dans le sucre ? Une r\u00e9cente \u00e9tude, publi\u00e9e dans Genomic Press, met l\u2019accent sur le <strong>glycocalyx<\/strong>, une for\u00eat complexe de <strong>mol\u00e9cules de glucides<\/strong> tapissant les vaisseaux sanguins du cerveau. La docteure Sophia Shi, chercheuse \u00e0 Harvard, affirme que ces mol\u00e9cules de glucides pourraient d\u00e9tenir la cl\u00e9 de la pr\u00e9vention des maladies neurod\u00e9g\u00e9n\u00e9ratives (source 1).<\/p>\n<p>Dans son \u00e9tude, la chercheuse a d\u00e9couvert que la restauration du glycocalyx chez des souris \u00e2g\u00e9es permet d\u2019<strong>am\u00e9liorer la barri\u00e8re h\u00e9mato-enc\u00e9phalique<\/strong>. Cette derni\u00e8re prot\u00e8ge le cerveau des agents pathog\u00e8nes et des toxines circulant dans le sang, et permet donc aussi d\u2019<strong>am\u00e9liorer les fonctions cognitives<\/strong>. Ces d\u00e9couvertes changent fondamentalement notre compr\u00e9hension du vieillissement c\u00e9r\u00e9bral et ouvrent ainsi des voies th\u00e9rapeutiques r\u00e9volutionnaires pour la maladie d\u2019Alzheimer.<\/p>\n<p>Une for\u00eat de sucre protectrice<\/p>\n<p>Le glycocalyx est si important dans notre syst\u00e8me que, lorsqu\u2019il se d\u00e9grade avec l\u2019\u00e2ge, cela peut <strong>entra\u00eener une neuro-inflammation<\/strong> et une <strong>fragilisation de la barri\u00e8re h\u00e9mato-enc\u00e9phalique<\/strong>. Cela ouvre la voie \u00e0 un potentiel d\u00e9clin cognitif et \u00e0 des pathologies comme Alzheimer. Ainsi, le glycocalyx agit comme un <strong>bouclier protecteur pour les vaisseaux sanguins<\/strong> du cerveau.<\/p>\n<p>En restaurant certaines mol\u00e9cules de sucre chez des souris \u00e2g\u00e9es, la chercheuse&#8230;<\/p>\n<p><a href=\"https:\/\/www.santemagazine.fr\/actualites\/actualites-sante\/selon-une-etude-et-si-le-vieillissement-du-cerveau-etait-une-question-de-sucre-1116078#at_medium=affiliate&amp;at_campaign=flux_rss&amp;at_type=Yahoo\" rel=\"nofollow noopener\" target=\"_blank\" data-ylk=\"slk:Lire la suite;elm:context_link;itc:0;sec:content-canvas\" class=\"link \">Lire la suite<\/a><\/p>\n","protected":false},"excerpt":{"rendered":"Saviez-vous que le vieillissement c\u00e9r\u00e9bral pourrait bien se cacher dans le sucre ? Une r\u00e9cente \u00e9tude, publi\u00e9e dans&hellip;\n","protected":false},"author":2,"featured_media":173627,"comment_status":"","ping_status":"","sticky":false,"template":"","format":"standard","meta":{"footnotes":""},"categories":[10],"tags":[231,1011,27,72,30874,28116,20397,71,30873,30872],"class_list":{"0":"post-173626","1":"post","2":"type-post","3":"status-publish","4":"format-standard","5":"has-post-thumbnail","7":"category-sante","8":"tag-cerveau","9":"tag-fr","10":"tag-france","11":"tag-health","12":"tag-le-sang","13":"tag-le-sucre","14":"tag-prevention-des-maladies","15":"tag-sante","16":"tag-vaisseaux-sanguins","17":"tag-vieillissement-cerebral"},"share_on_mastodon":{"url":"https:\/\/pubeurope.com\/@fr\/114676673027108075","error":""},"_links":{"self":[{"href":"https:\/\/www.europesays.com\/fr\/wp-json\/wp\/v2\/posts\/173626","targetHints":{"allow":["GET"]}}],"collection":[{"href":"https:\/\/www.europesays.com\/fr\/wp-json\/wp\/v2\/posts"}],"about":[{"href":"https:\/\/www.europesays.com\/fr\/wp-json\/wp\/v2\/types\/post"}],"author":[{"embeddable":true,"href":"https:\/\/www.europesays.com\/fr\/wp-json\/wp\/v2\/users\/2"}],"replies":[{"embeddable":true,"href":"https:\/\/www.europesays.com\/fr\/wp-json\/wp\/v2\/comments?post=173626"}],"version-history":[{"count":0,"href":"https:\/\/www.europesays.com\/fr\/wp-json\/wp\/v2\/posts\/173626\/revisions"}],"wp:featuredmedia":[{"embeddable":true,"href":"https:\/\/www.europesays.com\/fr\/wp-json\/wp\/v2\/media\/173627"}],"wp:attachment":[{"href":"https:\/\/www.europesays.com\/fr\/wp-json\/wp\/v2\/media?parent=173626"}],"wp:term":[{"taxonomy":"category","embeddable":true,"href":"https:\/\/www.europesays.com\/fr\/wp-json\/wp\/v2\/categories?post=173626"},{"taxonomy":"post_tag","embeddable":true,"href":"https:\/\/www.europesays.com\/fr\/wp-json\/wp\/v2\/tags?post=173626"}],"curies":[{"name":"wp","href":"https:\/\/api.w.org\/{rel}","templated":true}]}}