{"id":173628,"date":"2025-06-13T15:05:11","date_gmt":"2025-06-13T15:05:11","guid":{"rendered":"https:\/\/www.europesays.com\/fr\/173628\/"},"modified":"2025-06-13T15:05:11","modified_gmt":"2025-06-13T15:05:11","slug":"en-direct-criterium-du-dauphine-pogacar-fait-tout-peter-vingegaard-et-evenepoel-tentent-de-limiter-la-casse-suivez-les-derniers-kilometres","status":"publish","type":"post","link":"https:\/\/www.europesays.com\/fr\/173628\/","title":{"rendered":"En direct Crit\u00e9rium du Dauphin\u00e9. Pogacar fait tout p\u00e9ter, Vingegaard et Evenepoel tentent de limiter la casse : suivez les derniers kilom\u00e8tres"},"content":{"rendered":"<p><a href=\"https:\/\/www.ledauphine.com\/sport\/2025\/06\/12\/tadej-pogacar-va-t-il-profiter-des-monts-du-beaujolais-pour-rattraper-son-chrono-decevant-suivez-la-5e-etape\" target=\"_blank\" rel=\"noopener\">Apr\u00e8s une journ\u00e9e relativement calme jeudi,<\/a> le peloton d\u00e9barque dans les Alpes ce vendredi avec une premi\u00e8re arriv\u00e9e en c\u00f4te \u00e0 Combloux en Haute-Savoie.<\/p>\n<p>Cette\u00a06e\u00a0\u00e9tape assez courte (126,7 km) sera tr\u00e8s punchy puisque des ascensions courtes et pentues vont s\u2019encha\u00eener tout au long de la journ\u00e9e, offrant peu de r\u00e9pit aux coureurs.<\/p>\n<p>Ils devront passer la c\u00f4te de Villy-le-Pelloux (0,8 km \u00e0 8,1%), le col des Fleuries (5,1 km \u00e0 4,4%), la c\u00f4te du Mont-Saxonnex (5,4 km \u00e0 8,7%), avant de terminer par la c\u00f4te de Domancy (2,4 km \u00e0 8,6%) et celle de la Cry (2,7 km \u00e0 8,2%) pour un total de 2 630 m de d\u00e9nivel\u00e9 positif.<\/p>\n","protected":false},"excerpt":{"rendered":"Apr\u00e8s une journ\u00e9e relativement calme jeudi, le peloton d\u00e9barque dans les Alpes ce vendredi avec une premi\u00e8re arriv\u00e9e&hellip;\n","protected":false},"author":2,"featured_media":173629,"comment_status":"","ping_status":"","sticky":false,"template":"","format":"standard","meta":{"footnotes":""},"categories":[9],"tags":[2738,30879,30885,30878,17016,25954,24803,207,3545,30889,3856,4637,9543,107,1701,30881,1011,27,30876,23750,4638,30882,30888,30886,30884,30883,9541,30877,30887,517,1947,60,14522,30875,30880],"class_list":{"0":"post-173628","1":"post","2":"type-post","3":"status-publish","4":"format-standard","5":"has-post-thumbnail","7":"category-sports","8":"tag-ain","9":"tag-allonzier-la-caille","10":"tag-bonneville","11":"tag-cercier","12":"tag-cluses","13":"tag-combloux","14":"tag-criterium-du-dauphine","15":"tag-cyclisme","16":"tag-direct-sport","17":"tag-domancy","18":"tag-edition-annecy-rumilly-les-aravis","19":"tag-edition-grand-geneve-chablais-ain","20":"tag-edition-mont-blanc-arve","21":"tag-fil-info","22":"tag-fil-info-sport","23":"tag-filliere","24":"tag-fr","25":"tag-france","26":"tag-frangy","27":"tag-groisy","28":"tag-haute-savoie","29":"tag-la-roche-sur-foron","30":"tag-magland","31":"tag-mont-saxonnex","32":"tag-saint-pierre-en-faucigny","33":"tag-saint-sixt","34":"tag-sallanches","35":"tag-sallenoves","36":"tag-scionzier","37":"tag-sport","38":"tag-sport-national","39":"tag-sports","40":"tag-valserhone","41":"tag-vanzy","42":"tag-villy-le-pelloux"},"share_on_mastodon":{"url":"","error":"Validation failed: Text character limit of 500 exceeded"},"_links":{"self":[{"href":"https:\/\/www.europesays.com\/fr\/wp-json\/wp\/v2\/posts\/173628","targetHints":{"allow":["GET"]}}],"collection":[{"href":"https:\/\/www.europesays.com\/fr\/wp-json\/wp\/v2\/posts"}],"about":[{"href":"https:\/\/www.europesays.com\/fr\/wp-json\/wp\/v2\/types\/post"}],"author":[{"embeddable":true,"href":"https:\/\/www.europesays.com\/fr\/wp-json\/wp\/v2\/users\/2"}],"replies":[{"embeddable":true,"href":"https:\/\/www.europesays.com\/fr\/wp-json\/wp\/v2\/comments?post=173628"}],"version-history":[{"count":0,"href":"https:\/\/www.europesays.com\/fr\/wp-json\/wp\/v2\/posts\/173628\/revisions"}],"wp:featuredmedia":[{"embeddable":true,"href":"https:\/\/www.europesays.com\/fr\/wp-json\/wp\/v2\/media\/173629"}],"wp:attachment":[{"href":"https:\/\/www.europesays.com\/fr\/wp-json\/wp\/v2\/media?parent=173628"}],"wp:term":[{"taxonomy":"category","embeddable":true,"href":"https:\/\/www.europesays.com\/fr\/wp-json\/wp\/v2\/categories?post=173628"},{"taxonomy":"post_tag","embeddable":true,"href":"https:\/\/www.europesays.com\/fr\/wp-json\/wp\/v2\/tags?post=173628"}],"curies":[{"name":"wp","href":"https:\/\/api.w.org\/{rel}","templated":true}]}}