{"id":173632,"date":"2025-06-13T15:07:12","date_gmt":"2025-06-13T15:07:12","guid":{"rendered":"https:\/\/www.europesays.com\/fr\/173632\/"},"modified":"2025-06-13T15:07:12","modified_gmt":"2025-06-13T15:07:12","slug":"la-terre-pas-a-labri","status":"publish","type":"post","link":"https:\/\/www.europesays.com\/fr\/173632\/","title":{"rendered":"la Terre pas \u00e0 l&rsquo;abri"},"content":{"rendered":"<p>\n                Un ph\u00e9nom\u00e8ne observ\u00e9 pour la premi\u00e8re fois gr\u00e2ce \u00e0 la sonde ultra performante de la NASA.            <\/p>\n<p>Apr\u00e8s 10 ans de recherches, la NASA vient de faire une r\u00e9v\u00e9lation cl\u00e9 sur la <a href=\"https:\/\/www.journaldesfemmes.fr\/horoscope\/divination\/2626383-planete-mars\/\" title=\"Plan\u00e8te Mars\" rel=\"nofollow noopener\" target=\"_blank\">plan\u00e8te rouge<\/a>, surnom donn\u00e9 \u00e0 Mars. Le Soleil a bombard\u00e9 Mars avec de v\u00e9ritables \u00ab\u00a0projectiles solaires\u00a0\u00bb pendant des milliards d&rsquo;ann\u00e9es, la privant de son atmosph\u00e8re et de son eau. Cet \u00e9trange ph\u00e9nom\u00e8ne est appel\u00e9 \u00ab\u00a0sputtering\u00a0\u00bb (ou \u00ab\u00a0pulv\u00e9risation\u00a0\u00bb en fran\u00e7ais) et a pu \u00eatre observ\u00e9 pour la premi\u00e8re fois gr\u00e2ce \u00e0 la sonde ultra performante MAVEN, en orbite sur Mars depuis 2014.\u00a0<\/p>\n<p>Concr\u00e8tement,\u00a0des particules \u00e9nerg\u00e9tiques du Soleil (appel\u00e9s des \u00ab\u00a0ions solaires\u00a0\u00bb) entrent en collision \u00e0 grande vitesse avec la haute atmosph\u00e8re de Mars et \u00e9jectent des atomes dans l&rsquo;espace. \u00ab\u00a0Imaginez-les comme des \u00ab\u00a0boulets de canon\u00a0\u00bb lanc\u00e9s dans une piscine\u00a0\u00bb\u00a0qui frappent la plan\u00e8te, en arrachant progressivement son bouclier protecteur, illustre Shannon Curry, chercheuse \u00e0 la NASA et auteure principale de l&rsquo;\u00e9tude publi\u00e9e dans <a href=\"https:\/\/science.nasa.gov\/missions\/maven\/nasas-maven-makes-first-observation-of-atmospheric-sputtering-at-mars\/\" target=\"_blank\" rel=\"nofollow noopener\">Science Advance<\/a>.\u00a0<\/p>\n<\/p>\n<p>En prouvant que le Soleil a directement \u00ab\u00a0attaqu\u00e9\u00a0\u00bb Mars, la NASA\u00a0explique pourquoi cette plan\u00e8te a perdu l&rsquo;atmosph\u00e8re dense qui permettait autrefois \u00e0 l&rsquo;eau liquide de subsister \u00e0 sa surface. Sans cette protection, l&rsquo;eau s&rsquo;est \u00e9vapor\u00e9e, transformant la plan\u00e8te en ce d\u00e9sert froid, aride et inhabitable que l&rsquo;on conna\u00eet aujourd&rsquo;hui. C&rsquo;est donc une\u00a0une avanc\u00e9e majeure pour comprendre pourquoi Mars est devenue si inhospitali\u00e8re\u00a0et cela complique s\u00e9rieusement le grand r\u00eave d&rsquo;Elon Musk de coloniser cette plan\u00e8te et la rendre habitable. Un r\u00eave qui rel\u00e8ve pour l&rsquo;instant de la pure science-fiction&#8230;\u00a0Ce ph\u00e9nom\u00e8ne\u00a0observ\u00e9 sur Mars\u00a0nous concerne plus qu&rsquo;on ne le pense. Il montre \u00e0 quel point une plan\u00e8te peut perdre son habitabilit\u00e9 si elle ne dispose pas d&rsquo;un bouclier magn\u00e9tique solide. Rassurons-nous\u00a0: nous, humains, ne risquons rien dans l&rsquo;imm\u00e9diat. Sur Terre, heureusement, nous sommes beaucoup mieux prot\u00e9g\u00e9s que Mars.<\/p>\n<p>Notre plan\u00e8te poss\u00e8de un puissant champ magn\u00e9tique et une atmosph\u00e8re dense qui forment un v\u00e9ritable bouclier naturel contre les particules solaires. Cela emp\u00eache ces projectiles de frapper directement notre sol ou d&rsquo;arracher notre atmosph\u00e8re comme ils l&rsquo;ont fait sur Mars. Toutefois, les temp\u00eates solaires tr\u00e8s puissantes peuvent encore perturber nos technologies, comme les satellites, les r\u00e9seaux \u00e9lectriques ou les communications radio. Elles peuvent aussi cr\u00e9er de magnifiques aurores bor\u00e9ales, visibles parfois tr\u00e8s loin du cercle polaire. Donc, m\u00eame si nous ne risquons pas de devenir un d\u00e9sert glac\u00e9 comme Mars, ces ph\u00e9nom\u00e8nes nous rappellent que notre vie moderne d\u00e9pend fortement de syst\u00e8mes vuln\u00e9rables \u00e0 l&rsquo;activit\u00e9 du Soleil.<\/p>\n","protected":false},"excerpt":{"rendered":"Un ph\u00e9nom\u00e8ne observ\u00e9 pour la premi\u00e8re fois gr\u00e2ce \u00e0 la sonde ultra performante de la NASA. Apr\u00e8s 10&hellip;\n","protected":false},"author":2,"featured_media":173633,"comment_status":"","ping_status":"","sticky":false,"template":"","format":"standard","meta":{"footnotes":""},"categories":[7],"tags":[1011,27,43,40,41,39,42,44],"class_list":{"0":"post-173632","1":"post","2":"type-post","3":"status-publish","4":"format-standard","5":"has-post-thumbnail","7":"category-sciences-et-technologies","8":"tag-fr","9":"tag-france","10":"tag-science","11":"tag-science-and-technology","12":"tag-sciences","13":"tag-sciences-et-technologies","14":"tag-technologies","15":"tag-technology"},"share_on_mastodon":{"url":"https:\/\/pubeurope.com\/@fr\/114676684924591067","error":""},"_links":{"self":[{"href":"https:\/\/www.europesays.com\/fr\/wp-json\/wp\/v2\/posts\/173632","targetHints":{"allow":["GET"]}}],"collection":[{"href":"https:\/\/www.europesays.com\/fr\/wp-json\/wp\/v2\/posts"}],"about":[{"href":"https:\/\/www.europesays.com\/fr\/wp-json\/wp\/v2\/types\/post"}],"author":[{"embeddable":true,"href":"https:\/\/www.europesays.com\/fr\/wp-json\/wp\/v2\/users\/2"}],"replies":[{"embeddable":true,"href":"https:\/\/www.europesays.com\/fr\/wp-json\/wp\/v2\/comments?post=173632"}],"version-history":[{"count":0,"href":"https:\/\/www.europesays.com\/fr\/wp-json\/wp\/v2\/posts\/173632\/revisions"}],"wp:featuredmedia":[{"embeddable":true,"href":"https:\/\/www.europesays.com\/fr\/wp-json\/wp\/v2\/media\/173633"}],"wp:attachment":[{"href":"https:\/\/www.europesays.com\/fr\/wp-json\/wp\/v2\/media?parent=173632"}],"wp:term":[{"taxonomy":"category","embeddable":true,"href":"https:\/\/www.europesays.com\/fr\/wp-json\/wp\/v2\/categories?post=173632"},{"taxonomy":"post_tag","embeddable":true,"href":"https:\/\/www.europesays.com\/fr\/wp-json\/wp\/v2\/tags?post=173632"}],"curies":[{"name":"wp","href":"https:\/\/api.w.org\/{rel}","templated":true}]}}