{"id":173640,"date":"2025-06-13T15:13:17","date_gmt":"2025-06-13T15:13:17","guid":{"rendered":"https:\/\/www.europesays.com\/fr\/173640\/"},"modified":"2025-06-13T15:13:17","modified_gmt":"2025-06-13T15:13:17","slug":"saint-etienne-le-discounter-normal-ouvrira-le-19-juin-dans-la-galerie-dauchan-monthieu","status":"publish","type":"post","link":"https:\/\/www.europesays.com\/fr\/173640\/","title":{"rendered":"Saint-\u00c9tienne. Le discounter Normal ouvrira le 19\u00a0juin dans la galerie d\u2019Auchan Monthieu"},"content":{"rendered":"<p>\u00ab\u00a0La fr\u00e9quentation est repartie \u00e0 la hausse et les chiffres d\u2019affaires ont continu\u00e9 \u00e0 progresser. Sur les 10 locaux vacants, <a href=\"https:\/\/www.leprogres.fr\/encadres\/2025\/05\/27\/dans-la-galerie-encore-des-cellules-vides-mais-sept-arrivees-d-ici-septembre\" target=\"_blank\" rel=\"nofollow noopener\">sept sont d\u2019ores et d\u00e9j\u00e0 re-commercialis\u00e9s<\/a> et ouvriront leurs portes d\u2019ici le mois de septembre, dont Normal d\u00e8s le mois de juin\u00a0\u00bb, nous avait confi\u00e9 mi-mai Jean-Paul Magueur, le directeur de la galerie d\u2019Auchan Monthieu.<\/p>\n<p>L\u2019enseigne danoise de discount a confirm\u00e9 ce vendredi son arriv\u00e9e \u00e0 Monthieu, tout en pr\u00e9cisant la date\u00a0: ce sera le jeudi 19\u00a0juin, \u00e0 9\u00a0h\u00a030.<\/p>\n<p>  775 magasins en Europe, dont 210 en France<\/p>\n<p>Normal s\u2019installe juste \u00e0 c\u00f4t\u00e9 de la Fnac, sur les 300 m2 de l\u2019ancien magasin de pr\u00eat-\u00e0-porter Pilou, qui \u00e9tait ferm\u00e9 depuis un an et demi.<\/p>\n<p>C\u2019est le troisi\u00e8me magasin Normal \u00e0 Saint-\u00c9tienne, apr\u00e8s celui de Centre Deux, ouvert en 2022, et celui de la rue du G\u00e9n\u00e9ral-Foy, en centre-ville, ouvert en janvier dernier.<\/p>\n<p>Cr\u00e9\u00e9e au Danemark il y a dix ans, l\u2019enseigne compte aujourd\u2019hui plus de 775 magasins en Europe, dont 210 en France.<\/p>\n","protected":false},"excerpt":{"rendered":"\u00ab\u00a0La fr\u00e9quentation est repartie \u00e0 la hausse et les chiffres d\u2019affaires ont continu\u00e9 \u00e0 progresser. Sur les 10&hellip;\n","protected":false},"author":2,"featured_media":173641,"comment_status":"","ping_status":"","sticky":false,"template":"","format":"standard","meta":{"footnotes":""},"categories":[9653],"tags":[1111,11,2430,4406,33,7539,1777,674,107,1011,27,12,25,4001,7538],"class_list":{"0":"post-173640","1":"post","2":"type-post","3":"status-publish","4":"format-standard","5":"has-post-thumbnail","7":"category-saint-etienne","8":"tag-actu","9":"tag-actualites","10":"tag-auvergne-rhone-alpes","11":"tag-commerce-et-services","12":"tag-economie","13":"tag-edition-loire-sud","14":"tag-eu","15":"tag-europe","16":"tag-fil-info","17":"tag-fr","18":"tag-france","19":"tag-news","20":"tag-republique-francaise","21":"tag-saint-etienne","22":"tag-saint-etienne-ville"},"share_on_mastodon":{"url":"https:\/\/pubeurope.com\/@fr\/114676708365505732","error":""},"_links":{"self":[{"href":"https:\/\/www.europesays.com\/fr\/wp-json\/wp\/v2\/posts\/173640","targetHints":{"allow":["GET"]}}],"collection":[{"href":"https:\/\/www.europesays.com\/fr\/wp-json\/wp\/v2\/posts"}],"about":[{"href":"https:\/\/www.europesays.com\/fr\/wp-json\/wp\/v2\/types\/post"}],"author":[{"embeddable":true,"href":"https:\/\/www.europesays.com\/fr\/wp-json\/wp\/v2\/users\/2"}],"replies":[{"embeddable":true,"href":"https:\/\/www.europesays.com\/fr\/wp-json\/wp\/v2\/comments?post=173640"}],"version-history":[{"count":0,"href":"https:\/\/www.europesays.com\/fr\/wp-json\/wp\/v2\/posts\/173640\/revisions"}],"wp:featuredmedia":[{"embeddable":true,"href":"https:\/\/www.europesays.com\/fr\/wp-json\/wp\/v2\/media\/173641"}],"wp:attachment":[{"href":"https:\/\/www.europesays.com\/fr\/wp-json\/wp\/v2\/media?parent=173640"}],"wp:term":[{"taxonomy":"category","embeddable":true,"href":"https:\/\/www.europesays.com\/fr\/wp-json\/wp\/v2\/categories?post=173640"},{"taxonomy":"post_tag","embeddable":true,"href":"https:\/\/www.europesays.com\/fr\/wp-json\/wp\/v2\/tags?post=173640"}],"curies":[{"name":"wp","href":"https:\/\/api.w.org\/{rel}","templated":true}]}}