{"id":173660,"date":"2025-06-13T15:26:09","date_gmt":"2025-06-13T15:26:09","guid":{"rendered":"https:\/\/www.europesays.com\/fr\/173660\/"},"modified":"2025-06-13T15:26:09","modified_gmt":"2025-06-13T15:26:09","slug":"plus-de-10-000-spectateurs-attendus-a-rennes-lintegralite-du-parc-expo-investi-pour-des-championnats-de-gymnastique-historiques","status":"publish","type":"post","link":"https:\/\/www.europesays.com\/fr\/173660\/","title":{"rendered":"Plus de 10 000 spectateurs attendus : \u00e0 Rennes, l\u2019int\u00e9gralit\u00e9 du parc-expo investi pour des championnats de gymnastique historiques"},"content":{"rendered":"<p>Depuis le 2 juin, pas moins de 60 semi-remorques d\u00e9barquent des tonnes de mat\u00e9riel au parc-expo de Rennes. Il n\u2019est pas question ici d\u2019accueillir un concert XXL de stars internationales comme Rihanna ou Beyonc\u00e9. Depuis une dizaine de jours, ce sont des tonnes de tapis de gymnastiques, poutres et autres agr\u00e8s qui sont d\u00e9charg\u00e9s. Car de ce vendredi 13 juin juin 2025 \u00e0 dimanche 15 juin, c\u2019est un championnat de France de gymnastiques historique et hors normes qui va s\u2019y d\u00e9rouler.<\/p>\n<p>Pour la premi\u00e8re fois, huit des neuf disciplines comp\u00e9titives de la F\u00e9d\u00e9ration fran\u00e7aise de gymnastiques (gymnastique artistique gar\u00e7on et fille, gymnastique rythmique, acrobatique, trampoline, tumbling, parkour et a\u00e9robic) seront r\u00e9unis en un m\u00eame lieu pour leurs championnats de France respectifs.<\/p>\n<p>\u00ab Les plus beaux championnats de France jamais organis\u00e9s \u00bb<\/p>\n<p>\u00ab Ce seront les plus beaux championnats de France jamais organis\u00e9s, c\u2019est exceptionnel \u00bb, s\u2019enthousiasme le Rennais Hippolyte Hergu\u00e9, double champion de France en titre de tumbling et pr\u00e9sent d\u00e8s ce mercredi pour s\u2019entra\u00eener au parc-expo. \u00ab Il ne manque que l\u2019\u00e9lite Gam-Gaf (gymnastique artistique masculine et f\u00e9minine), on ne revivra peut-\u00eatre jamais \u00e7a. Ce que le comit\u00e9 a r\u00e9alis\u00e9 ici est exceptionnel. Un tel dispositif, je n\u2019en ai connu que pour des championnats d\u2019Europe. \u00bb<\/p>\n<p>En 2014, Rennes avait d\u00e9j\u00e0 accueilli un championnat de France, mais il concernait uniquement la gymnastique artistique. Cette ann\u00e9e, l\u2019\u00e9v\u00e8nement change de braquet. \u00ab Tout est parti de la volont\u00e9 locale d\u2019un groupe de gens hyper motiv\u00e9s qui a voulu se lancer ce d\u00e9fi que personne n\u2019avait envisag\u00e9 jusque-l\u00e0. On a voulu r\u00e9unir toutes les disciplines qui ne se croisent jamais d\u2019habitude. Il a fallu qu\u2019on convainque la f\u00e9d\u00e9ration de nous faire confiance, tous les calendriers ont \u00e9t\u00e9 modifi\u00e9s pour r\u00e9pondre \u00e0 notre envie \u00bb, explique Anne-Emmanuelle Qu\u00e9au, pr\u00e9sidente du comit\u00e9 d\u2019Ille-et-Vilaine de gymnastique et du comit\u00e9 d\u2019organisation locale, baptis\u00e9 Breizh Gym.<\/p>\n<p>Huit halls complets investis<\/p>\n<p>Au total, huit halls complets du parc des expositions sont investis. Un peu plus de 4 000 gymnastes de toute la France, m\u00eame des outre-mer, et 10 000 spectateurs sont attendus, encadr\u00e9s par quelque 580 b\u00e9n\u00e9voles. \u00ab Tous les pass trois jours sont partis et il ne nous reste presque plus de places pour la journ\u00e9e du samedi \u00bb. Un village d\u2019animations est \u00e9galement en cours de montage. Au menu : baby gym, handi gym, mais aussi de l\u2019escalade sur un phare, de la voltige \u00e9questre, une discoth\u00e8que et m\u00eame un simulateur de surf. Hors normes, on vous dit !<\/p>\n","protected":false},"excerpt":{"rendered":"Depuis le 2 juin, pas moins de 60 semi-remorques d\u00e9barquent des tonnes de mat\u00e9riel au parc-expo de Rennes.&hellip;\n","protected":false},"author":2,"featured_media":173661,"comment_status":"","ping_status":"","sticky":false,"template":"","format":"standard","meta":{"footnotes":""},"categories":[2821],"tags":[1111,11,829,1777,674,1011,27,15465,848,12,584,25,60],"class_list":{"0":"post-173660","1":"post","2":"type-post","3":"status-publish","4":"format-standard","5":"has-post-thumbnail","7":"category-rennes","8":"tag-actu","9":"tag-actualites","10":"tag-bretagne","11":"tag-eu","12":"tag-europe","13":"tag-fr","14":"tag-france","15":"tag-gymnastique","16":"tag-ille-et-vilaine","17":"tag-news","18":"tag-rennes","19":"tag-republique-francaise","20":"tag-sports"},"share_on_mastodon":{"url":"https:\/\/pubeurope.com\/@fr\/114676759489493568","error":""},"_links":{"self":[{"href":"https:\/\/www.europesays.com\/fr\/wp-json\/wp\/v2\/posts\/173660","targetHints":{"allow":["GET"]}}],"collection":[{"href":"https:\/\/www.europesays.com\/fr\/wp-json\/wp\/v2\/posts"}],"about":[{"href":"https:\/\/www.europesays.com\/fr\/wp-json\/wp\/v2\/types\/post"}],"author":[{"embeddable":true,"href":"https:\/\/www.europesays.com\/fr\/wp-json\/wp\/v2\/users\/2"}],"replies":[{"embeddable":true,"href":"https:\/\/www.europesays.com\/fr\/wp-json\/wp\/v2\/comments?post=173660"}],"version-history":[{"count":0,"href":"https:\/\/www.europesays.com\/fr\/wp-json\/wp\/v2\/posts\/173660\/revisions"}],"wp:featuredmedia":[{"embeddable":true,"href":"https:\/\/www.europesays.com\/fr\/wp-json\/wp\/v2\/media\/173661"}],"wp:attachment":[{"href":"https:\/\/www.europesays.com\/fr\/wp-json\/wp\/v2\/media?parent=173660"}],"wp:term":[{"taxonomy":"category","embeddable":true,"href":"https:\/\/www.europesays.com\/fr\/wp-json\/wp\/v2\/categories?post=173660"},{"taxonomy":"post_tag","embeddable":true,"href":"https:\/\/www.europesays.com\/fr\/wp-json\/wp\/v2\/tags?post=173660"}],"curies":[{"name":"wp","href":"https:\/\/api.w.org\/{rel}","templated":true}]}}