{"id":173666,"date":"2025-06-13T15:29:10","date_gmt":"2025-06-13T15:29:10","guid":{"rendered":"https:\/\/www.europesays.com\/fr\/173666\/"},"modified":"2025-06-13T15:29:10","modified_gmt":"2025-06-13T15:29:10","slug":"la-nuit-qui-compte-debarque-a-nice-lundi-16-juin-une-soiree-pour","status":"publish","type":"post","link":"https:\/\/www.europesays.com\/fr\/173666\/","title":{"rendered":"\u2019La Nuit Qui Compte\u2019 d\u00e9barque \u00e0 Nice lundi 16 juin : une soir\u00e9e pour (\u2026)"},"content":{"rendered":"<p>                    <img loading=\"lazy\" decoding=\"async\" src=\"https:\/\/www.europesays.com\/fr\/wp-content\/uploads\/2025\/06\/bad7a4d8bee327ee37378ad5fa0d2b.png\" class=\"img-responsive post-image\" width=\"680\" height=\"510\" alt=\"'La Nuit Qui Compte' (\u2026)\" title=\"'La Nuit Qui Compte' d\u00e9barque \u00e0 Nice lundi 16 juin : une soir\u00e9e pour d\u00e9couvrir des m\u00e9tiers qui ont de l'avenir \"\/><\/p>\n<p class=\"chapo\">\u00c9tudiants ni\u00e7ois, \u00e0 vos agendas\u00a0! La Nuit Qui Compte, l\u2019\u00e9v\u00e9nement incontournable pour d\u00e9couvrir les m\u00e9tiers de l\u2019expertise-comptable et du commissariat aux comptes, fait escale le 16 juin au Ruhl Plage  \u00e0 19h.<\/p>\n<p>Organis\u00e9e par le Conseil r\u00e9gional de l\u2019Ordre des experts-comptables PACA, cette soir\u00e9e s\u2019adresse aux \u00e9tudiants en gestion, \u00e9conomie, droit, \u00e9coles de commerce, mais aussi \u00e0 ceux en reconversion qui souhaitent explorer des opportunit\u00e9s professionnelles porteuses de sens.<\/p>\n<p>Au programme de cette soir\u00e9e conviviale et inspirante <\/p>\n<p><b>\u2013<\/b>\u00a0Rencontres avec des professionnels passionn\u00e9s<br \/>\n<br \/><b>\u2013<\/b>\u00a0\u00c9changes autour de votre avenir professionnel<br \/>\n<br \/><b>\u2013<\/b>\u00a0Animations ludiques pour mieux comprendre les m\u00e9tiers<br \/>\n<br \/><b>\u2013<\/b>\u00a0Buffet gourmand<br \/>\n<br \/><b>\u2013<\/b>\u00a0Ambiance festive et musicale<\/p>\n<p>Une soir\u00e9e gratuite sur inscription<\/p>\n<p>L\u2019\u00e9v\u00e9nement est gratuit, mais l\u2019inscription est obligatoire <strong>via vos r\u00e9f\u00e9rents p\u00e9dagogiques<\/strong>. N\u2019attendez pas pour r\u00e9server votre place si cela n\u2019est pas d\u00e9j\u00e0 fait\u00a0!<\/p>\n<p>Les prochaines \u00e9ditions de \u00ab\u00a0La Nuit qui compte\u00a0\u00bb<\/p>\n<p>\u2013 25 juin au Palais du Commerce et de la Mer \u00e0 <strong>Toulon<\/strong><br class=\"autobr\"\/><br \/>\n\u2013 26 juin au Rooftop Mercedes Benz \u00e0 <strong>Avignon<\/strong><\/p>\n<p>Visuel de Une \u00a9CROEC PACA<\/p>\n","protected":false},"excerpt":{"rendered":"\u00c9tudiants ni\u00e7ois, \u00e0 vos agendas\u00a0! La Nuit Qui Compte, l\u2019\u00e9v\u00e9nement incontournable pour d\u00e9couvrir les m\u00e9tiers de l\u2019expertise-comptable et&hellip;\n","protected":false},"author":2,"featured_media":173667,"comment_status":"","ping_status":"","sticky":false,"template":"","format":"standard","meta":{"footnotes":""},"categories":[2819],"tags":[1111,11,2408,1777,674,1011,27,12,2401,882,25],"class_list":{"0":"post-173666","1":"post","2":"type-post","3":"status-publish","4":"format-standard","5":"has-post-thumbnail","7":"category-nice","8":"tag-actu","9":"tag-actualites","10":"tag-appels-d","11":"tag-eu","12":"tag-europe","13":"tag-fr","14":"tag-france","15":"tag-news","16":"tag-nice","17":"tag-provence-alpes-cote-dazur","18":"tag-republique-francaise"},"share_on_mastodon":{"url":"https:\/\/pubeurope.com\/@fr\/114676771371439867","error":""},"_links":{"self":[{"href":"https:\/\/www.europesays.com\/fr\/wp-json\/wp\/v2\/posts\/173666","targetHints":{"allow":["GET"]}}],"collection":[{"href":"https:\/\/www.europesays.com\/fr\/wp-json\/wp\/v2\/posts"}],"about":[{"href":"https:\/\/www.europesays.com\/fr\/wp-json\/wp\/v2\/types\/post"}],"author":[{"embeddable":true,"href":"https:\/\/www.europesays.com\/fr\/wp-json\/wp\/v2\/users\/2"}],"replies":[{"embeddable":true,"href":"https:\/\/www.europesays.com\/fr\/wp-json\/wp\/v2\/comments?post=173666"}],"version-history":[{"count":0,"href":"https:\/\/www.europesays.com\/fr\/wp-json\/wp\/v2\/posts\/173666\/revisions"}],"wp:featuredmedia":[{"embeddable":true,"href":"https:\/\/www.europesays.com\/fr\/wp-json\/wp\/v2\/media\/173667"}],"wp:attachment":[{"href":"https:\/\/www.europesays.com\/fr\/wp-json\/wp\/v2\/media?parent=173666"}],"wp:term":[{"taxonomy":"category","embeddable":true,"href":"https:\/\/www.europesays.com\/fr\/wp-json\/wp\/v2\/categories?post=173666"},{"taxonomy":"post_tag","embeddable":true,"href":"https:\/\/www.europesays.com\/fr\/wp-json\/wp\/v2\/tags?post=173666"}],"curies":[{"name":"wp","href":"https:\/\/api.w.org\/{rel}","templated":true}]}}